{"id":9705,"date":"2019-05-08T10:03:49","date_gmt":"2019-05-08T08:03:49","guid":{"rendered":"http:\/\/cienciagandia.webs.upv.es\/?p=9705"},"modified":"2019-05-08T10:48:59","modified_gmt":"2019-05-08T08:48:59","slug":"campus-gandia-increases-its-potential-as-an-acoustics-research-center","status":"publish","type":"post","link":"https:\/\/cienciagandia.webs.upv.es\/en\/2019\/05\/campus-gandia-increases-its-potential-as-an-acoustics-research-center\/","title":{"rendered":"Campus Gandia Increases Its Potential as an Acoustics Research Center"},"content":{"rendered":"<p>The <strong><a href=\"https:\/\/www.upv.es\/titulaciones\/MUIA\/\">Master&#8217;s Degree in Acoustic Engineering (MAE)<\/a> <\/strong>of <a href=\"http:\/\/www.upv.es\/contenidos\/CGANDIA\/index-en.html\"><strong>Campus Gandia of the Universitat Polit\u00e8cnica de Val\u00e8ncia <\/strong>(UPV)<\/a> and the <strong><a href=\"http:\/\/www.ingenieria.uach.cl\/postgrado\/magister-en-acustica-y-vibraciones.html\">Master&#8217;s Degree in Acoustics and Vibrations (MAV)<\/a><\/strong> of the <a href=\"http:\/\/www.ingenieria.uach.cl\/postgrado\/magister-en-acustica-y-vibraciones.html\"><strong>Austral University of Chile (UACh)<\/strong><\/a> have signed an International Double Degree agreement that will allow eight selected students obtain both degrees. The agreement will allow a maximum of four students from each institution to participate in the double degree or exchange program annually. The participating students will be nominated by their home university; the agreement has already entered into force.<\/p>\n<p><a href=\"http:\/\/www.upv.es\/pls\/oalu\/sic_per.info_persona?PE=Z7a6R0gGVjW9wC1zvW0EU738iAsokMPshKN2PFPlMVP0i7lVQyCjFXaFOtRc0p0zOgYvVM1ntsbIamxxk8TBWjUQdrWI8UahtJhaoJkqHtKCp%2BwyEkvrXw%3D%3D&amp;P_IDIOMA=i&amp;P_TIPOBUS=0&amp;P_VISTA=\"><strong>Jes\u00fas Alba<\/strong><\/a>, director of Campus Gandia and researcher in acoustics, points out that <strong>the scientific collaboration between both institutions, specifically with the UACh Acoustics Institute, has been ongoing for more than 10 years and has helped to establish this agreement<\/strong>: &#8220;Thanks to this we can expand on common research lines and incorporate talented students to these projects, as well as open new doctoral thesis research lines. It is therefore a formula for increasing the joint potential as acoustics research centers,&#8221; said Jes\u00fas Alba. The Director of the MAV program at the UACh, <a href=\"http:\/\/www.ingenieria.uach.cl\/institutos\/acustica\/43-institutos\/instituto-de-acustica\/academicos\/8043-arenas-bermudez-jorge.html\"><strong>Jorge Arenas<\/strong><\/a>, contends that the agreement will increase student mobility within the program and joint research on related issues. &#8220;This is a big step towards the internationalization of the degrees,&#8221; he explained.<\/p>\n<p><img loading=\"lazy\" decoding=\"async\" class=\"aligncenter size-full wp-image-9717\" src=\"https:\/\/cienciagandia.webs.upv.es\/wp-content\/uploads\/2019\/05\/jesus-alba-at-the-universidad-austral-de-chile.jpg\" alt=\"Jes\u00fas Alba at the Universidad Austral de Chile\" width=\"640\" height=\"390\" srcset=\"https:\/\/cienciagandia.webs.upv.es\/wp-content\/uploads\/2019\/05\/jesus-alba-at-the-universidad-austral-de-chile.jpg 640w, https:\/\/cienciagandia.webs.upv.es\/wp-content\/uploads\/2019\/05\/jesus-alba-at-the-universidad-austral-de-chile-410x250.jpg 410w, https:\/\/cienciagandia.webs.upv.es\/wp-content\/uploads\/2019\/05\/jesus-alba-at-the-universidad-austral-de-chile-150x91.jpg 150w\" sizes=\"auto, (max-width: 640px) 100vw, 640px\" \/><\/p>\n<p><span style=\"font-size: 16px;\">It should be noted that the <strong>MAE<\/strong> of the UPV has an <strong>outstanding record of preparing research personnel in the field of acoustics,<\/strong> as evidenced by the high number of young researchers awarded by the<a href=\"http:\/\/www.sea-acustica.es\/\"> Spanish Acoustic Society<\/a> (SEA, for its Spanish initials) for their work in successive editions. 2018 saw all previous records broken, <a href=\"https:\/\/cienciagandia.webs.upv.es\/en\/2018\/11\/campus-gandia-of-the-upv-breaks-its-own-record-picking-up-five-awards-at-the-tecniacustica-conference\/\"><strong>with five young scientists receiving SEA awards<\/strong>.<\/a><br \/>\n<\/span><\/p>\n<p><strong>The UACh Acoustics Institute is the academic leader in Acoustics and Vibrations throughout Latin America<\/strong>. To date, <strong>more than 400 professionals have graduated,<\/strong> working in Chile and in different countries in America, Europe and Oceania. The Institute has organized numerous international conventions, including the 5th Ibero-American Acoustics Convention in Santiago in 2006 and the IX Convention in 2014 in the city of Valdivia. Several students and researchers from Germany, Spain, France and the United States have done research residencies and postdoctoral fellowships. At present, the Institute participates in five active international agreements signed with the Federal University of Santa Caterina in Brazil, la Universidad Polit\u00e9cnica de Valencia, Spain, the Technical University of Berlin, Germany, and Auburn University, Alabama and Virginia Tech. in the United States, which have allowed student and faculty exchange, and the initiation of joint research projects. Since 2014, the Institute has taken part in 8 research projects, 3 funded by CONICYT, 1 project funded by ICTAS\/Virginia Tech, 1 project by the Ministry of the Environment and 3 funded by the Research Directorate of the UACh.<\/p>\n<p>More and more foreign students have applied for admission to the academic programs offered by the Institute in the last three years, attesting to the high quality of the Acoustics Institute. Among them are students from Ecuador, Colombia, Bolivia and Mexico.<\/p>\n<p><img loading=\"lazy\" decoding=\"async\" class=\"size-full wp-image-9692 aligncenter\" src=\"https:\/\/cienciagandia.webs.upv.es\/wp-content\/uploads\/2019\/05\/jesus-alba-en-la-universidad-de-chile.jpg\" alt=\"Jes\u00fas Alba en la Universidad de Chile\" width=\"640\" height=\"427\" srcset=\"https:\/\/cienciagandia.webs.upv.es\/wp-content\/uploads\/2019\/05\/jesus-alba-en-la-universidad-de-chile.jpg 640w, https:\/\/cienciagandia.webs.upv.es\/wp-content\/uploads\/2019\/05\/jesus-alba-en-la-universidad-de-chile-375x250.jpg 375w, https:\/\/cienciagandia.webs.upv.es\/wp-content\/uploads\/2019\/05\/jesus-alba-en-la-universidad-de-chile-150x100.jpg 150w\" sizes=\"auto, (max-width: 640px) 100vw, 640px\" \/><\/p>\n<p>COMPLEMENTARY CONTENTS<\/p>\n<p>The academic program of both master&#8217;s degrees have common subjects, such as <strong>Room Acoustics<\/strong> or <strong>Noise Pollution<\/strong>. But, in addition, they have complementary contents: the MAV offers courses in vibroacoustics and in specific numerical methods that are not addressed in the MAE. For its part, the MAE offers courses in underwater acoustics and electroacoustic systems, which complements the contents of the MAV. &#8220;The students who do the double degree will see their academic experience enriched. <strong>In addition, they can enter a doctoral program<\/strong>, with joint teaching staff,&#8221; explains Jes\u00fas Alba.<\/p>\n<p>FIRST DOUBLE-DEGREE AGREEMENT OF THE FCI<\/p>\n<p>For the director of the UACh Graduate School, <a href=\"http:\/\/www.ingenieria.uach.cl\/index.php\/institutos\/acustica\/43-academicos\/8049-suarez-silva-enrique\"><strong>Enrique Su\u00e1rez<\/strong><\/a>, this agreement constitutes a milestone, since it is the first double degree agreement obtained in the Postgraduate programs of the School of Engineering Sciences. &#8220;The partnership agreement with the UPV is also important for the engineering <strong>innovation project<\/strong>, <strong><a href=\"https:\/\/www.innoving.cl\/\">Innoving 2030<\/a><\/strong>, in the UACh School of Engineering Sciences, since the Spanish university is one of the three institutions of reference for this project, due to its experience in business relationships. These aspects can be incorporated into our Master&#8217;s Degree in Acoustics and Vibrations,&#8221; explained the UACh professor.<\/p>\n","protected":false},"excerpt":{"rendered":"<p>The Master&#8217;s Degree in Acoustic Engineering (MAE) of Campus Gandia of the Universitat Polit\u00e8cnica de Val\u00e8ncia (UPV) and the Master&#8217;s Degree in Acoustics and Vibrations &#8230; <a title=\"Campus Gandia Increases Its Potential as an Acoustics Research Center\" class=\"read-more\" href=\"https:\/\/cienciagandia.webs.upv.es\/en\/2019\/05\/campus-gandia-increases-its-potential-as-an-acoustics-research-center\/\" aria-label=\"Read more about Campus Gandia Increases Its Potential as an Acoustics Research Center\">Read more<\/a><\/p>\n","protected":false},"author":9,"featured_media":9726,"comment_status":"open","ping_status":"closed","sticky":false,"template":"","format":"standard","meta":{"footnotes":""},"categories":[251],"tags":[],"class_list":["post-9705","post","type-post","status-publish","format-standard","has-post-thumbnail","hentry","category-technology","resize-featured-image"],"yoast_head":"<!-- This site is optimized with the Yoast SEO plugin v27.5 - https:\/\/yoast.com\/product\/yoast-seo-wordpress\/ -->\n<title>Campus Gandia Increases Its Potential as an Acoustics Research Center - Campus de Gandia Ciencia - UPV Universitat Polit\u00e8cnica de Val\u00e8ncia<\/title>\n<meta name=\"description\" content=\"The Campus Gandia of the Universitat Polit\u00e8cnica de Val\u00e8ncia (UPV) and the Austral University of Chile (UACh) have signed an international agreement.\" \/>\n<meta name=\"robots\" content=\"index, follow, max-snippet:-1, max-image-preview:large, max-video-preview:-1\" \/>\n<link rel=\"canonical\" href=\"https:\/\/cienciagandia.webs.upv.es\/en\/2019\/05\/campus-gandia-increases-its-potential-as-an-acoustics-research-center\/\" \/>\n<meta property=\"og:locale\" content=\"en_US\" \/>\n<meta property=\"og:type\" content=\"article\" \/>\n<meta property=\"og:title\" content=\"Campus Gandia Increases Its Potential as an Acoustics Research Center - Campus de Gandia Ciencia - UPV Universitat Polit\u00e8cnica de Val\u00e8ncia\" \/>\n<meta property=\"og:description\" content=\"The Campus Gandia of the Universitat Polit\u00e8cnica de Val\u00e8ncia (UPV) and the Austral University of Chile (UACh) have signed an international agreement.\" \/>\n<meta property=\"og:url\" content=\"https:\/\/cienciagandia.webs.upv.es\/en\/2019\/05\/campus-gandia-increases-its-potential-as-an-acoustics-research-center\/\" \/>\n<meta property=\"og:site_name\" content=\"Campus de Gandia Ciencia - UPV Universitat Polit\u00e8cnica de Val\u00e8ncia\" \/>\n<meta property=\"article:publisher\" content=\"https:\/\/www.facebook.com\/UPVCampusGandia\" \/>\n<meta property=\"article:published_time\" content=\"2019-05-08T08:03:49+00:00\" \/>\n<meta property=\"article:modified_time\" content=\"2019-05-08T08:48:59+00:00\" \/>\n<meta property=\"og:image\" content=\"https:\/\/cienciagandia.webs.upv.es\/wp-content\/uploads\/2019\/05\/PORTADA-UPV-GANDIA-CIENCIA-1.jpg\" \/>\n\t<meta property=\"og:image:width\" content=\"1440\" \/>\n\t<meta property=\"og:image:height\" content=\"500\" \/>\n\t<meta property=\"og:image:type\" content=\"image\/jpeg\" \/>\n<meta name=\"author\" content=\"JP\" \/>\n<meta name=\"twitter:card\" content=\"summary_large_image\" \/>\n<meta name=\"twitter:creator\" content=\"@UPVCampusGandia\" \/>\n<meta name=\"twitter:site\" content=\"@UPVCampusGandia\" \/>\n<meta name=\"twitter:label1\" content=\"Written by\" \/>\n\t<meta name=\"twitter:data1\" content=\"JP\" \/>\n\t<meta name=\"twitter:label2\" content=\"Est. reading time\" \/>\n\t<meta name=\"twitter:data2\" content=\"3 minutes\" \/>\n<script type=\"application\/ld+json\" class=\"yoast-schema-graph\">{\"@context\":\"https:\\\/\\\/schema.org\",\"@graph\":[{\"@type\":\"Article\",\"@id\":\"https:\\\/\\\/cienciagandia.webs.upv.es\\\/en\\\/2019\\\/05\\\/campus-gandia-increases-its-potential-as-an-acoustics-research-center\\\/#article\",\"isPartOf\":{\"@id\":\"https:\\\/\\\/cienciagandia.webs.upv.es\\\/en\\\/2019\\\/05\\\/campus-gandia-increases-its-potential-as-an-acoustics-research-center\\\/\"},\"author\":{\"name\":\"JP\",\"@id\":\"https:\\\/\\\/cienciagandia.webs.upv.es\\\/#\\\/schema\\\/person\\\/e5839c7b014a8c81160e23dd3edd3f1f\"},\"headline\":\"Campus Gandia Increases Its Potential as an Acoustics Research Center\",\"datePublished\":\"2019-05-08T08:03:49+00:00\",\"dateModified\":\"2019-05-08T08:48:59+00:00\",\"mainEntityOfPage\":{\"@id\":\"https:\\\/\\\/cienciagandia.webs.upv.es\\\/en\\\/2019\\\/05\\\/campus-gandia-increases-its-potential-as-an-acoustics-research-center\\\/\"},\"wordCount\":697,\"commentCount\":0,\"publisher\":{\"@id\":\"https:\\\/\\\/cienciagandia.webs.upv.es\\\/#organization\"},\"image\":{\"@id\":\"https:\\\/\\\/cienciagandia.webs.upv.es\\\/en\\\/2019\\\/05\\\/campus-gandia-increases-its-potential-as-an-acoustics-research-center\\\/#primaryimage\"},\"thumbnailUrl\":\"https:\\\/\\\/cienciagandia.webs.upv.es\\\/wp-content\\\/uploads\\\/2019\\\/05\\\/portada-upv-gandia-ciencia-1.jpg\",\"articleSection\":[\"Technology\"],\"inLanguage\":\"en-US\",\"potentialAction\":[{\"@type\":\"CommentAction\",\"name\":\"Comment\",\"target\":[\"https:\\\/\\\/cienciagandia.webs.upv.es\\\/en\\\/2019\\\/05\\\/campus-gandia-increases-its-potential-as-an-acoustics-research-center\\\/#respond\"]}]},{\"@type\":\"WebPage\",\"@id\":\"https:\\\/\\\/cienciagandia.webs.upv.es\\\/en\\\/2019\\\/05\\\/campus-gandia-increases-its-potential-as-an-acoustics-research-center\\\/\",\"url\":\"https:\\\/\\\/cienciagandia.webs.upv.es\\\/en\\\/2019\\\/05\\\/campus-gandia-increases-its-potential-as-an-acoustics-research-center\\\/\",\"name\":\"Campus Gandia Increases Its Potential as an Acoustics Research Center - Campus de Gandia Ciencia - UPV Universitat Polit\u00e8cnica de Val\u00e8ncia\",\"isPartOf\":{\"@id\":\"https:\\\/\\\/cienciagandia.webs.upv.es\\\/#website\"},\"primaryImageOfPage\":{\"@id\":\"https:\\\/\\\/cienciagandia.webs.upv.es\\\/en\\\/2019\\\/05\\\/campus-gandia-increases-its-potential-as-an-acoustics-research-center\\\/#primaryimage\"},\"image\":{\"@id\":\"https:\\\/\\\/cienciagandia.webs.upv.es\\\/en\\\/2019\\\/05\\\/campus-gandia-increases-its-potential-as-an-acoustics-research-center\\\/#primaryimage\"},\"thumbnailUrl\":\"https:\\\/\\\/cienciagandia.webs.upv.es\\\/wp-content\\\/uploads\\\/2019\\\/05\\\/portada-upv-gandia-ciencia-1.jpg\",\"datePublished\":\"2019-05-08T08:03:49+00:00\",\"dateModified\":\"2019-05-08T08:48:59+00:00\",\"description\":\"The Campus Gandia of the Universitat Polit\u00e8cnica de Val\u00e8ncia (UPV) and the Austral University of Chile (UACh) have signed an international agreement.\",\"breadcrumb\":{\"@id\":\"https:\\\/\\\/cienciagandia.webs.upv.es\\\/en\\\/2019\\\/05\\\/campus-gandia-increases-its-potential-as-an-acoustics-research-center\\\/#breadcrumb\"},\"inLanguage\":\"en-US\",\"potentialAction\":[{\"@type\":\"ReadAction\",\"target\":[\"https:\\\/\\\/cienciagandia.webs.upv.es\\\/en\\\/2019\\\/05\\\/campus-gandia-increases-its-potential-as-an-acoustics-research-center\\\/\"]}]},{\"@type\":\"ImageObject\",\"inLanguage\":\"en-US\",\"@id\":\"https:\\\/\\\/cienciagandia.webs.upv.es\\\/en\\\/2019\\\/05\\\/campus-gandia-increases-its-potential-as-an-acoustics-research-center\\\/#primaryimage\",\"url\":\"https:\\\/\\\/cienciagandia.webs.upv.es\\\/wp-content\\\/uploads\\\/2019\\\/05\\\/portada-upv-gandia-ciencia-1.jpg\",\"contentUrl\":\"https:\\\/\\\/cienciagandia.webs.upv.es\\\/wp-content\\\/uploads\\\/2019\\\/05\\\/portada-upv-gandia-ciencia-1.jpg\",\"width\":1440,\"height\":500,\"caption\":\"Investigadores del Campus de Gandia en la Universidad Austral de Chile\"},{\"@type\":\"BreadcrumbList\",\"@id\":\"https:\\\/\\\/cienciagandia.webs.upv.es\\\/en\\\/2019\\\/05\\\/campus-gandia-increases-its-potential-as-an-acoustics-research-center\\\/#breadcrumb\",\"itemListElement\":[{\"@type\":\"ListItem\",\"position\":1,\"name\":\"Portada\",\"item\":\"https:\\\/\\\/cienciagandia.webs.upv.es\\\/en\\\/\"},{\"@type\":\"ListItem\",\"position\":2,\"name\":\"Campus Gandia Increases Its Potential as an Acoustics Research Center\"}]},{\"@type\":\"WebSite\",\"@id\":\"https:\\\/\\\/cienciagandia.webs.upv.es\\\/#website\",\"url\":\"https:\\\/\\\/cienciagandia.webs.upv.es\\\/\",\"name\":\"Blog de Ciencia del Campus de Gandia de la Universitat Polit\u00e8cnica de Val\u00e8ncia UPV\",\"description\":\"Campus de Gandia Ciencia UPV\",\"publisher\":{\"@id\":\"https:\\\/\\\/cienciagandia.webs.upv.es\\\/#organization\"},\"potentialAction\":[{\"@type\":\"SearchAction\",\"target\":{\"@type\":\"EntryPoint\",\"urlTemplate\":\"https:\\\/\\\/cienciagandia.webs.upv.es\\\/?s={search_term_string}\"},\"query-input\":{\"@type\":\"PropertyValueSpecification\",\"valueRequired\":true,\"valueName\":\"search_term_string\"}}],\"inLanguage\":\"en-US\"},{\"@type\":\"Organization\",\"@id\":\"https:\\\/\\\/cienciagandia.webs.upv.es\\\/#organization\",\"name\":\"Campus de Gandia de la Universitat Polit\u00e8cnica de Val\u00e8ncia UPV\",\"alternateName\":\"Campus de Gandia UPV\",\"url\":\"https:\\\/\\\/cienciagandia.webs.upv.es\\\/\",\"logo\":{\"@type\":\"ImageObject\",\"inLanguage\":\"en-US\",\"@id\":\"https:\\\/\\\/cienciagandia.webs.upv.es\\\/#\\\/schema\\\/logo\\\/image\\\/\",\"url\":\"https:\\\/\\\/cienciagandia.webs.upv.es\\\/wp-content\\\/uploads\\\/2023\\\/10\\\/UPV-Gandia.jpg\",\"contentUrl\":\"https:\\\/\\\/cienciagandia.webs.upv.es\\\/wp-content\\\/uploads\\\/2023\\\/10\\\/UPV-Gandia.jpg\",\"width\":770,\"height\":366,\"caption\":\"Campus de Gandia de la Universitat Polit\u00e8cnica de Val\u00e8ncia UPV\"},\"image\":{\"@id\":\"https:\\\/\\\/cienciagandia.webs.upv.es\\\/#\\\/schema\\\/logo\\\/image\\\/\"},\"sameAs\":[\"https:\\\/\\\/www.facebook.com\\\/UPVCampusGandia\",\"https:\\\/\\\/x.com\\\/UPVCampusGandia\",\"https:\\\/\\\/www.instagram.com\\\/upvcampusgandia\\\/\",\"https:\\\/\\\/www.linkedin.com\\\/company\\\/upvcampusgandia\\\/\"]},{\"@type\":\"Person\",\"@id\":\"https:\\\/\\\/cienciagandia.webs.upv.es\\\/#\\\/schema\\\/person\\\/e5839c7b014a8c81160e23dd3edd3f1f\",\"name\":\"JP\",\"image\":{\"@type\":\"ImageObject\",\"inLanguage\":\"en-US\",\"@id\":\"https:\\\/\\\/secure.gravatar.com\\\/avatar\\\/f87e7247614a01397c805dc94eb077aa2c295664f8e3d9aec750ceabd3bac8ac?s=96&d=mm&r=g\",\"url\":\"https:\\\/\\\/secure.gravatar.com\\\/avatar\\\/f87e7247614a01397c805dc94eb077aa2c295664f8e3d9aec750ceabd3bac8ac?s=96&d=mm&r=g\",\"contentUrl\":\"https:\\\/\\\/secure.gravatar.com\\\/avatar\\\/f87e7247614a01397c805dc94eb077aa2c295664f8e3d9aec750ceabd3bac8ac?s=96&d=mm&r=g\",\"caption\":\"JP\"},\"url\":\"https:\\\/\\\/cienciagandia.webs.upv.es\\\/en\\\/author\\\/jp\\\/\"}]}<\/script>\n<!-- \/ Yoast SEO plugin. -->","yoast_head_json":{"title":"Campus Gandia Increases Its Potential as an Acoustics Research Center - Campus de Gandia Ciencia - UPV Universitat Polit\u00e8cnica de Val\u00e8ncia","description":"The Campus Gandia of the Universitat Polit\u00e8cnica de Val\u00e8ncia (UPV) and the Austral University of Chile (UACh) have signed an international agreement.","robots":{"index":"index","follow":"follow","max-snippet":"max-snippet:-1","max-image-preview":"max-image-preview:large","max-video-preview":"max-video-preview:-1"},"canonical":"https:\/\/cienciagandia.webs.upv.es\/en\/2019\/05\/campus-gandia-increases-its-potential-as-an-acoustics-research-center\/","og_locale":"en_US","og_type":"article","og_title":"Campus Gandia Increases Its Potential as an Acoustics Research Center - Campus de Gandia Ciencia - UPV Universitat Polit\u00e8cnica de Val\u00e8ncia","og_description":"The Campus Gandia of the Universitat Polit\u00e8cnica de Val\u00e8ncia (UPV) and the Austral University of Chile (UACh) have signed an international agreement.","og_url":"https:\/\/cienciagandia.webs.upv.es\/en\/2019\/05\/campus-gandia-increases-its-potential-as-an-acoustics-research-center\/","og_site_name":"Campus de Gandia Ciencia - UPV Universitat Polit\u00e8cnica de Val\u00e8ncia","article_publisher":"https:\/\/www.facebook.com\/UPVCampusGandia","article_published_time":"2019-05-08T08:03:49+00:00","article_modified_time":"2019-05-08T08:48:59+00:00","og_image":[{"width":1440,"height":500,"url":"https:\/\/cienciagandia.webs.upv.es\/wp-content\/uploads\/2019\/05\/PORTADA-UPV-GANDIA-CIENCIA-1.jpg","type":"image\/jpeg"}],"author":"JP","twitter_card":"summary_large_image","twitter_creator":"@UPVCampusGandia","twitter_site":"@UPVCampusGandia","twitter_misc":{"Written by":"JP","Est. reading time":"3 minutes"},"schema":{"@context":"https:\/\/schema.org","@graph":[{"@type":"Article","@id":"https:\/\/cienciagandia.webs.upv.es\/en\/2019\/05\/campus-gandia-increases-its-potential-as-an-acoustics-research-center\/#article","isPartOf":{"@id":"https:\/\/cienciagandia.webs.upv.es\/en\/2019\/05\/campus-gandia-increases-its-potential-as-an-acoustics-research-center\/"},"author":{"name":"JP","@id":"https:\/\/cienciagandia.webs.upv.es\/#\/schema\/person\/e5839c7b014a8c81160e23dd3edd3f1f"},"headline":"Campus Gandia Increases Its Potential as an Acoustics Research Center","datePublished":"2019-05-08T08:03:49+00:00","dateModified":"2019-05-08T08:48:59+00:00","mainEntityOfPage":{"@id":"https:\/\/cienciagandia.webs.upv.es\/en\/2019\/05\/campus-gandia-increases-its-potential-as-an-acoustics-research-center\/"},"wordCount":697,"commentCount":0,"publisher":{"@id":"https:\/\/cienciagandia.webs.upv.es\/#organization"},"image":{"@id":"https:\/\/cienciagandia.webs.upv.es\/en\/2019\/05\/campus-gandia-increases-its-potential-as-an-acoustics-research-center\/#primaryimage"},"thumbnailUrl":"https:\/\/cienciagandia.webs.upv.es\/wp-content\/uploads\/2019\/05\/portada-upv-gandia-ciencia-1.jpg","articleSection":["Technology"],"inLanguage":"en-US","potentialAction":[{"@type":"CommentAction","name":"Comment","target":["https:\/\/cienciagandia.webs.upv.es\/en\/2019\/05\/campus-gandia-increases-its-potential-as-an-acoustics-research-center\/#respond"]}]},{"@type":"WebPage","@id":"https:\/\/cienciagandia.webs.upv.es\/en\/2019\/05\/campus-gandia-increases-its-potential-as-an-acoustics-research-center\/","url":"https:\/\/cienciagandia.webs.upv.es\/en\/2019\/05\/campus-gandia-increases-its-potential-as-an-acoustics-research-center\/","name":"Campus Gandia Increases Its Potential as an Acoustics Research Center - Campus de Gandia Ciencia - UPV Universitat Polit\u00e8cnica de Val\u00e8ncia","isPartOf":{"@id":"https:\/\/cienciagandia.webs.upv.es\/#website"},"primaryImageOfPage":{"@id":"https:\/\/cienciagandia.webs.upv.es\/en\/2019\/05\/campus-gandia-increases-its-potential-as-an-acoustics-research-center\/#primaryimage"},"image":{"@id":"https:\/\/cienciagandia.webs.upv.es\/en\/2019\/05\/campus-gandia-increases-its-potential-as-an-acoustics-research-center\/#primaryimage"},"thumbnailUrl":"https:\/\/cienciagandia.webs.upv.es\/wp-content\/uploads\/2019\/05\/portada-upv-gandia-ciencia-1.jpg","datePublished":"2019-05-08T08:03:49+00:00","dateModified":"2019-05-08T08:48:59+00:00","description":"The Campus Gandia of the Universitat Polit\u00e8cnica de Val\u00e8ncia (UPV) and the Austral University of Chile (UACh) have signed an international agreement.","breadcrumb":{"@id":"https:\/\/cienciagandia.webs.upv.es\/en\/2019\/05\/campus-gandia-increases-its-potential-as-an-acoustics-research-center\/#breadcrumb"},"inLanguage":"en-US","potentialAction":[{"@type":"ReadAction","target":["https:\/\/cienciagandia.webs.upv.es\/en\/2019\/05\/campus-gandia-increases-its-potential-as-an-acoustics-research-center\/"]}]},{"@type":"ImageObject","inLanguage":"en-US","@id":"https:\/\/cienciagandia.webs.upv.es\/en\/2019\/05\/campus-gandia-increases-its-potential-as-an-acoustics-research-center\/#primaryimage","url":"https:\/\/cienciagandia.webs.upv.es\/wp-content\/uploads\/2019\/05\/portada-upv-gandia-ciencia-1.jpg","contentUrl":"https:\/\/cienciagandia.webs.upv.es\/wp-content\/uploads\/2019\/05\/portada-upv-gandia-ciencia-1.jpg","width":1440,"height":500,"caption":"Investigadores del Campus de Gandia en la Universidad Austral de Chile"},{"@type":"BreadcrumbList","@id":"https:\/\/cienciagandia.webs.upv.es\/en\/2019\/05\/campus-gandia-increases-its-potential-as-an-acoustics-research-center\/#breadcrumb","itemListElement":[{"@type":"ListItem","position":1,"name":"Portada","item":"https:\/\/cienciagandia.webs.upv.es\/en\/"},{"@type":"ListItem","position":2,"name":"Campus Gandia Increases Its Potential as an Acoustics Research Center"}]},{"@type":"WebSite","@id":"https:\/\/cienciagandia.webs.upv.es\/#website","url":"https:\/\/cienciagandia.webs.upv.es\/","name":"Blog de Ciencia del Campus de Gandia de la Universitat Polit\u00e8cnica de Val\u00e8ncia UPV","description":"Campus de Gandia Ciencia UPV","publisher":{"@id":"https:\/\/cienciagandia.webs.upv.es\/#organization"},"potentialAction":[{"@type":"SearchAction","target":{"@type":"EntryPoint","urlTemplate":"https:\/\/cienciagandia.webs.upv.es\/?s={search_term_string}"},"query-input":{"@type":"PropertyValueSpecification","valueRequired":true,"valueName":"search_term_string"}}],"inLanguage":"en-US"},{"@type":"Organization","@id":"https:\/\/cienciagandia.webs.upv.es\/#organization","name":"Campus de Gandia de la Universitat Polit\u00e8cnica de Val\u00e8ncia UPV","alternateName":"Campus de Gandia UPV","url":"https:\/\/cienciagandia.webs.upv.es\/","logo":{"@type":"ImageObject","inLanguage":"en-US","@id":"https:\/\/cienciagandia.webs.upv.es\/#\/schema\/logo\/image\/","url":"https:\/\/cienciagandia.webs.upv.es\/wp-content\/uploads\/2023\/10\/UPV-Gandia.jpg","contentUrl":"https:\/\/cienciagandia.webs.upv.es\/wp-content\/uploads\/2023\/10\/UPV-Gandia.jpg","width":770,"height":366,"caption":"Campus de Gandia de la Universitat Polit\u00e8cnica de Val\u00e8ncia UPV"},"image":{"@id":"https:\/\/cienciagandia.webs.upv.es\/#\/schema\/logo\/image\/"},"sameAs":["https:\/\/www.facebook.com\/UPVCampusGandia","https:\/\/x.com\/UPVCampusGandia","https:\/\/www.instagram.com\/upvcampusgandia\/","https:\/\/www.linkedin.com\/company\/upvcampusgandia\/"]},{"@type":"Person","@id":"https:\/\/cienciagandia.webs.upv.es\/#\/schema\/person\/e5839c7b014a8c81160e23dd3edd3f1f","name":"JP","image":{"@type":"ImageObject","inLanguage":"en-US","@id":"https:\/\/secure.gravatar.com\/avatar\/f87e7247614a01397c805dc94eb077aa2c295664f8e3d9aec750ceabd3bac8ac?s=96&d=mm&r=g","url":"https:\/\/secure.gravatar.com\/avatar\/f87e7247614a01397c805dc94eb077aa2c295664f8e3d9aec750ceabd3bac8ac?s=96&d=mm&r=g","contentUrl":"https:\/\/secure.gravatar.com\/avatar\/f87e7247614a01397c805dc94eb077aa2c295664f8e3d9aec750ceabd3bac8ac?s=96&d=mm&r=g","caption":"JP"},"url":"https:\/\/cienciagandia.webs.upv.es\/en\/author\/jp\/"}]}},"_links":{"self":[{"href":"https:\/\/cienciagandia.webs.upv.es\/en\/wp-json\/wp\/v2\/posts\/9705","targetHints":{"allow":["GET"]}}],"collection":[{"href":"https:\/\/cienciagandia.webs.upv.es\/en\/wp-json\/wp\/v2\/posts"}],"about":[{"href":"https:\/\/cienciagandia.webs.upv.es\/en\/wp-json\/wp\/v2\/types\/post"}],"author":[{"embeddable":true,"href":"https:\/\/cienciagandia.webs.upv.es\/en\/wp-json\/wp\/v2\/users\/9"}],"replies":[{"embeddable":true,"href":"https:\/\/cienciagandia.webs.upv.es\/en\/wp-json\/wp\/v2\/comments?post=9705"}],"version-history":[{"count":12,"href":"https:\/\/cienciagandia.webs.upv.es\/en\/wp-json\/wp\/v2\/posts\/9705\/revisions"}],"predecessor-version":[{"id":9731,"href":"https:\/\/cienciagandia.webs.upv.es\/en\/wp-json\/wp\/v2\/posts\/9705\/revisions\/9731"}],"wp:featuredmedia":[{"embeddable":true,"href":"https:\/\/cienciagandia.webs.upv.es\/en\/wp-json\/wp\/v2\/media\/9726"}],"wp:attachment":[{"href":"https:\/\/cienciagandia.webs.upv.es\/en\/wp-json\/wp\/v2\/media?parent=9705"}],"wp:term":[{"taxonomy":"category","embeddable":true,"href":"https:\/\/cienciagandia.webs.upv.es\/en\/wp-json\/wp\/v2\/categories?post=9705"},{"taxonomy":"post_tag","embeddable":true,"href":"https:\/\/cienciagandia.webs.upv.es\/en\/wp-json\/wp\/v2\/tags?post=9705"}],"curies":[{"name":"wp","href":"https:\/\/api.w.org\/{rel}","templated":true}]}}