{"id":20012,"date":"2024-11-12T16:00:29","date_gmt":"2024-11-12T15:00:29","guid":{"rendered":"https:\/\/cienciagandia.webs.upv.es\/?p=20012"},"modified":"2024-11-13T10:23:31","modified_gmt":"2024-11-13T09:23:31","slug":"examining-humanitarian-catastrophe-through-forestry-lens","status":"publish","type":"post","link":"https:\/\/cienciagandia.webs.upv.es\/en\/2024\/11\/examining-humanitarian-catastrophe-through-forestry-lens\/","title":{"rendered":"In my country, the rain"},"content":{"rendered":"\r\n<p>Driven by sorrow, I spent the weekend reflecting on the recent humanitarian tragedy caused by the storms and flooding. Indeed, our climate, with its tendency to \u201cnot know how to rain,\u201d has historically subjected us to cycles of floods and droughts, often without respite.<\/p>\r\n\r\n\r\n\r\n<p><em><strong>What I intended to write versus what I ultimately wrote<\/strong><\/em><\/p>\r\n\r\n\r\n\r\n<p>Just a week ago, I had planned to write an article on the severe drought impacting our forest areas\u2014a crisis we cannot overlook. I felt compelled to do this because it is essential to analyze the grave condition of our forests with data in hand, from a rigorous technical and scientific perspective, and on an appropriate scale, to move beyond certain everyday discourses that, at times, unabashedly disregard science. Throughout the summer, we have addressed numerous inquiries regarding forest drought, and it now seems an opportune moment to share my perspective thoughtfully and independently, free from the urgency of immediate responses.<\/p>\r\n<p>Who could have predicted that after such prolonged drought, we would experience rainfall of this magnitude? And now, unfortunately, I find myself compelled to write about the devastating calamity caused by the floods. And the circumstances demand it. This devastating episode of rainfall has become, for now, the second deadliest natural disaster in Spain on record, surpassed only by the 1962 floods in Vall\u00e9s Occidental, although the death toll continues to rise.<\/p>\r\n<p>First and foremost, I would like to express my heartfelt condolences to the families of the victims and extend my solidarity to those who have lost everything, or nearly everything.<\/p>\r\n<p>That being said, I would like to reflect on the events as an urgent lesson learned, with the aim of drawing clear and actionable conclusions. I would like to approach this reflection at the appropriate scale, as we consider the future. o achieve this, we must critically examine the territory and the strategic development model we are currently following and continuing to pursue, as well as how we address environmental risks\u2014issues that are closely linked to forestry challenges and their associated dangers.<\/p>\r\n<p>From this perspective, I will focus on analyzing the events in the area where the damage has been greatest, namely the Huerta Sur, and I apologize in advance to the other regions (both in the Turia river basin and the Magro-J\u00facar), which I have already included in my condolences. In any event, I believe that much of what I write can be directly applied to other situations.<\/p>\r\n<p>To analyze the issue systematically, I will conduct a risk assessment to explore the reasons behind this event and why it could occur again, with the goal of helping to prevent its recurrence. In emergency situations, understanding the concept of risk is fundamental. How to manage it\u2014before, during, and after the emergency\u2014is crucial for minimizing damage. By analyzing it, we will be able to answer many of the questions we are currently facing.<\/p>\r\n<p>t is essential to understand that the <strong>risk <\/strong>of any emergency impacting the population and its assets is determined by three key factors: the <strong>danger <\/strong>(the destructive potential of the agent causing it, based on its cyclical probability of occurrence or return period), <strong>exposure <\/strong>(the number of people and assets at risk), and <strong>vulnerability <\/strong>(the degree of susceptibility to the emergency).<\/p>\r\n<p>The severity of an emergency is determined by the interaction of these three parameters.<\/p>\r\n<p><iframe loading=\"lazy\" title=\"YouTube video player\" src=\"https:\/\/www.youtube.com\/embed\/tuKvHEj4vVs?si=qGMndPITdvb8YtQL\" width=\"560\" height=\"315\" frameborder=\"0\" allowfullscreen=\"allowfullscreen\"><\/iframe><\/p>\r\n<p><em><strong>Reactions and recommendations<\/strong><\/em><\/p>\r\n<p>Thus, it appears that in this event, the alignment of danger, exposure, and vulnerability converged, leading to the devastating tragedy. Additionally, other factors have exacerbated vulnerability, such as the fact that the emergency occurred during rush hour, when people were returning home from work. However, I do not wish to dwell further on this point, as I risk focusing solely on analyzing the causes of this tragedy.<\/p>\r\n<p>While the immediate priority is to assist those affected, we must also focus on the long term and propose comprehensive measures to prevent this from happening again. We must avoid the repeated mistake of allowing urgent, short-term decisions to completely overshadow important, long-term issues that require a strategic vision. To address a problem of this magnitude, one-time actions are insufficient, as the scale of the issue is far too vast.<\/p>\r\n<p>What I am about to say applies to all flood-prone areas across the region. In emergencies, there is a fundamental principle that risk can never be completely eliminated. But the harms can be minimized. Therefore, we cannot eliminate a widespread geological event with ordinary measures (though I will discuss extraordinary measures later), as it is a force far beyond our control. However, it is possible to raise awareness of the risk and implement precautionary measures to mitigate it or, at the very least, prevent it from worsening (this is known as adaptation) before it occurs. And adhere to the established action protocols when it occurs.<\/p>\r\n<p><em><strong>In conclusion<\/strong><\/em><\/p>\r\n<p>The 1957 Valencia flood led to the highly expensive (on all fronts) \u201cfinal solution\u201d of the South Plan (Plan Sur). Now, with many more lives lost, we likely cannot afford to take such an approach again, especially since it would need to be implemented in numerous other areas across the country. However, we must accept the cost of doing everything within our power to prevent another humanitarian catastrophe.<\/p>\r\n<p>Unless we are able (which seems unlikely) to control the rain, we can expect these climatic events to persist, and likely with even greater intensity. Perhaps what has occurred is the chronicle of a disaster foretold, as all the risk factors were in place, with only the opportunity lacking.<\/p>\r\n<p>But we must take away a key lesson: the most significant difference between this calamity and previous ones is the development model we are pursuing. An unjust model that discriminates against regions, is unsustainable, and, as we now see, also reckless. We should conduct a thorough and honest review, working toward greater territorial equity, regardless of the cost.<\/p>\r\n\r\n\r\n\r\n<p class=\"has-medium-font-size\">Full article in Valenciano on the UPV Innovation website: <a href=\"https:\/\/innovacion.upv.es\/es\/al-meu-pais-la-pluja\/\" target=\"_blank\" rel=\"noopener\">innovacion.upv.es\/es\/al-meu-pais-la-pluja<\/a><\/p>\r\n\r\n\r\n<hr class=\"wp-block-separator has-alpha-channel-opacity\" \/>\r\n\r\n<div class=\"wp-block-image\">\r\n<figure class=\"alignleft\"><img loading=\"lazy\" decoding=\"async\" width=\"215\" height=\"217\" class=\"wp-image-19183\" src=\"https:\/\/cienciagandia.webs.upv.es\/wp-content\/uploads\/2024\/04\/Foto-Rafa-Delgado-215x217.jpg\" alt=\"\" \/><\/figure>\r\n<\/div>\r\n\r\n\r\n<p>&nbsp;<\/p>\r\n\r\n\r\n\r\n<blockquote class=\"wp-block-quote is-layout-flow wp-block-quote-is-layout-flow\">\r\n<p class=\"has-text-align-left\"><a href=\"https:\/\/www.upv.es\/pls\/oalu\/sic_person.Info?p_alias=radelar&amp;P_IDIOMA=i\">Rafael Delgado Art\u00e9s<\/a><\/p>\r\n\r\n\r\n\r\n<p>Professor at Campus Gandia (UPV)<\/p>\r\n<p>President of the Valencian Forestry Platform<\/p>\r\n<\/blockquote>\r\n","protected":false},"excerpt":{"rendered":"<p>Driven by sorrow, I spent the weekend reflecting on the recent humanitarian tragedy caused by the storms and flooding. Indeed, our climate, with its tendency &#8230; <a title=\"In my country, the rain\" class=\"read-more\" href=\"https:\/\/cienciagandia.webs.upv.es\/en\/2024\/11\/examining-humanitarian-catastrophe-through-forestry-lens\/\" aria-label=\"Read more about In my country, the rain\">Read more<\/a><\/p>\n","protected":false},"author":11,"featured_media":19996,"comment_status":"open","ping_status":"closed","sticky":false,"template":"","format":"standard","meta":{"footnotes":""},"categories":[245],"tags":[255],"class_list":["post-20012","post","type-post","status-publish","format-standard","has-post-thumbnail","hentry","category-environmental","tag-destacat-en-en","resize-featured-image"],"yoast_head":"<!-- This site is optimized with the Yoast SEO plugin v27.5 - https:\/\/yoast.com\/product\/yoast-seo-wordpress\/ -->\n<title>In my country, the rain - Campus de Gandia Ciencia - UPV Universitat Polit\u00e8cnica de Val\u00e8ncia<\/title>\n<meta name=\"description\" content=\"Rafael Delgado Art\u00e9s, president of the Valencian Forestry Platform, analyses the humanitarian catastrophe caused by the DANA.\" \/>\n<meta name=\"robots\" content=\"index, follow, max-snippet:-1, max-image-preview:large, max-video-preview:-1\" \/>\n<link rel=\"canonical\" href=\"https:\/\/cienciagandia.webs.upv.es\/en\/2024\/11\/examining-humanitarian-catastrophe-through-forestry-lens\/\" \/>\n<meta property=\"og:locale\" content=\"en_US\" \/>\n<meta property=\"og:type\" content=\"article\" \/>\n<meta property=\"og:title\" content=\"In my country, the rain - Campus de Gandia Ciencia - UPV Universitat Polit\u00e8cnica de Val\u00e8ncia\" \/>\n<meta property=\"og:description\" content=\"Rafael Delgado Art\u00e9s, president of the Valencian Forestry Platform, analyses the humanitarian catastrophe caused by the DANA.\" \/>\n<meta property=\"og:url\" content=\"https:\/\/cienciagandia.webs.upv.es\/en\/2024\/11\/examining-humanitarian-catastrophe-through-forestry-lens\/\" \/>\n<meta property=\"og:site_name\" content=\"Campus de Gandia Ciencia - UPV Universitat Polit\u00e8cnica de Val\u00e8ncia\" \/>\n<meta property=\"article:publisher\" content=\"https:\/\/www.facebook.com\/UPVCampusGandia\" \/>\n<meta property=\"article:published_time\" content=\"2024-11-12T15:00:29+00:00\" \/>\n<meta property=\"article:modified_time\" content=\"2024-11-13T09:23:31+00:00\" \/>\n<meta property=\"og:image\" content=\"https:\/\/cienciagandia.webs.upv.es\/wp-content\/uploads\/2024\/11\/PORTADA-BLOG-jpg.webp\" \/>\n\t<meta property=\"og:image:width\" content=\"1400\" \/>\n\t<meta property=\"og:image:height\" content=\"550\" \/>\n\t<meta property=\"og:image:type\" content=\"image\/jpeg\" \/>\n<meta name=\"author\" content=\"Adrian\" \/>\n<meta name=\"twitter:card\" content=\"summary_large_image\" \/>\n<meta name=\"twitter:creator\" content=\"@UPVCampusGandia\" \/>\n<meta name=\"twitter:site\" content=\"@UPVCampusGandia\" \/>\n<meta name=\"twitter:label1\" content=\"Written by\" \/>\n\t<meta name=\"twitter:data1\" content=\"Adrian\" \/>\n\t<meta name=\"twitter:label2\" content=\"Est. reading time\" \/>\n\t<meta name=\"twitter:data2\" content=\"6 minutes\" \/>\n<script type=\"application\/ld+json\" class=\"yoast-schema-graph\">{\"@context\":\"https:\\\/\\\/schema.org\",\"@graph\":[{\"@type\":\"Article\",\"@id\":\"https:\\\/\\\/cienciagandia.webs.upv.es\\\/en\\\/2024\\\/11\\\/examining-humanitarian-catastrophe-through-forestry-lens\\\/#article\",\"isPartOf\":{\"@id\":\"https:\\\/\\\/cienciagandia.webs.upv.es\\\/en\\\/2024\\\/11\\\/examining-humanitarian-catastrophe-through-forestry-lens\\\/\"},\"author\":{\"name\":\"Adrian\",\"@id\":\"https:\\\/\\\/cienciagandia.webs.upv.es\\\/#\\\/schema\\\/person\\\/742fd5d9f31f95e7e2c053fd6f0bccb8\"},\"headline\":\"In my country, the rain\",\"datePublished\":\"2024-11-12T15:00:29+00:00\",\"dateModified\":\"2024-11-13T09:23:31+00:00\",\"mainEntityOfPage\":{\"@id\":\"https:\\\/\\\/cienciagandia.webs.upv.es\\\/en\\\/2024\\\/11\\\/examining-humanitarian-catastrophe-through-forestry-lens\\\/\"},\"wordCount\":1015,\"commentCount\":0,\"publisher\":{\"@id\":\"https:\\\/\\\/cienciagandia.webs.upv.es\\\/#organization\"},\"image\":{\"@id\":\"https:\\\/\\\/cienciagandia.webs.upv.es\\\/en\\\/2024\\\/11\\\/examining-humanitarian-catastrophe-through-forestry-lens\\\/#primaryimage\"},\"thumbnailUrl\":\"https:\\\/\\\/cienciagandia.webs.upv.es\\\/wp-content\\\/uploads\\\/2024\\\/11\\\/PORTADA-BLOG-jpg.webp\",\"keywords\":[\"Portada\"],\"articleSection\":[\"Environmental Science\"],\"inLanguage\":\"en-US\",\"potentialAction\":[{\"@type\":\"CommentAction\",\"name\":\"Comment\",\"target\":[\"https:\\\/\\\/cienciagandia.webs.upv.es\\\/en\\\/2024\\\/11\\\/examining-humanitarian-catastrophe-through-forestry-lens\\\/#respond\"]}]},{\"@type\":\"WebPage\",\"@id\":\"https:\\\/\\\/cienciagandia.webs.upv.es\\\/en\\\/2024\\\/11\\\/examining-humanitarian-catastrophe-through-forestry-lens\\\/\",\"url\":\"https:\\\/\\\/cienciagandia.webs.upv.es\\\/en\\\/2024\\\/11\\\/examining-humanitarian-catastrophe-through-forestry-lens\\\/\",\"name\":\"In my country, the rain - Campus de Gandia Ciencia - UPV Universitat Polit\u00e8cnica de Val\u00e8ncia\",\"isPartOf\":{\"@id\":\"https:\\\/\\\/cienciagandia.webs.upv.es\\\/#website\"},\"primaryImageOfPage\":{\"@id\":\"https:\\\/\\\/cienciagandia.webs.upv.es\\\/en\\\/2024\\\/11\\\/examining-humanitarian-catastrophe-through-forestry-lens\\\/#primaryimage\"},\"image\":{\"@id\":\"https:\\\/\\\/cienciagandia.webs.upv.es\\\/en\\\/2024\\\/11\\\/examining-humanitarian-catastrophe-through-forestry-lens\\\/#primaryimage\"},\"thumbnailUrl\":\"https:\\\/\\\/cienciagandia.webs.upv.es\\\/wp-content\\\/uploads\\\/2024\\\/11\\\/PORTADA-BLOG-jpg.webp\",\"datePublished\":\"2024-11-12T15:00:29+00:00\",\"dateModified\":\"2024-11-13T09:23:31+00:00\",\"description\":\"Rafael Delgado Art\u00e9s, president of the Valencian Forestry Platform, analyses the humanitarian catastrophe caused by the DANA.\",\"breadcrumb\":{\"@id\":\"https:\\\/\\\/cienciagandia.webs.upv.es\\\/en\\\/2024\\\/11\\\/examining-humanitarian-catastrophe-through-forestry-lens\\\/#breadcrumb\"},\"inLanguage\":\"en-US\",\"potentialAction\":[{\"@type\":\"ReadAction\",\"target\":[\"https:\\\/\\\/cienciagandia.webs.upv.es\\\/en\\\/2024\\\/11\\\/examining-humanitarian-catastrophe-through-forestry-lens\\\/\"]}]},{\"@type\":\"ImageObject\",\"inLanguage\":\"en-US\",\"@id\":\"https:\\\/\\\/cienciagandia.webs.upv.es\\\/en\\\/2024\\\/11\\\/examining-humanitarian-catastrophe-through-forestry-lens\\\/#primaryimage\",\"url\":\"https:\\\/\\\/cienciagandia.webs.upv.es\\\/wp-content\\\/uploads\\\/2024\\\/11\\\/PORTADA-BLOG-jpg.webp\",\"contentUrl\":\"https:\\\/\\\/cienciagandia.webs.upv.es\\\/wp-content\\\/uploads\\\/2024\\\/11\\\/PORTADA-BLOG-jpg.webp\",\"width\":1400,\"height\":550},{\"@type\":\"BreadcrumbList\",\"@id\":\"https:\\\/\\\/cienciagandia.webs.upv.es\\\/en\\\/2024\\\/11\\\/examining-humanitarian-catastrophe-through-forestry-lens\\\/#breadcrumb\",\"itemListElement\":[{\"@type\":\"ListItem\",\"position\":1,\"name\":\"Portada\",\"item\":\"https:\\\/\\\/cienciagandia.webs.upv.es\\\/en\\\/\"},{\"@type\":\"ListItem\",\"position\":2,\"name\":\"In my country, the rain\"}]},{\"@type\":\"WebSite\",\"@id\":\"https:\\\/\\\/cienciagandia.webs.upv.es\\\/#website\",\"url\":\"https:\\\/\\\/cienciagandia.webs.upv.es\\\/\",\"name\":\"Blog de Ciencia del Campus de Gandia de la Universitat Polit\u00e8cnica de Val\u00e8ncia UPV\",\"description\":\"Campus de Gandia Ciencia UPV\",\"publisher\":{\"@id\":\"https:\\\/\\\/cienciagandia.webs.upv.es\\\/#organization\"},\"potentialAction\":[{\"@type\":\"SearchAction\",\"target\":{\"@type\":\"EntryPoint\",\"urlTemplate\":\"https:\\\/\\\/cienciagandia.webs.upv.es\\\/?s={search_term_string}\"},\"query-input\":{\"@type\":\"PropertyValueSpecification\",\"valueRequired\":true,\"valueName\":\"search_term_string\"}}],\"inLanguage\":\"en-US\"},{\"@type\":\"Organization\",\"@id\":\"https:\\\/\\\/cienciagandia.webs.upv.es\\\/#organization\",\"name\":\"Campus de Gandia de la Universitat Polit\u00e8cnica de Val\u00e8ncia UPV\",\"alternateName\":\"Campus de Gandia UPV\",\"url\":\"https:\\\/\\\/cienciagandia.webs.upv.es\\\/\",\"logo\":{\"@type\":\"ImageObject\",\"inLanguage\":\"en-US\",\"@id\":\"https:\\\/\\\/cienciagandia.webs.upv.es\\\/#\\\/schema\\\/logo\\\/image\\\/\",\"url\":\"https:\\\/\\\/cienciagandia.webs.upv.es\\\/wp-content\\\/uploads\\\/2023\\\/10\\\/UPV-Gandia.jpg\",\"contentUrl\":\"https:\\\/\\\/cienciagandia.webs.upv.es\\\/wp-content\\\/uploads\\\/2023\\\/10\\\/UPV-Gandia.jpg\",\"width\":770,\"height\":366,\"caption\":\"Campus de Gandia de la Universitat Polit\u00e8cnica de Val\u00e8ncia UPV\"},\"image\":{\"@id\":\"https:\\\/\\\/cienciagandia.webs.upv.es\\\/#\\\/schema\\\/logo\\\/image\\\/\"},\"sameAs\":[\"https:\\\/\\\/www.facebook.com\\\/UPVCampusGandia\",\"https:\\\/\\\/x.com\\\/UPVCampusGandia\",\"https:\\\/\\\/www.instagram.com\\\/upvcampusgandia\\\/\",\"https:\\\/\\\/www.linkedin.com\\\/company\\\/upvcampusgandia\\\/\"]},{\"@type\":\"Person\",\"@id\":\"https:\\\/\\\/cienciagandia.webs.upv.es\\\/#\\\/schema\\\/person\\\/742fd5d9f31f95e7e2c053fd6f0bccb8\",\"name\":\"Adrian\",\"image\":{\"@type\":\"ImageObject\",\"inLanguage\":\"en-US\",\"@id\":\"https:\\\/\\\/secure.gravatar.com\\\/avatar\\\/38af482e48f5831dffeb8ca3b644d3d549e8f6d33a51c54f46e10fae2d11b208?s=96&d=mm&r=g\",\"url\":\"https:\\\/\\\/secure.gravatar.com\\\/avatar\\\/38af482e48f5831dffeb8ca3b644d3d549e8f6d33a51c54f46e10fae2d11b208?s=96&d=mm&r=g\",\"contentUrl\":\"https:\\\/\\\/secure.gravatar.com\\\/avatar\\\/38af482e48f5831dffeb8ca3b644d3d549e8f6d33a51c54f46e10fae2d11b208?s=96&d=mm&r=g\",\"caption\":\"Adrian\"},\"url\":\"https:\\\/\\\/cienciagandia.webs.upv.es\\\/en\\\/author\\\/adrian\\\/\"}]}<\/script>\n<!-- \/ Yoast SEO plugin. -->","yoast_head_json":{"title":"In my country, the rain - Campus de Gandia Ciencia - UPV Universitat Polit\u00e8cnica de Val\u00e8ncia","description":"Rafael Delgado Art\u00e9s, president of the Valencian Forestry Platform, analyses the humanitarian catastrophe caused by the DANA.","robots":{"index":"index","follow":"follow","max-snippet":"max-snippet:-1","max-image-preview":"max-image-preview:large","max-video-preview":"max-video-preview:-1"},"canonical":"https:\/\/cienciagandia.webs.upv.es\/en\/2024\/11\/examining-humanitarian-catastrophe-through-forestry-lens\/","og_locale":"en_US","og_type":"article","og_title":"In my country, the rain - Campus de Gandia Ciencia - UPV Universitat Polit\u00e8cnica de Val\u00e8ncia","og_description":"Rafael Delgado Art\u00e9s, president of the Valencian Forestry Platform, analyses the humanitarian catastrophe caused by the DANA.","og_url":"https:\/\/cienciagandia.webs.upv.es\/en\/2024\/11\/examining-humanitarian-catastrophe-through-forestry-lens\/","og_site_name":"Campus de Gandia Ciencia - UPV Universitat Polit\u00e8cnica de Val\u00e8ncia","article_publisher":"https:\/\/www.facebook.com\/UPVCampusGandia","article_published_time":"2024-11-12T15:00:29+00:00","article_modified_time":"2024-11-13T09:23:31+00:00","og_image":[{"width":1400,"height":550,"url":"https:\/\/cienciagandia.webs.upv.es\/wp-content\/uploads\/2024\/11\/PORTADA-BLOG-jpg.webp","type":"image\/jpeg"}],"author":"Adrian","twitter_card":"summary_large_image","twitter_creator":"@UPVCampusGandia","twitter_site":"@UPVCampusGandia","twitter_misc":{"Written by":"Adrian","Est. reading time":"6 minutes"},"schema":{"@context":"https:\/\/schema.org","@graph":[{"@type":"Article","@id":"https:\/\/cienciagandia.webs.upv.es\/en\/2024\/11\/examining-humanitarian-catastrophe-through-forestry-lens\/#article","isPartOf":{"@id":"https:\/\/cienciagandia.webs.upv.es\/en\/2024\/11\/examining-humanitarian-catastrophe-through-forestry-lens\/"},"author":{"name":"Adrian","@id":"https:\/\/cienciagandia.webs.upv.es\/#\/schema\/person\/742fd5d9f31f95e7e2c053fd6f0bccb8"},"headline":"In my country, the rain","datePublished":"2024-11-12T15:00:29+00:00","dateModified":"2024-11-13T09:23:31+00:00","mainEntityOfPage":{"@id":"https:\/\/cienciagandia.webs.upv.es\/en\/2024\/11\/examining-humanitarian-catastrophe-through-forestry-lens\/"},"wordCount":1015,"commentCount":0,"publisher":{"@id":"https:\/\/cienciagandia.webs.upv.es\/#organization"},"image":{"@id":"https:\/\/cienciagandia.webs.upv.es\/en\/2024\/11\/examining-humanitarian-catastrophe-through-forestry-lens\/#primaryimage"},"thumbnailUrl":"https:\/\/cienciagandia.webs.upv.es\/wp-content\/uploads\/2024\/11\/PORTADA-BLOG-jpg.webp","keywords":["Portada"],"articleSection":["Environmental Science"],"inLanguage":"en-US","potentialAction":[{"@type":"CommentAction","name":"Comment","target":["https:\/\/cienciagandia.webs.upv.es\/en\/2024\/11\/examining-humanitarian-catastrophe-through-forestry-lens\/#respond"]}]},{"@type":"WebPage","@id":"https:\/\/cienciagandia.webs.upv.es\/en\/2024\/11\/examining-humanitarian-catastrophe-through-forestry-lens\/","url":"https:\/\/cienciagandia.webs.upv.es\/en\/2024\/11\/examining-humanitarian-catastrophe-through-forestry-lens\/","name":"In my country, the rain - Campus de Gandia Ciencia - UPV Universitat Polit\u00e8cnica de Val\u00e8ncia","isPartOf":{"@id":"https:\/\/cienciagandia.webs.upv.es\/#website"},"primaryImageOfPage":{"@id":"https:\/\/cienciagandia.webs.upv.es\/en\/2024\/11\/examining-humanitarian-catastrophe-through-forestry-lens\/#primaryimage"},"image":{"@id":"https:\/\/cienciagandia.webs.upv.es\/en\/2024\/11\/examining-humanitarian-catastrophe-through-forestry-lens\/#primaryimage"},"thumbnailUrl":"https:\/\/cienciagandia.webs.upv.es\/wp-content\/uploads\/2024\/11\/PORTADA-BLOG-jpg.webp","datePublished":"2024-11-12T15:00:29+00:00","dateModified":"2024-11-13T09:23:31+00:00","description":"Rafael Delgado Art\u00e9s, president of the Valencian Forestry Platform, analyses the humanitarian catastrophe caused by the DANA.","breadcrumb":{"@id":"https:\/\/cienciagandia.webs.upv.es\/en\/2024\/11\/examining-humanitarian-catastrophe-through-forestry-lens\/#breadcrumb"},"inLanguage":"en-US","potentialAction":[{"@type":"ReadAction","target":["https:\/\/cienciagandia.webs.upv.es\/en\/2024\/11\/examining-humanitarian-catastrophe-through-forestry-lens\/"]}]},{"@type":"ImageObject","inLanguage":"en-US","@id":"https:\/\/cienciagandia.webs.upv.es\/en\/2024\/11\/examining-humanitarian-catastrophe-through-forestry-lens\/#primaryimage","url":"https:\/\/cienciagandia.webs.upv.es\/wp-content\/uploads\/2024\/11\/PORTADA-BLOG-jpg.webp","contentUrl":"https:\/\/cienciagandia.webs.upv.es\/wp-content\/uploads\/2024\/11\/PORTADA-BLOG-jpg.webp","width":1400,"height":550},{"@type":"BreadcrumbList","@id":"https:\/\/cienciagandia.webs.upv.es\/en\/2024\/11\/examining-humanitarian-catastrophe-through-forestry-lens\/#breadcrumb","itemListElement":[{"@type":"ListItem","position":1,"name":"Portada","item":"https:\/\/cienciagandia.webs.upv.es\/en\/"},{"@type":"ListItem","position":2,"name":"In my country, the rain"}]},{"@type":"WebSite","@id":"https:\/\/cienciagandia.webs.upv.es\/#website","url":"https:\/\/cienciagandia.webs.upv.es\/","name":"Blog de Ciencia del Campus de Gandia de la Universitat Polit\u00e8cnica de Val\u00e8ncia UPV","description":"Campus de Gandia Ciencia UPV","publisher":{"@id":"https:\/\/cienciagandia.webs.upv.es\/#organization"},"potentialAction":[{"@type":"SearchAction","target":{"@type":"EntryPoint","urlTemplate":"https:\/\/cienciagandia.webs.upv.es\/?s={search_term_string}"},"query-input":{"@type":"PropertyValueSpecification","valueRequired":true,"valueName":"search_term_string"}}],"inLanguage":"en-US"},{"@type":"Organization","@id":"https:\/\/cienciagandia.webs.upv.es\/#organization","name":"Campus de Gandia de la Universitat Polit\u00e8cnica de Val\u00e8ncia UPV","alternateName":"Campus de Gandia UPV","url":"https:\/\/cienciagandia.webs.upv.es\/","logo":{"@type":"ImageObject","inLanguage":"en-US","@id":"https:\/\/cienciagandia.webs.upv.es\/#\/schema\/logo\/image\/","url":"https:\/\/cienciagandia.webs.upv.es\/wp-content\/uploads\/2023\/10\/UPV-Gandia.jpg","contentUrl":"https:\/\/cienciagandia.webs.upv.es\/wp-content\/uploads\/2023\/10\/UPV-Gandia.jpg","width":770,"height":366,"caption":"Campus de Gandia de la Universitat Polit\u00e8cnica de Val\u00e8ncia UPV"},"image":{"@id":"https:\/\/cienciagandia.webs.upv.es\/#\/schema\/logo\/image\/"},"sameAs":["https:\/\/www.facebook.com\/UPVCampusGandia","https:\/\/x.com\/UPVCampusGandia","https:\/\/www.instagram.com\/upvcampusgandia\/","https:\/\/www.linkedin.com\/company\/upvcampusgandia\/"]},{"@type":"Person","@id":"https:\/\/cienciagandia.webs.upv.es\/#\/schema\/person\/742fd5d9f31f95e7e2c053fd6f0bccb8","name":"Adrian","image":{"@type":"ImageObject","inLanguage":"en-US","@id":"https:\/\/secure.gravatar.com\/avatar\/38af482e48f5831dffeb8ca3b644d3d549e8f6d33a51c54f46e10fae2d11b208?s=96&d=mm&r=g","url":"https:\/\/secure.gravatar.com\/avatar\/38af482e48f5831dffeb8ca3b644d3d549e8f6d33a51c54f46e10fae2d11b208?s=96&d=mm&r=g","contentUrl":"https:\/\/secure.gravatar.com\/avatar\/38af482e48f5831dffeb8ca3b644d3d549e8f6d33a51c54f46e10fae2d11b208?s=96&d=mm&r=g","caption":"Adrian"},"url":"https:\/\/cienciagandia.webs.upv.es\/en\/author\/adrian\/"}]}},"_links":{"self":[{"href":"https:\/\/cienciagandia.webs.upv.es\/en\/wp-json\/wp\/v2\/posts\/20012","targetHints":{"allow":["GET"]}}],"collection":[{"href":"https:\/\/cienciagandia.webs.upv.es\/en\/wp-json\/wp\/v2\/posts"}],"about":[{"href":"https:\/\/cienciagandia.webs.upv.es\/en\/wp-json\/wp\/v2\/types\/post"}],"author":[{"embeddable":true,"href":"https:\/\/cienciagandia.webs.upv.es\/en\/wp-json\/wp\/v2\/users\/11"}],"replies":[{"embeddable":true,"href":"https:\/\/cienciagandia.webs.upv.es\/en\/wp-json\/wp\/v2\/comments?post=20012"}],"version-history":[{"count":6,"href":"https:\/\/cienciagandia.webs.upv.es\/en\/wp-json\/wp\/v2\/posts\/20012\/revisions"}],"predecessor-version":[{"id":20024,"href":"https:\/\/cienciagandia.webs.upv.es\/en\/wp-json\/wp\/v2\/posts\/20012\/revisions\/20024"}],"wp:featuredmedia":[{"embeddable":true,"href":"https:\/\/cienciagandia.webs.upv.es\/en\/wp-json\/wp\/v2\/media\/19996"}],"wp:attachment":[{"href":"https:\/\/cienciagandia.webs.upv.es\/en\/wp-json\/wp\/v2\/media?parent=20012"}],"wp:term":[{"taxonomy":"category","embeddable":true,"href":"https:\/\/cienciagandia.webs.upv.es\/en\/wp-json\/wp\/v2\/categories?post=20012"},{"taxonomy":"post_tag","embeddable":true,"href":"https:\/\/cienciagandia.webs.upv.es\/en\/wp-json\/wp\/v2\/tags?post=20012"}],"curies":[{"name":"wp","href":"https:\/\/api.w.org\/{rel}","templated":true}]}}