{"id":5027,"date":"2016-10-17T20:13:17","date_gmt":"2016-10-17T18:13:17","guid":{"rendered":"http:\/\/cienciagandia.webs.upv.es\/ca\/?p=5027"},"modified":"2016-10-19T14:52:13","modified_gmt":"2016-10-19T12:52:13","slug":"biologia-i-turisme-programa-2-i-3-ciencia-propera","status":"publish","type":"post","link":"https:\/\/cienciagandia.webs.upv.es\/ca\/2016\/10\/biologia-i-turisme-programa-2-i-3-ciencia-propera\/","title":{"rendered":"Biologia i turisme en el programa 2 i 3 de Ci\u00e8ncia propera"},"content":{"rendered":"<p align=\"JUSTIFY\">En el segon episodi de Ci\u00e8ncia propera <a href=\"http:\/\/www.upv.es\/ficha-personal\/mpdonat\" target=\"_blank\">Pilar Donat<\/a>, professora i bi\u00f2loga de la <a href=\"http:\/\/wwww.upv.es\">Universitat Polit\u00e8cnica de Val\u00e8ncia<\/a>, reflexiona sobre la import\u00e0ncia d&#8217;invertir en investigaci\u00f3 i de comptar amb equips heterogenis per desenvolupar-la. Equips que incloguen gent amb experi\u00e8ncia (<span lang=\"es-ES\"><i>senior<\/i><\/span> per dirigir) d&#8217;edat mitjana i joves que aporten altes dosis de creativitat, fonamental en qualsevol tasca de recerca. Coneixem tamb\u00e9 quins s\u00f3n els estudis sobre l&#8217;ADN que estan fent-se al Campus de Gandia en flora i fauna. Per exemple: s&#8217;est\u00e0 analitzant com s&#8217;adapten algunes plantes a ambients d&#8217;alta salinitat per tal d&#8217;intentar traslladar aquesta\u00a0evoluci\u00f3 a altres esp\u00e8cies que viuen en ambients hostils. O veurem per qu\u00e8 estan desapareixent esp\u00e8cies aut\u00f2ctones claus del nostre entorn.<\/p>\n<p align=\"JUSTIFY\">El reportatge del programa s&#8217;ocupar\u00e0 dels cabdals ecol\u00f2gics i la import\u00e0ncia de mantindre&#8217;ls. El riu Serpis no arriba al tres per cent establert per les administracions p\u00fabliques. Un llindar no sols insuficient sin\u00f3 que, a m\u00e9s a m\u00e9s, no s&#8217;acompleix, segons el professor del Campus de Gandia, <a href=\"http:\/\/www.upv.es\/ficha-personal\/fmcapel\">Francisco\u00a0Mart\u00ednez Capel<\/a>. Capel ens planteja la seg\u00fcent pregunta: podr\u00edem sobreviure amb un tres per cent del menjar que consumien fa 10 anys? Descobrim les conseq\u00fc\u00e8ncies i les possibles solucions per a pal\u00b7liar aquesta situaci\u00f3. Capel tamb\u00e9 ens recorda que els aq\u00fc\u00edfers d&#8217;aigua potable contenen restes de pesticides. Per tant, es fonamental controlar l&#8217;\u00fas indiscriminat que se&#8217;n fa en diferents \u00e0mbits.<\/p>\n<p align=\"JUSTIFY\">Al tercer programa, Ci\u00e8ncia propera s&#8217;endinsa en el m\u00f3n del turisme. D&#8217;una banda, entrevistem a <a href=\"http:\/\/www.upv.es\/pls\/oalu\/sic_person.info?PE=78mSD%2FYIsTi8YTJkJSJy%2B0UO9EaAKfS5MSWbwZiXEHxF5qfM5p60C3aFOtRc0p0zMwXNhByCeepoD0wvUzsh3%2BRneCTtPNxrzzYxvyyBpTxIKqFhysZgGQ%3D%3D&amp;P_IDIOMA=v&amp;P_VISTA=normal\" target=\"_blank\">Paloma Herrera<\/a> i <a href=\"http:\/\/www.upv.es\/ficha-personal\/luimipas\" target=\"_blank\">Llu\u00eds Miret<\/a>, docents de la UPV, per apropar-nos al seu estudi sociol\u00f2gic sobre pesca turisme. Embarcar els visitants en una dia de feina normal dels pescadors per a que coneguen de prop aquest\u00a0ofici, tant desconegut per a la majoria, \u00e9s un dels objectius d&#8217;aquesta modalitat de turisme. La intenci\u00f3, d&#8217;una banda, \u00e9s aportar noves idees i diversificar el sector per ajudar-lo a sobreviure (escoltarem exemples) i, per l&#8217;altra, ajudar a la sostenibilitat d&#8217;un art que res t\u00e9 a veure amb la pesca industrial i qu\u00e8, entres altres coses, afecta directament a la nostra alimentaci\u00f3.<\/p>\n<p align=\"JUSTIFY\">En el reportatge parlem sobre el <a href=\"http:\/\/www.upv.es\/contenidos\/CGANDIA\/noticiaf_975267v.html\" target=\"_blank\">turisme <i>experiencial <\/i><\/a>i com aquesta modalitat ajuda a incrementar el valor d&#8217;una destinaci\u00f3. La professora <a href=\"http:\/\/www.upv.es\/ficha-personal\/mvinals\" target=\"_blank\">Maria Jos\u00e9 Vi\u00f1als<\/a>, de la UPV, ens explica per qu\u00e8 despertar les sensacions a trav\u00e9s dels sentits \u00e9s fonamental per generar un record perenne en el turista. El disseny adequat de productes que no trenquen les expectatives generades pel visitant i t\u00e8cnics capacitats per a implementar-los s\u00f3n les ferramentes necess\u00e0ries per crear un turisme d&#8217;experi\u00e8ncies.<\/p>\n<p align=\"JUSTIFY\">Ci\u00e8ncia propera es pot escoltar a <a href=\"http:\/\/www.radiogandia.net\/\" target=\"_blank\">Radio Gandia<\/a>, cadena SER, els dilluns dins del programa Hoy por Hoy (aproximadament a les 12:30) i en <a href=\"http:\/\/www.upv.es\/rtv\/radio\/ciencia-propera\/57453\">la r\u00e0dio de la UPV<\/a> els dilluns a les 16:00.<\/p>\n<p align=\"JUSTIFY\">\u00c9s un programa finan\u00e7at per la <a href=\"http:\/\/www.fecyt.es\/\" target=\"_blank\">Fundaci\u00f3n Espa\u00f1ola para la Ciencia y la Tecnolog\u00eda (FECYT)<\/a> del Ministerio de Econom\u00eda y Competitividad i patrocinat per la <a href=\"http:\/\/gandiainnova.webs.upv.es\/\">C\u00e0tedra d&#8217;Innovaci\u00f3 del Campus de Gandia UPV<\/a>.<\/p>\n<p align=\"JUSTIFY\">Ac\u00ed els deixem tots els programes fins ara, esperem que els agraden.<\/p>\n<p><a href=\"http:\/\/www.ivoox.com\/podcast-ciencia-propera_sq_f1312173_1.html\"><span style=\"font-family: 'Georgia',serif;\">Ci\u00e8ncia propera en Ivoox<\/span><\/a><\/p>\n<p align=\"JUSTIFY\"><img loading=\"lazy\" decoding=\"async\" class=\"alignnone size-medium wp-image-5031\" src=\"https:\/\/cienciagandia.webs.upv.es\/wp-content\/uploads\/2016\/10\/rp_tur-expeririencial-600x150-600x150.jpg\" alt=\"rp_tur-expeririencial-600x150.jpg\" width=\"600\" height=\"150\" srcset=\"https:\/\/cienciagandia.webs.upv.es\/wp-content\/uploads\/2016\/10\/rp_tur-expeririencial-600x150.jpg 600w, https:\/\/cienciagandia.webs.upv.es\/wp-content\/uploads\/2016\/10\/rp_tur-expeririencial-600x150-150x38.jpg 150w\" sizes=\"auto, (max-width: 600px) 100vw, 600px\" \/><\/p>\n","protected":false},"excerpt":{"rendered":"<p>En el segon episodi de Ci\u00e8ncia propera Pilar Donat, professora i bi\u00f2loga de la Universitat Polit\u00e8cnica de Val\u00e8ncia, reflexiona sobre la import\u00e0ncia d&#8217;invertir en investigaci\u00f3 &#8230; <a title=\"Biologia i turisme en el programa 2 i 3 de Ci\u00e8ncia propera\" class=\"read-more\" href=\"https:\/\/cienciagandia.webs.upv.es\/ca\/2016\/10\/biologia-i-turisme-programa-2-i-3-ciencia-propera\/\" aria-label=\"Read more about Biologia i turisme en el programa 2 i 3 de Ci\u00e8ncia propera\">Llegir m\u00e9s<\/a><\/p>\n","protected":false},"author":9,"featured_media":5060,"comment_status":"open","ping_status":"closed","sticky":false,"template":"","format":"standard","meta":{"footnotes":""},"categories":[248,250],"tags":[1077,1061,395,1074,1073,1072,466,95,468,1075,427,1076],"class_list":["post-5027","post","type-post","status-publish","format-standard","has-post-thumbnail","hentry","category-divulgacio","category-comunicacio","tag-cabdal-ecologic","tag-ciencia-propera","tag-comunicacion-ca","tag-divulgacio-cientifica","tag-itunes","tag-ivoox","tag-peixca","tag-pesca","tag-radio-ca","tag-riu-serpis","tag-turismo-ca","tag-turisme-experiencial","resize-featured-image"],"yoast_head":"<!-- This site is optimized with the Yoast SEO plugin v27.5 - https:\/\/yoast.com\/product\/yoast-seo-wordpress\/ -->\n<title>Biologia i turisme en el programa 2 i 3 de Ci\u00e8ncia propera - Campus de Gandia Ciencia - UPV Universitat Polit\u00e8cnica de Val\u00e8ncia<\/title>\n<meta name=\"robots\" content=\"index, follow, max-snippet:-1, max-image-preview:large, max-video-preview:-1\" \/>\n<link rel=\"canonical\" href=\"https:\/\/cienciagandia.webs.upv.es\/ca\/2016\/10\/biologia-i-turisme-programa-2-i-3-ciencia-propera\/\" \/>\n<meta property=\"og:locale\" content=\"en_US\" \/>\n<meta property=\"og:type\" content=\"article\" \/>\n<meta property=\"og:title\" content=\"Biologia i turisme en el programa 2 i 3 de Ci\u00e8ncia propera - Campus de Gandia Ciencia - UPV Universitat Polit\u00e8cnica de Val\u00e8ncia\" \/>\n<meta property=\"og:description\" content=\"En el segon episodi de Ci\u00e8ncia propera Pilar Donat, professora i bi\u00f2loga de la Universitat Polit\u00e8cnica de Val\u00e8ncia, reflexiona sobre la import\u00e0ncia d&#8217;invertir en investigaci\u00f3 ... Llegir m\u00e9s\" \/>\n<meta property=\"og:url\" content=\"https:\/\/cienciagandia.webs.upv.es\/ca\/2016\/10\/biologia-i-turisme-programa-2-i-3-ciencia-propera\/\" \/>\n<meta property=\"og:site_name\" content=\"Campus de Gandia Ciencia - UPV Universitat Polit\u00e8cnica de Val\u00e8ncia\" \/>\n<meta property=\"article:publisher\" content=\"https:\/\/www.facebook.com\/UPVCampusGandia\" \/>\n<meta property=\"article:published_time\" content=\"2016-10-17T18:13:17+00:00\" \/>\n<meta property=\"article:modified_time\" content=\"2016-10-19T12:52:13+00:00\" \/>\n<meta property=\"og:image\" content=\"https:\/\/cienciagandia.webs.upv.es\/wp-content\/uploads\/2016\/10\/serpis.jpg\" \/>\n\t<meta property=\"og:image:width\" content=\"1500\" \/>\n\t<meta property=\"og:image:height\" content=\"844\" \/>\n\t<meta property=\"og:image:type\" content=\"image\/jpeg\" \/>\n<meta name=\"author\" content=\"JP\" \/>\n<meta name=\"twitter:card\" content=\"summary_large_image\" \/>\n<meta name=\"twitter:creator\" content=\"@UPVCampusGandia\" \/>\n<meta name=\"twitter:site\" content=\"@UPVCampusGandia\" \/>\n<meta name=\"twitter:label1\" content=\"Written by\" \/>\n\t<meta name=\"twitter:data1\" content=\"JP\" \/>\n\t<meta name=\"twitter:label2\" content=\"Est. reading time\" \/>\n\t<meta name=\"twitter:data2\" content=\"3 minutes\" \/>\n<script type=\"application\/ld+json\" class=\"yoast-schema-graph\">{\"@context\":\"https:\\\/\\\/schema.org\",\"@graph\":[{\"@type\":\"Article\",\"@id\":\"https:\\\/\\\/cienciagandia.webs.upv.es\\\/ca\\\/2016\\\/10\\\/biologia-i-turisme-programa-2-i-3-ciencia-propera\\\/#article\",\"isPartOf\":{\"@id\":\"https:\\\/\\\/cienciagandia.webs.upv.es\\\/ca\\\/2016\\\/10\\\/biologia-i-turisme-programa-2-i-3-ciencia-propera\\\/\"},\"author\":{\"name\":\"JP\",\"@id\":\"https:\\\/\\\/cienciagandia.webs.upv.es\\\/#\\\/schema\\\/person\\\/e5839c7b014a8c81160e23dd3edd3f1f\"},\"headline\":\"Biologia i turisme en el programa 2 i 3 de Ci\u00e8ncia propera\",\"datePublished\":\"2016-10-17T18:13:17+00:00\",\"dateModified\":\"2016-10-19T12:52:13+00:00\",\"mainEntityOfPage\":{\"@id\":\"https:\\\/\\\/cienciagandia.webs.upv.es\\\/ca\\\/2016\\\/10\\\/biologia-i-turisme-programa-2-i-3-ciencia-propera\\\/\"},\"wordCount\":564,\"commentCount\":0,\"publisher\":{\"@id\":\"https:\\\/\\\/cienciagandia.webs.upv.es\\\/#organization\"},\"image\":{\"@id\":\"https:\\\/\\\/cienciagandia.webs.upv.es\\\/ca\\\/2016\\\/10\\\/biologia-i-turisme-programa-2-i-3-ciencia-propera\\\/#primaryimage\"},\"thumbnailUrl\":\"https:\\\/\\\/cienciagandia.webs.upv.es\\\/wp-content\\\/uploads\\\/2016\\\/10\\\/serpis.jpg\",\"keywords\":[\"cabdal ecol\u00f2gic\",\"Ci\u00e8ncia propera\",\"comunicaci\u00f3\",\"divulgaci\u00f3 cient\u00edfica\",\"itunes\",\"ivoox\",\"peixca\",\"pesca\",\"r\u00e0dio\",\"riu Serpis\",\"turisme\",\"turisme experiencial\"],\"articleSection\":[\"Ci\u00e8ncia i societat\",\"Comunicaci\u00f3 Audiovisual\"],\"inLanguage\":\"ca-CA\",\"potentialAction\":[{\"@type\":\"CommentAction\",\"name\":\"Comment\",\"target\":[\"https:\\\/\\\/cienciagandia.webs.upv.es\\\/ca\\\/2016\\\/10\\\/biologia-i-turisme-programa-2-i-3-ciencia-propera\\\/#respond\"]}]},{\"@type\":\"WebPage\",\"@id\":\"https:\\\/\\\/cienciagandia.webs.upv.es\\\/ca\\\/2016\\\/10\\\/biologia-i-turisme-programa-2-i-3-ciencia-propera\\\/\",\"url\":\"https:\\\/\\\/cienciagandia.webs.upv.es\\\/ca\\\/2016\\\/10\\\/biologia-i-turisme-programa-2-i-3-ciencia-propera\\\/\",\"name\":\"Biologia i turisme en el programa 2 i 3 de Ci\u00e8ncia propera - Campus de Gandia Ciencia - UPV Universitat Polit\u00e8cnica de Val\u00e8ncia\",\"isPartOf\":{\"@id\":\"https:\\\/\\\/cienciagandia.webs.upv.es\\\/#website\"},\"primaryImageOfPage\":{\"@id\":\"https:\\\/\\\/cienciagandia.webs.upv.es\\\/ca\\\/2016\\\/10\\\/biologia-i-turisme-programa-2-i-3-ciencia-propera\\\/#primaryimage\"},\"image\":{\"@id\":\"https:\\\/\\\/cienciagandia.webs.upv.es\\\/ca\\\/2016\\\/10\\\/biologia-i-turisme-programa-2-i-3-ciencia-propera\\\/#primaryimage\"},\"thumbnailUrl\":\"https:\\\/\\\/cienciagandia.webs.upv.es\\\/wp-content\\\/uploads\\\/2016\\\/10\\\/serpis.jpg\",\"datePublished\":\"2016-10-17T18:13:17+00:00\",\"dateModified\":\"2016-10-19T12:52:13+00:00\",\"breadcrumb\":{\"@id\":\"https:\\\/\\\/cienciagandia.webs.upv.es\\\/ca\\\/2016\\\/10\\\/biologia-i-turisme-programa-2-i-3-ciencia-propera\\\/#breadcrumb\"},\"inLanguage\":\"ca-CA\",\"potentialAction\":[{\"@type\":\"ReadAction\",\"target\":[\"https:\\\/\\\/cienciagandia.webs.upv.es\\\/ca\\\/2016\\\/10\\\/biologia-i-turisme-programa-2-i-3-ciencia-propera\\\/\"]}]},{\"@type\":\"ImageObject\",\"inLanguage\":\"ca-CA\",\"@id\":\"https:\\\/\\\/cienciagandia.webs.upv.es\\\/ca\\\/2016\\\/10\\\/biologia-i-turisme-programa-2-i-3-ciencia-propera\\\/#primaryimage\",\"url\":\"https:\\\/\\\/cienciagandia.webs.upv.es\\\/wp-content\\\/uploads\\\/2016\\\/10\\\/serpis.jpg\",\"contentUrl\":\"https:\\\/\\\/cienciagandia.webs.upv.es\\\/wp-content\\\/uploads\\\/2016\\\/10\\\/serpis.jpg\",\"width\":1500,\"height\":844},{\"@type\":\"BreadcrumbList\",\"@id\":\"https:\\\/\\\/cienciagandia.webs.upv.es\\\/ca\\\/2016\\\/10\\\/biologia-i-turisme-programa-2-i-3-ciencia-propera\\\/#breadcrumb\",\"itemListElement\":[{\"@type\":\"ListItem\",\"position\":1,\"name\":\"Portada\",\"item\":\"https:\\\/\\\/cienciagandia.webs.upv.es\\\/ca\\\/\"},{\"@type\":\"ListItem\",\"position\":2,\"name\":\"Biologia i turisme en el programa 2 i 3 de Ci\u00e8ncia propera\"}]},{\"@type\":\"WebSite\",\"@id\":\"https:\\\/\\\/cienciagandia.webs.upv.es\\\/#website\",\"url\":\"https:\\\/\\\/cienciagandia.webs.upv.es\\\/\",\"name\":\"Blog de Ciencia del Campus de Gandia de la Universitat Polit\u00e8cnica de Val\u00e8ncia UPV\",\"description\":\"Campus de Gandia Ciencia UPV\",\"publisher\":{\"@id\":\"https:\\\/\\\/cienciagandia.webs.upv.es\\\/#organization\"},\"potentialAction\":[{\"@type\":\"SearchAction\",\"target\":{\"@type\":\"EntryPoint\",\"urlTemplate\":\"https:\\\/\\\/cienciagandia.webs.upv.es\\\/?s={search_term_string}\"},\"query-input\":{\"@type\":\"PropertyValueSpecification\",\"valueRequired\":true,\"valueName\":\"search_term_string\"}}],\"inLanguage\":\"ca-CA\"},{\"@type\":\"Organization\",\"@id\":\"https:\\\/\\\/cienciagandia.webs.upv.es\\\/#organization\",\"name\":\"Campus de Gandia de la Universitat Polit\u00e8cnica de Val\u00e8ncia UPV\",\"alternateName\":\"Campus de Gandia UPV\",\"url\":\"https:\\\/\\\/cienciagandia.webs.upv.es\\\/\",\"logo\":{\"@type\":\"ImageObject\",\"inLanguage\":\"ca-CA\",\"@id\":\"https:\\\/\\\/cienciagandia.webs.upv.es\\\/#\\\/schema\\\/logo\\\/image\\\/\",\"url\":\"https:\\\/\\\/cienciagandia.webs.upv.es\\\/wp-content\\\/uploads\\\/2023\\\/10\\\/UPV-Gandia.jpg\",\"contentUrl\":\"https:\\\/\\\/cienciagandia.webs.upv.es\\\/wp-content\\\/uploads\\\/2023\\\/10\\\/UPV-Gandia.jpg\",\"width\":770,\"height\":366,\"caption\":\"Campus de Gandia de la Universitat Polit\u00e8cnica de Val\u00e8ncia UPV\"},\"image\":{\"@id\":\"https:\\\/\\\/cienciagandia.webs.upv.es\\\/#\\\/schema\\\/logo\\\/image\\\/\"},\"sameAs\":[\"https:\\\/\\\/www.facebook.com\\\/UPVCampusGandia\",\"https:\\\/\\\/x.com\\\/UPVCampusGandia\",\"https:\\\/\\\/www.instagram.com\\\/upvcampusgandia\\\/\",\"https:\\\/\\\/www.linkedin.com\\\/company\\\/upvcampusgandia\\\/\"]},{\"@type\":\"Person\",\"@id\":\"https:\\\/\\\/cienciagandia.webs.upv.es\\\/#\\\/schema\\\/person\\\/e5839c7b014a8c81160e23dd3edd3f1f\",\"name\":\"JP\",\"image\":{\"@type\":\"ImageObject\",\"inLanguage\":\"ca-CA\",\"@id\":\"https:\\\/\\\/secure.gravatar.com\\\/avatar\\\/f87e7247614a01397c805dc94eb077aa2c295664f8e3d9aec750ceabd3bac8ac?s=96&d=mm&r=g\",\"url\":\"https:\\\/\\\/secure.gravatar.com\\\/avatar\\\/f87e7247614a01397c805dc94eb077aa2c295664f8e3d9aec750ceabd3bac8ac?s=96&d=mm&r=g\",\"contentUrl\":\"https:\\\/\\\/secure.gravatar.com\\\/avatar\\\/f87e7247614a01397c805dc94eb077aa2c295664f8e3d9aec750ceabd3bac8ac?s=96&d=mm&r=g\",\"caption\":\"JP\"},\"url\":\"https:\\\/\\\/cienciagandia.webs.upv.es\\\/ca\\\/author\\\/jp\\\/\"}]}<\/script>\n<!-- \/ Yoast SEO plugin. -->","yoast_head_json":{"title":"Biologia i turisme en el programa 2 i 3 de Ci\u00e8ncia propera - Campus de Gandia Ciencia - UPV Universitat Polit\u00e8cnica de Val\u00e8ncia","robots":{"index":"index","follow":"follow","max-snippet":"max-snippet:-1","max-image-preview":"max-image-preview:large","max-video-preview":"max-video-preview:-1"},"canonical":"https:\/\/cienciagandia.webs.upv.es\/ca\/2016\/10\/biologia-i-turisme-programa-2-i-3-ciencia-propera\/","og_locale":"en_US","og_type":"article","og_title":"Biologia i turisme en el programa 2 i 3 de Ci\u00e8ncia propera - Campus de Gandia Ciencia - UPV Universitat Polit\u00e8cnica de Val\u00e8ncia","og_description":"En el segon episodi de Ci\u00e8ncia propera Pilar Donat, professora i bi\u00f2loga de la Universitat Polit\u00e8cnica de Val\u00e8ncia, reflexiona sobre la import\u00e0ncia d&#8217;invertir en investigaci\u00f3 ... Llegir m\u00e9s","og_url":"https:\/\/cienciagandia.webs.upv.es\/ca\/2016\/10\/biologia-i-turisme-programa-2-i-3-ciencia-propera\/","og_site_name":"Campus de Gandia Ciencia - UPV Universitat Polit\u00e8cnica de Val\u00e8ncia","article_publisher":"https:\/\/www.facebook.com\/UPVCampusGandia","article_published_time":"2016-10-17T18:13:17+00:00","article_modified_time":"2016-10-19T12:52:13+00:00","og_image":[{"width":1500,"height":844,"url":"https:\/\/cienciagandia.webs.upv.es\/wp-content\/uploads\/2016\/10\/serpis.jpg","type":"image\/jpeg"}],"author":"JP","twitter_card":"summary_large_image","twitter_creator":"@UPVCampusGandia","twitter_site":"@UPVCampusGandia","twitter_misc":{"Written by":"JP","Est. reading time":"3 minutes"},"schema":{"@context":"https:\/\/schema.org","@graph":[{"@type":"Article","@id":"https:\/\/cienciagandia.webs.upv.es\/ca\/2016\/10\/biologia-i-turisme-programa-2-i-3-ciencia-propera\/#article","isPartOf":{"@id":"https:\/\/cienciagandia.webs.upv.es\/ca\/2016\/10\/biologia-i-turisme-programa-2-i-3-ciencia-propera\/"},"author":{"name":"JP","@id":"https:\/\/cienciagandia.webs.upv.es\/#\/schema\/person\/e5839c7b014a8c81160e23dd3edd3f1f"},"headline":"Biologia i turisme en el programa 2 i 3 de Ci\u00e8ncia propera","datePublished":"2016-10-17T18:13:17+00:00","dateModified":"2016-10-19T12:52:13+00:00","mainEntityOfPage":{"@id":"https:\/\/cienciagandia.webs.upv.es\/ca\/2016\/10\/biologia-i-turisme-programa-2-i-3-ciencia-propera\/"},"wordCount":564,"commentCount":0,"publisher":{"@id":"https:\/\/cienciagandia.webs.upv.es\/#organization"},"image":{"@id":"https:\/\/cienciagandia.webs.upv.es\/ca\/2016\/10\/biologia-i-turisme-programa-2-i-3-ciencia-propera\/#primaryimage"},"thumbnailUrl":"https:\/\/cienciagandia.webs.upv.es\/wp-content\/uploads\/2016\/10\/serpis.jpg","keywords":["cabdal ecol\u00f2gic","Ci\u00e8ncia propera","comunicaci\u00f3","divulgaci\u00f3 cient\u00edfica","itunes","ivoox","peixca","pesca","r\u00e0dio","riu Serpis","turisme","turisme experiencial"],"articleSection":["Ci\u00e8ncia i societat","Comunicaci\u00f3 Audiovisual"],"inLanguage":"ca-CA","potentialAction":[{"@type":"CommentAction","name":"Comment","target":["https:\/\/cienciagandia.webs.upv.es\/ca\/2016\/10\/biologia-i-turisme-programa-2-i-3-ciencia-propera\/#respond"]}]},{"@type":"WebPage","@id":"https:\/\/cienciagandia.webs.upv.es\/ca\/2016\/10\/biologia-i-turisme-programa-2-i-3-ciencia-propera\/","url":"https:\/\/cienciagandia.webs.upv.es\/ca\/2016\/10\/biologia-i-turisme-programa-2-i-3-ciencia-propera\/","name":"Biologia i turisme en el programa 2 i 3 de Ci\u00e8ncia propera - Campus de Gandia Ciencia - UPV Universitat Polit\u00e8cnica de Val\u00e8ncia","isPartOf":{"@id":"https:\/\/cienciagandia.webs.upv.es\/#website"},"primaryImageOfPage":{"@id":"https:\/\/cienciagandia.webs.upv.es\/ca\/2016\/10\/biologia-i-turisme-programa-2-i-3-ciencia-propera\/#primaryimage"},"image":{"@id":"https:\/\/cienciagandia.webs.upv.es\/ca\/2016\/10\/biologia-i-turisme-programa-2-i-3-ciencia-propera\/#primaryimage"},"thumbnailUrl":"https:\/\/cienciagandia.webs.upv.es\/wp-content\/uploads\/2016\/10\/serpis.jpg","datePublished":"2016-10-17T18:13:17+00:00","dateModified":"2016-10-19T12:52:13+00:00","breadcrumb":{"@id":"https:\/\/cienciagandia.webs.upv.es\/ca\/2016\/10\/biologia-i-turisme-programa-2-i-3-ciencia-propera\/#breadcrumb"},"inLanguage":"ca-CA","potentialAction":[{"@type":"ReadAction","target":["https:\/\/cienciagandia.webs.upv.es\/ca\/2016\/10\/biologia-i-turisme-programa-2-i-3-ciencia-propera\/"]}]},{"@type":"ImageObject","inLanguage":"ca-CA","@id":"https:\/\/cienciagandia.webs.upv.es\/ca\/2016\/10\/biologia-i-turisme-programa-2-i-3-ciencia-propera\/#primaryimage","url":"https:\/\/cienciagandia.webs.upv.es\/wp-content\/uploads\/2016\/10\/serpis.jpg","contentUrl":"https:\/\/cienciagandia.webs.upv.es\/wp-content\/uploads\/2016\/10\/serpis.jpg","width":1500,"height":844},{"@type":"BreadcrumbList","@id":"https:\/\/cienciagandia.webs.upv.es\/ca\/2016\/10\/biologia-i-turisme-programa-2-i-3-ciencia-propera\/#breadcrumb","itemListElement":[{"@type":"ListItem","position":1,"name":"Portada","item":"https:\/\/cienciagandia.webs.upv.es\/ca\/"},{"@type":"ListItem","position":2,"name":"Biologia i turisme en el programa 2 i 3 de Ci\u00e8ncia propera"}]},{"@type":"WebSite","@id":"https:\/\/cienciagandia.webs.upv.es\/#website","url":"https:\/\/cienciagandia.webs.upv.es\/","name":"Blog de Ciencia del Campus de Gandia de la Universitat Polit\u00e8cnica de Val\u00e8ncia UPV","description":"Campus de Gandia Ciencia UPV","publisher":{"@id":"https:\/\/cienciagandia.webs.upv.es\/#organization"},"potentialAction":[{"@type":"SearchAction","target":{"@type":"EntryPoint","urlTemplate":"https:\/\/cienciagandia.webs.upv.es\/?s={search_term_string}"},"query-input":{"@type":"PropertyValueSpecification","valueRequired":true,"valueName":"search_term_string"}}],"inLanguage":"ca-CA"},{"@type":"Organization","@id":"https:\/\/cienciagandia.webs.upv.es\/#organization","name":"Campus de Gandia de la Universitat Polit\u00e8cnica de Val\u00e8ncia UPV","alternateName":"Campus de Gandia UPV","url":"https:\/\/cienciagandia.webs.upv.es\/","logo":{"@type":"ImageObject","inLanguage":"ca-CA","@id":"https:\/\/cienciagandia.webs.upv.es\/#\/schema\/logo\/image\/","url":"https:\/\/cienciagandia.webs.upv.es\/wp-content\/uploads\/2023\/10\/UPV-Gandia.jpg","contentUrl":"https:\/\/cienciagandia.webs.upv.es\/wp-content\/uploads\/2023\/10\/UPV-Gandia.jpg","width":770,"height":366,"caption":"Campus de Gandia de la Universitat Polit\u00e8cnica de Val\u00e8ncia UPV"},"image":{"@id":"https:\/\/cienciagandia.webs.upv.es\/#\/schema\/logo\/image\/"},"sameAs":["https:\/\/www.facebook.com\/UPVCampusGandia","https:\/\/x.com\/UPVCampusGandia","https:\/\/www.instagram.com\/upvcampusgandia\/","https:\/\/www.linkedin.com\/company\/upvcampusgandia\/"]},{"@type":"Person","@id":"https:\/\/cienciagandia.webs.upv.es\/#\/schema\/person\/e5839c7b014a8c81160e23dd3edd3f1f","name":"JP","image":{"@type":"ImageObject","inLanguage":"ca-CA","@id":"https:\/\/secure.gravatar.com\/avatar\/f87e7247614a01397c805dc94eb077aa2c295664f8e3d9aec750ceabd3bac8ac?s=96&d=mm&r=g","url":"https:\/\/secure.gravatar.com\/avatar\/f87e7247614a01397c805dc94eb077aa2c295664f8e3d9aec750ceabd3bac8ac?s=96&d=mm&r=g","contentUrl":"https:\/\/secure.gravatar.com\/avatar\/f87e7247614a01397c805dc94eb077aa2c295664f8e3d9aec750ceabd3bac8ac?s=96&d=mm&r=g","caption":"JP"},"url":"https:\/\/cienciagandia.webs.upv.es\/ca\/author\/jp\/"}]}},"_links":{"self":[{"href":"https:\/\/cienciagandia.webs.upv.es\/ca\/wp-json\/wp\/v2\/posts\/5027","targetHints":{"allow":["GET"]}}],"collection":[{"href":"https:\/\/cienciagandia.webs.upv.es\/ca\/wp-json\/wp\/v2\/posts"}],"about":[{"href":"https:\/\/cienciagandia.webs.upv.es\/ca\/wp-json\/wp\/v2\/types\/post"}],"author":[{"embeddable":true,"href":"https:\/\/cienciagandia.webs.upv.es\/ca\/wp-json\/wp\/v2\/users\/9"}],"replies":[{"embeddable":true,"href":"https:\/\/cienciagandia.webs.upv.es\/ca\/wp-json\/wp\/v2\/comments?post=5027"}],"version-history":[{"count":23,"href":"https:\/\/cienciagandia.webs.upv.es\/ca\/wp-json\/wp\/v2\/posts\/5027\/revisions"}],"predecessor-version":[{"id":5100,"href":"https:\/\/cienciagandia.webs.upv.es\/ca\/wp-json\/wp\/v2\/posts\/5027\/revisions\/5100"}],"wp:featuredmedia":[{"embeddable":true,"href":"https:\/\/cienciagandia.webs.upv.es\/ca\/wp-json\/wp\/v2\/media\/5060"}],"wp:attachment":[{"href":"https:\/\/cienciagandia.webs.upv.es\/ca\/wp-json\/wp\/v2\/media?parent=5027"}],"wp:term":[{"taxonomy":"category","embeddable":true,"href":"https:\/\/cienciagandia.webs.upv.es\/ca\/wp-json\/wp\/v2\/categories?post=5027"},{"taxonomy":"post_tag","embeddable":true,"href":"https:\/\/cienciagandia.webs.upv.es\/ca\/wp-json\/wp\/v2\/tags?post=5027"}],"curies":[{"name":"wp","href":"https:\/\/api.w.org\/{rel}","templated":true}]}}