{"id":4522,"date":"2016-06-14T17:56:15","date_gmt":"2016-06-14T15:56:15","guid":{"rendered":"http:\/\/cienciagandia.webs.upv.es\/ca\/?p=4522"},"modified":"2016-06-15T09:30:17","modified_gmt":"2016-06-15T07:30:17","slug":"un-vot-per-la-ciencia","status":"publish","type":"post","link":"https:\/\/cienciagandia.webs.upv.es\/ca\/2016\/06\/un-vot-per-la-ciencia\/","title":{"rendered":"Un vot per la ci\u00e8ncia"},"content":{"rendered":"<p>El 26 de juny del 2016 tornen a cridar-nos les urnes. Una nova oportunitat de decidir qui ens representar\u00e0 durant els <strong>quatre pr\u00f2xims anys<\/strong>. En amb prou faenes un parell de setmanes tornarem a triar als <strong>partits i persones<\/strong> que tindran la responsabilitat, des del govern i des de l&#8217;oposici\u00f3, de decidir quin rumb pren el pa\u00eds en mat\u00e8ria econ\u00f2mica, social, igualtat, territorial, laboral\u2026 per\u00f2 tamb\u00e9 triem als diputats i senadors que decidiran l&#8217;estrat\u00e8gia en el marc de la <strong>recerca i la ci\u00e8ncia.<\/strong><\/p>\n<p>Per a\u00e7\u00f2, hem demanat a <strong>professors i investigadors de la UPV<\/strong>, preferiblement del Campus de Gandia, que ens ajuden. Els hem demanat m\u00e9s informaci\u00f3 sobre les mesures en ci\u00e8ncia i recerca que porten en el seu programa quatre de les principals formacions pol\u00edtiques que es presenten als comicis.<!--more--><\/p>\n<p>A continuaci\u00f3, compartim les opinions de representants del <strong>Partit Popular, PSOE, #ALaValenciana i Ciutadans<\/strong>. Hem seguit l&#8217;ordre de publicaci\u00f3 segons els resultats obtinguts en les eleccions del <a href=\"https:\/\/resultadosgenerales2015.interior.es\/congreso\/#\/ES201512-CON-ES\/ES\"><strong>20 de desembre del 2015<\/strong><\/a>, de major a menor percentatge de vots.<\/p>\n<p><strong>PARTIDO POPULAR &#8211; <\/strong><a href=\"https:\/\/www.upv.es\/pls\/oalu\/sic_per.info_persona?PE=78mSD%2FYIsTgVpUZqEjXgOWuETMB3p1LspsA8CGTbmshF5qfM5p60C3aFOtRc0p0zuCl0%2BYmOxp1oD0wvUzsh3wRr2Pw7c6jE%2Bko7737yVsSmwTM%2FFwi3Ng%3D%3D&amp;P_TIPOBUS=0&amp;P_VISTA=&amp;P_IDIOMA=v\"><strong>Carlos Gil<\/strong><\/a><\/p>\n<p><img loading=\"lazy\" decoding=\"async\" class=\"wp-image-4509 size-medium alignleft\" src=\"https:\/\/cienciagandia.webs.upv.es\/wp-content\/uploads\/2016\/06\/carlos-gil-225x250.jpg\" alt=\"Carlos Gil\" width=\"225\" height=\"250\" srcset=\"https:\/\/cienciagandia.webs.upv.es\/wp-content\/uploads\/2016\/06\/carlos-gil-225x250.jpg 225w, https:\/\/cienciagandia.webs.upv.es\/wp-content\/uploads\/2016\/06\/carlos-gil-449x500.jpg 449w, https:\/\/cienciagandia.webs.upv.es\/wp-content\/uploads\/2016\/06\/carlos-gil-300x334.jpg 300w, https:\/\/cienciagandia.webs.upv.es\/wp-content\/uploads\/2016\/06\/carlos-gil-135x150.jpg 135w, https:\/\/cienciagandia.webs.upv.es\/wp-content\/uploads\/2016\/06\/carlos-gil.jpg 480w\" sizes=\"auto, (max-width: 225px) 100vw, 225px\" \/><\/p>\n<p>Per al Partit Popular, la universitat juga un paper clau en el futur mercat laboral. Molts estudiants d&#8217;avui exerciran, en el futur, ocupacions que encara no estan inventades. Davant d\u2019aquesta realitat, la funci\u00f3 central de la universitat no ha de limitar-se a la transmissi\u00f3 de coneixements, sin\u00f3 a dotar \u00a0l&#8217;alumne de les capacitats necess\u00e0ries per a afrontar amb garanties l&#8217;aprenentatge continu al qual s\u2019enfrontar\u00e0 durant la seua vida laboral.<\/p>\n<p>Per a a\u00e7\u00f2, considerem que, sense perjudici de l&#8217;equitat, ha de potenciar-se la promoci\u00f3 de l&#8217;excel\u00b7l\u00e8ncia en les aules, desenvolupant en l&#8217;alumne un perfil creatiu\/investigador i unes compet\u00e8ncies transversals, com la versatilitat i la resili\u00e8ncia, que permeten una major adaptabilitat a les exig\u00e8ncies futures del mercat laboral, amb especial orientaci\u00f3 cap a n\u00ednxols emergents d&#8217;ocupaci\u00f3 i l&#8217;aplicaci\u00f3 de les TIC&#8221;.\u00a0<strong><a href=\"http:\/\/www.pp.es\/actualidad-video\/26-medidas-26j\">M\u00e9s informaci\u00f3<\/a><\/strong><\/p>\n<p><strong>PSOE &#8211; <\/strong><strong><a href=\"https:\/\/www.upv.es\/pls\/oalu\/sic_per.info_persona?PE=78mSD%2FYIsTgVpUZqEjXgOeZcxaL1P2Lyzdqr1Gm9fTpF5qfM5p60C3aFOtRc0p0zchqYw%2B6LTfRoD0wvUzsh3wRr2Pw7c6jER7%2FXg%2BQOGe2DngQme4qpeQ%3D%3D&amp;P_TIPOBUS=0&amp;P_VISTA=&amp;P_IDIOMA=v\">Romina del Rey<\/a><br \/>\n<\/strong><\/p>\n<p><img loading=\"lazy\" decoding=\"async\" class=\"wp-image-4507 size-medium alignright\" src=\"https:\/\/cienciagandia.webs.upv.es\/wp-content\/uploads\/2016\/06\/romina-del-rey-225x250.jpg\" alt=\"romina del rey\" width=\"225\" height=\"250\" srcset=\"https:\/\/cienciagandia.webs.upv.es\/wp-content\/uploads\/2016\/06\/romina-del-rey-225x250.jpg 225w, https:\/\/cienciagandia.webs.upv.es\/wp-content\/uploads\/2016\/06\/romina-del-rey-449x500.jpg 449w, https:\/\/cienciagandia.webs.upv.es\/wp-content\/uploads\/2016\/06\/romina-del-rey-300x334.jpg 300w, https:\/\/cienciagandia.webs.upv.es\/wp-content\/uploads\/2016\/06\/romina-del-rey-135x150.jpg 135w, https:\/\/cienciagandia.webs.upv.es\/wp-content\/uploads\/2016\/06\/romina-del-rey.jpg 480w\" sizes=\"auto, (max-width: 225px) 100vw, 225px\" \/><\/p>\n<p>Perqu\u00e8 sabem que la Ci\u00e8ncia \u00e9s clau per al futur econ\u00f2mic i per al benestar i coneixement de la societat, la Ci\u00e8ncia \u00e9s una prioritat per als Socialistes. L\u2019I+D+I \u00e9s un pilar del nostre programa:<\/p>\n<ul>\n<li>Incrementarem els recursos en Investigaci\u00f3 i Desenvolupament: es duplicar\u00e0 la inversi\u00f3 p\u00fablica en investigaci\u00f3, s\u2019obrir\u00e0 una nova l\u00ednia de finan\u00e7ament per als programes institucionals d\u2019universitats i organismes p\u00fablics, s\u2019estimular\u00e0 la col\u00b7laboraci\u00f3 p\u00fablic-privada, s\u2019incentivar\u00e0 la participaci\u00f3 als diferents programes de l\u2019H2020, entre altres.<\/li>\n<li>Recuperarem als nostres cient\u00edfics i Millorarem la Cooperaci\u00f3 i Coordinaci\u00f3, amb un Pla per a la incorporaci\u00f3, recuperaci\u00f3 i consolidaci\u00f3 del talent cient\u00edfic, apropant Societat-Empreses-Universitats-Centres d\u2019Investigaci\u00f3.<\/li>\n<li>Revisarem els obstacles administratius en I+D, perqu\u00e8 els socialistes coneixem la realitat burocr\u00e0tica en qu\u00e8 es troba un investigador.<\/li>\n<\/ul>\n<p>En definitiva, impulsarem la Cultura Innovadora\u00a0 amb un pla de difusi\u00f3, comunicaci\u00f3 i cultura cient\u00edfica, afavorint la transfer\u00e8ncia social de la ci\u00e8ncia, la tecnologia i la innovaci\u00f3.\u00a0<strong><a href=\"http:\/\/www.psoe.es\/programa-electoral\/base-conocimiento\/\">M\u00e9s informaci\u00f3<\/a><\/strong><\/p>\n<p><strong>#ALaValenciana &#8211; <a href=\"https:\/\/www.upv.es\/pls\/oalu\/sic_per.info_persona?PE=78mSD%2FYIsTgVpUZqEjXgOTrz6l%2BPXukXQjrT6fOBmwBF5qfM5p60C3aFOtRc0p0zzZtEwACCx55oD0wvUzsh3wRr2Pw7c6jER7%2FXg%2BQOGe2W0lw5sW9xOw%3D%3D&amp;P_TIPOBUS=0&amp;P_VISTA=&amp;P_IDIOMA=v\">Isabel P\u00e9rez<\/a><\/strong><\/p>\n<p><img loading=\"lazy\" decoding=\"async\" class=\"wp-image-4510 size-medium alignleft\" src=\"https:\/\/cienciagandia.webs.upv.es\/wp-content\/uploads\/2016\/06\/isabel_perez-225x250.jpg\" alt=\"isabel_perez\" width=\"225\" height=\"250\" srcset=\"https:\/\/cienciagandia.webs.upv.es\/wp-content\/uploads\/2016\/06\/isabel_perez-225x250.jpg 225w, https:\/\/cienciagandia.webs.upv.es\/wp-content\/uploads\/2016\/06\/isabel_perez-449x500.jpg 449w, https:\/\/cienciagandia.webs.upv.es\/wp-content\/uploads\/2016\/06\/isabel_perez-300x334.jpg 300w, https:\/\/cienciagandia.webs.upv.es\/wp-content\/uploads\/2016\/06\/isabel_perez-135x150.jpg 135w, https:\/\/cienciagandia.webs.upv.es\/wp-content\/uploads\/2016\/06\/isabel_perez.jpg 480w\" sizes=\"auto, (max-width: 225px) 100vw, 225px\" \/>Considerem necessari un canvi profund del model productiu actual que passa per invertir, tant amb fons p\u00fablics com fomentant el finan\u00e7ament privat, en activitats econ\u00f2miques d\u2019alt valor afegit. Per nosaltres la Universitat i la investigaci\u00f3 s\u00f3n els motors fonamentals de la innovaci\u00f3, el desenvolupament, la cohesi\u00f3 i dinamitzaci\u00f3 social, cultural i econ\u00f2mica. Volem augmentar la inversi\u00f3 en R+D+i al 2,7% al 2017, al 3% \u2010la mitjana europea\u2010 en 2020 i que aquesta passe a ser una partida protegida. El major esfor\u00e7 econ\u00f2mic ha de dirigir\u2010se a augmentar la capacitat en personal, m\u00e9s que no en infraestructures o equipaments.<\/p>\n<p>Som conscients de l\u2019exc\u00e9s de burocratitzaci\u00f3 i tenim com objectiu reduir\u2010lo. La carrera investigadora ha de ser professional des del primer dia, i no nom\u00e9s una continuaci\u00f3 del per\u00edode de formaci\u00f3. \u00c9s fonamental vertebrar i coordinar el sistema R+D+i des dels agents de creaci\u00f3 del coneixement, de desenvolupament i transfer\u00e8ncia fins el seu \u00fas per a l\u2019aprofitament productiu, considerant expl\u00edcitament el paper de la ci\u00e8ncia b\u00e0sica. Proposem mesures per recuperar els cervells \u201cfugits\u201d i evitar aquesta p\u00e8rdua tant intel\u00b7lectual com econ\u00f2mica. Recolzant sempre i buscant el consens amb la Universitat p\u00fablica.\u00a0<strong><a href=\"http:\/\/eselmoment.com\/public\/docs\/programa_EsElMoment_val.pdf\">M\u00e9s informaci\u00f3<\/a><\/strong><\/p>\n<p><strong>CIUDADANOS &#8211; <a href=\"https:\/\/es.linkedin.com\/in\/vicentejcasanova\">Vicente J. Casanova<\/a><\/strong><\/p>\n<p><img loading=\"lazy\" decoding=\"async\" class=\"wp-image-4508 size-medium alignright\" src=\"https:\/\/cienciagandia.webs.upv.es\/wp-content\/uploads\/2016\/06\/vicente-j-casanova-225x250.jpg\" alt=\"Vicente J. Casanova\" width=\"225\" height=\"250\" srcset=\"https:\/\/cienciagandia.webs.upv.es\/wp-content\/uploads\/2016\/06\/vicente-j-casanova-225x250.jpg 225w, https:\/\/cienciagandia.webs.upv.es\/wp-content\/uploads\/2016\/06\/vicente-j-casanova-449x500.jpg 449w, https:\/\/cienciagandia.webs.upv.es\/wp-content\/uploads\/2016\/06\/vicente-j-casanova-300x334.jpg 300w, https:\/\/cienciagandia.webs.upv.es\/wp-content\/uploads\/2016\/06\/vicente-j-casanova-135x150.jpg 135w, https:\/\/cienciagandia.webs.upv.es\/wp-content\/uploads\/2016\/06\/vicente-j-casanova.jpg 480w\" sizes=\"auto, (max-width: 225px) 100vw, 225px\" \/><\/p>\n<p>El nostre programa nacional inclou tres grups de mesures :<\/p>\n<ul>\n<li>Un nou sistema espanyol d&#8217;innovaci\u00f3, prop del model alemany de cooperaci\u00f3 p\u00fablic-privat, de manera que la generaci\u00f3 d&#8217;idees es transforme en empreses i ocupaci\u00f3. A\u00e7\u00f2 inclou un refor\u00e7 important de la despesa en R+D que pot ser finan\u00e7at amb un canvi de les prioritats de la inversi\u00f3 p\u00fablica espanyola. Preocupa especialment que la R+D transcendisca a l&#8217;\u00e0mbit de la recerca aplicada a les PIMES, on realment hi ha una transfer\u00e8ncia del coneixement.<\/li>\n<\/ul>\n<ul>\n<li>Conjunt de mesures per a afavorir l&#8217;entrada de noves empreses d&#8217;alta intensitat innovadora.<\/li>\n<\/ul>\n<ul>\n<li>Conjunt de mesures per a afavorir el funcionament, la productivitat i creixement de les xicotetes i mitjanes empreses m\u00e9s productives facilitant l&#8217;activitat dels empresaris aut\u00f2noms i PIMES.<\/li>\n<\/ul>\n<ul>\n<li><strong><a href=\"https:\/\/www.ciudadanos-cs.org\/\">M\u00e9s informaci\u00f3<\/a><\/strong><\/li>\n<\/ul>\n","protected":false},"excerpt":{"rendered":"<p>El 26 de juny del 2016 tornen a cridar-nos les urnes. Una nova oportunitat de decidir qui ens representar\u00e0 durant els quatre pr\u00f2xims anys. En &#8230; <a title=\"Un vot per la ci\u00e8ncia\" class=\"read-more\" href=\"https:\/\/cienciagandia.webs.upv.es\/ca\/2016\/06\/un-vot-per-la-ciencia\/\" aria-label=\"Read more about Un vot per la ci\u00e8ncia\">Llegir m\u00e9s<\/a><\/p>\n","protected":false},"author":9,"featured_media":4520,"comment_status":"open","ping_status":"closed","sticky":false,"template":"","format":"standard","meta":{"footnotes":""},"categories":[248],"tags":[706],"class_list":["post-4522","post","type-post","status-publish","format-standard","has-post-thumbnail","hentry","category-divulgacio","tag-destacat-ca","resize-featured-image"],"yoast_head":"<!-- This site is optimized with the Yoast SEO plugin v27.4 - https:\/\/yoast.com\/product\/yoast-seo-wordpress\/ -->\n<title>Un vot per la ci\u00e8ncia<\/title>\n<meta name=\"description\" content=\"El 26 de juny tornen a cridar-nos les urnes. Triem als diputats i senadors que decidiran l&#039;estrat\u00e8gia en el marc de la recerca i la ci\u00e8ncia.\" \/>\n<meta name=\"robots\" content=\"index, follow, max-snippet:-1, max-image-preview:large, max-video-preview:-1\" \/>\n<link rel=\"canonical\" href=\"https:\/\/cienciagandia.webs.upv.es\/ca\/2016\/06\/un-vot-per-la-ciencia\/\" \/>\n<meta property=\"og:locale\" content=\"en_US\" \/>\n<meta property=\"og:type\" content=\"article\" \/>\n<meta property=\"og:title\" content=\"Un vot per la ci\u00e8ncia\" \/>\n<meta property=\"og:description\" content=\"El 26 de juny tornen a cridar-nos les urnes. Triem als diputats i senadors que decidiran l&#039;estrat\u00e8gia en el marc de la recerca i la ci\u00e8ncia.\" \/>\n<meta property=\"og:url\" content=\"https:\/\/cienciagandia.webs.upv.es\/ca\/2016\/06\/un-vot-per-la-ciencia\/\" \/>\n<meta property=\"og:site_name\" content=\"Campus de Gandia Ciencia - UPV Universitat Polit\u00e8cnica de Val\u00e8ncia\" \/>\n<meta property=\"article:publisher\" content=\"https:\/\/www.facebook.com\/UPVCampusGandia\" \/>\n<meta property=\"article:published_time\" content=\"2016-06-14T15:56:15+00:00\" \/>\n<meta property=\"article:modified_time\" content=\"2016-06-15T07:30:17+00:00\" \/>\n<meta property=\"og:image\" content=\"https:\/\/cienciagandia.webs.upv.es\/wp-content\/uploads\/2016\/06\/propuestas-pol\u00edticas-para-la-ciencia.jpg\" \/>\n\t<meta property=\"og:image:width\" content=\"1440\" \/>\n\t<meta property=\"og:image:height\" content=\"500\" \/>\n\t<meta property=\"og:image:type\" content=\"image\/jpeg\" \/>\n<meta name=\"author\" content=\"JP\" \/>\n<meta name=\"twitter:card\" content=\"summary_large_image\" \/>\n<meta name=\"twitter:creator\" content=\"@UPVCampusGandia\" \/>\n<meta name=\"twitter:site\" content=\"@UPVCampusGandia\" \/>\n<meta name=\"twitter:label1\" content=\"Written by\" \/>\n\t<meta name=\"twitter:data1\" content=\"JP\" \/>\n\t<meta name=\"twitter:label2\" content=\"Est. reading time\" \/>\n\t<meta name=\"twitter:data2\" content=\"4 minutes\" \/>\n<script type=\"application\/ld+json\" class=\"yoast-schema-graph\">{\"@context\":\"https:\\\/\\\/schema.org\",\"@graph\":[{\"@type\":\"Article\",\"@id\":\"https:\\\/\\\/cienciagandia.webs.upv.es\\\/ca\\\/2016\\\/06\\\/un-vot-per-la-ciencia\\\/#article\",\"isPartOf\":{\"@id\":\"https:\\\/\\\/cienciagandia.webs.upv.es\\\/ca\\\/2016\\\/06\\\/un-vot-per-la-ciencia\\\/\"},\"author\":{\"name\":\"JP\",\"@id\":\"https:\\\/\\\/cienciagandia.webs.upv.es\\\/#\\\/schema\\\/person\\\/e5839c7b014a8c81160e23dd3edd3f1f\"},\"headline\":\"Un vot per la ci\u00e8ncia\",\"datePublished\":\"2016-06-14T15:56:15+00:00\",\"dateModified\":\"2016-06-15T07:30:17+00:00\",\"mainEntityOfPage\":{\"@id\":\"https:\\\/\\\/cienciagandia.webs.upv.es\\\/ca\\\/2016\\\/06\\\/un-vot-per-la-ciencia\\\/\"},\"wordCount\":884,\"commentCount\":0,\"publisher\":{\"@id\":\"https:\\\/\\\/cienciagandia.webs.upv.es\\\/#organization\"},\"image\":{\"@id\":\"https:\\\/\\\/cienciagandia.webs.upv.es\\\/ca\\\/2016\\\/06\\\/un-vot-per-la-ciencia\\\/#primaryimage\"},\"thumbnailUrl\":\"https:\\\/\\\/cienciagandia.webs.upv.es\\\/wp-content\\\/uploads\\\/2016\\\/06\\\/propuestas-politicas-para-la-ciencia.jpg\",\"keywords\":[\"Portada\"],\"articleSection\":[\"Ci\u00e8ncia i societat\"],\"inLanguage\":\"ca-CA\",\"potentialAction\":[{\"@type\":\"CommentAction\",\"name\":\"Comment\",\"target\":[\"https:\\\/\\\/cienciagandia.webs.upv.es\\\/ca\\\/2016\\\/06\\\/un-vot-per-la-ciencia\\\/#respond\"]}]},{\"@type\":\"WebPage\",\"@id\":\"https:\\\/\\\/cienciagandia.webs.upv.es\\\/ca\\\/2016\\\/06\\\/un-vot-per-la-ciencia\\\/\",\"url\":\"https:\\\/\\\/cienciagandia.webs.upv.es\\\/ca\\\/2016\\\/06\\\/un-vot-per-la-ciencia\\\/\",\"name\":\"Un vot per la ci\u00e8ncia\",\"isPartOf\":{\"@id\":\"https:\\\/\\\/cienciagandia.webs.upv.es\\\/#website\"},\"primaryImageOfPage\":{\"@id\":\"https:\\\/\\\/cienciagandia.webs.upv.es\\\/ca\\\/2016\\\/06\\\/un-vot-per-la-ciencia\\\/#primaryimage\"},\"image\":{\"@id\":\"https:\\\/\\\/cienciagandia.webs.upv.es\\\/ca\\\/2016\\\/06\\\/un-vot-per-la-ciencia\\\/#primaryimage\"},\"thumbnailUrl\":\"https:\\\/\\\/cienciagandia.webs.upv.es\\\/wp-content\\\/uploads\\\/2016\\\/06\\\/propuestas-politicas-para-la-ciencia.jpg\",\"datePublished\":\"2016-06-14T15:56:15+00:00\",\"dateModified\":\"2016-06-15T07:30:17+00:00\",\"description\":\"El 26 de juny tornen a cridar-nos les urnes. Triem als diputats i senadors que decidiran l'estrat\u00e8gia en el marc de la recerca i la ci\u00e8ncia.\",\"breadcrumb\":{\"@id\":\"https:\\\/\\\/cienciagandia.webs.upv.es\\\/ca\\\/2016\\\/06\\\/un-vot-per-la-ciencia\\\/#breadcrumb\"},\"inLanguage\":\"ca-CA\",\"potentialAction\":[{\"@type\":\"ReadAction\",\"target\":[\"https:\\\/\\\/cienciagandia.webs.upv.es\\\/ca\\\/2016\\\/06\\\/un-vot-per-la-ciencia\\\/\"]}]},{\"@type\":\"ImageObject\",\"inLanguage\":\"ca-CA\",\"@id\":\"https:\\\/\\\/cienciagandia.webs.upv.es\\\/ca\\\/2016\\\/06\\\/un-vot-per-la-ciencia\\\/#primaryimage\",\"url\":\"https:\\\/\\\/cienciagandia.webs.upv.es\\\/wp-content\\\/uploads\\\/2016\\\/06\\\/propuestas-politicas-para-la-ciencia.jpg\",\"contentUrl\":\"https:\\\/\\\/cienciagandia.webs.upv.es\\\/wp-content\\\/uploads\\\/2016\\\/06\\\/propuestas-politicas-para-la-ciencia.jpg\",\"width\":1440,\"height\":500,\"caption\":\"propuestas pol\u00edticas para la ciencia\"},{\"@type\":\"BreadcrumbList\",\"@id\":\"https:\\\/\\\/cienciagandia.webs.upv.es\\\/ca\\\/2016\\\/06\\\/un-vot-per-la-ciencia\\\/#breadcrumb\",\"itemListElement\":[{\"@type\":\"ListItem\",\"position\":1,\"name\":\"Portada\",\"item\":\"https:\\\/\\\/cienciagandia.webs.upv.es\\\/ca\\\/\"},{\"@type\":\"ListItem\",\"position\":2,\"name\":\"Un vot per la ci\u00e8ncia\"}]},{\"@type\":\"WebSite\",\"@id\":\"https:\\\/\\\/cienciagandia.webs.upv.es\\\/#website\",\"url\":\"https:\\\/\\\/cienciagandia.webs.upv.es\\\/\",\"name\":\"Blog de Ciencia del Campus de Gandia de la Universitat Polit\u00e8cnica de Val\u00e8ncia UPV\",\"description\":\"Campus de Gandia Ciencia UPV\",\"publisher\":{\"@id\":\"https:\\\/\\\/cienciagandia.webs.upv.es\\\/#organization\"},\"potentialAction\":[{\"@type\":\"SearchAction\",\"target\":{\"@type\":\"EntryPoint\",\"urlTemplate\":\"https:\\\/\\\/cienciagandia.webs.upv.es\\\/?s={search_term_string}\"},\"query-input\":{\"@type\":\"PropertyValueSpecification\",\"valueRequired\":true,\"valueName\":\"search_term_string\"}}],\"inLanguage\":\"ca-CA\"},{\"@type\":\"Organization\",\"@id\":\"https:\\\/\\\/cienciagandia.webs.upv.es\\\/#organization\",\"name\":\"Campus de Gandia de la Universitat Polit\u00e8cnica de Val\u00e8ncia UPV\",\"alternateName\":\"Campus de Gandia UPV\",\"url\":\"https:\\\/\\\/cienciagandia.webs.upv.es\\\/\",\"logo\":{\"@type\":\"ImageObject\",\"inLanguage\":\"ca-CA\",\"@id\":\"https:\\\/\\\/cienciagandia.webs.upv.es\\\/#\\\/schema\\\/logo\\\/image\\\/\",\"url\":\"https:\\\/\\\/cienciagandia.webs.upv.es\\\/wp-content\\\/uploads\\\/2023\\\/10\\\/UPV-Gandia.jpg\",\"contentUrl\":\"https:\\\/\\\/cienciagandia.webs.upv.es\\\/wp-content\\\/uploads\\\/2023\\\/10\\\/UPV-Gandia.jpg\",\"width\":770,\"height\":366,\"caption\":\"Campus de Gandia de la Universitat Polit\u00e8cnica de Val\u00e8ncia UPV\"},\"image\":{\"@id\":\"https:\\\/\\\/cienciagandia.webs.upv.es\\\/#\\\/schema\\\/logo\\\/image\\\/\"},\"sameAs\":[\"https:\\\/\\\/www.facebook.com\\\/UPVCampusGandia\",\"https:\\\/\\\/x.com\\\/UPVCampusGandia\",\"https:\\\/\\\/www.instagram.com\\\/upvcampusgandia\\\/\",\"https:\\\/\\\/www.linkedin.com\\\/company\\\/upvcampusgandia\\\/\"]},{\"@type\":\"Person\",\"@id\":\"https:\\\/\\\/cienciagandia.webs.upv.es\\\/#\\\/schema\\\/person\\\/e5839c7b014a8c81160e23dd3edd3f1f\",\"name\":\"JP\",\"image\":{\"@type\":\"ImageObject\",\"inLanguage\":\"ca-CA\",\"@id\":\"https:\\\/\\\/secure.gravatar.com\\\/avatar\\\/f87e7247614a01397c805dc94eb077aa2c295664f8e3d9aec750ceabd3bac8ac?s=96&d=mm&r=g\",\"url\":\"https:\\\/\\\/secure.gravatar.com\\\/avatar\\\/f87e7247614a01397c805dc94eb077aa2c295664f8e3d9aec750ceabd3bac8ac?s=96&d=mm&r=g\",\"contentUrl\":\"https:\\\/\\\/secure.gravatar.com\\\/avatar\\\/f87e7247614a01397c805dc94eb077aa2c295664f8e3d9aec750ceabd3bac8ac?s=96&d=mm&r=g\",\"caption\":\"JP\"},\"url\":\"https:\\\/\\\/cienciagandia.webs.upv.es\\\/ca\\\/author\\\/jp\\\/\"}]}<\/script>\n<!-- \/ Yoast SEO plugin. -->","yoast_head_json":{"title":"Un vot per la ci\u00e8ncia","description":"El 26 de juny tornen a cridar-nos les urnes. Triem als diputats i senadors que decidiran l'estrat\u00e8gia en el marc de la recerca i la ci\u00e8ncia.","robots":{"index":"index","follow":"follow","max-snippet":"max-snippet:-1","max-image-preview":"max-image-preview:large","max-video-preview":"max-video-preview:-1"},"canonical":"https:\/\/cienciagandia.webs.upv.es\/ca\/2016\/06\/un-vot-per-la-ciencia\/","og_locale":"en_US","og_type":"article","og_title":"Un vot per la ci\u00e8ncia","og_description":"El 26 de juny tornen a cridar-nos les urnes. Triem als diputats i senadors que decidiran l'estrat\u00e8gia en el marc de la recerca i la ci\u00e8ncia.","og_url":"https:\/\/cienciagandia.webs.upv.es\/ca\/2016\/06\/un-vot-per-la-ciencia\/","og_site_name":"Campus de Gandia Ciencia - UPV Universitat Polit\u00e8cnica de Val\u00e8ncia","article_publisher":"https:\/\/www.facebook.com\/UPVCampusGandia","article_published_time":"2016-06-14T15:56:15+00:00","article_modified_time":"2016-06-15T07:30:17+00:00","og_image":[{"width":1440,"height":500,"url":"https:\/\/cienciagandia.webs.upv.es\/wp-content\/uploads\/2016\/06\/propuestas-pol\u00edticas-para-la-ciencia.jpg","type":"image\/jpeg"}],"author":"JP","twitter_card":"summary_large_image","twitter_creator":"@UPVCampusGandia","twitter_site":"@UPVCampusGandia","twitter_misc":{"Written by":"JP","Est. reading time":"4 minutes"},"schema":{"@context":"https:\/\/schema.org","@graph":[{"@type":"Article","@id":"https:\/\/cienciagandia.webs.upv.es\/ca\/2016\/06\/un-vot-per-la-ciencia\/#article","isPartOf":{"@id":"https:\/\/cienciagandia.webs.upv.es\/ca\/2016\/06\/un-vot-per-la-ciencia\/"},"author":{"name":"JP","@id":"https:\/\/cienciagandia.webs.upv.es\/#\/schema\/person\/e5839c7b014a8c81160e23dd3edd3f1f"},"headline":"Un vot per la ci\u00e8ncia","datePublished":"2016-06-14T15:56:15+00:00","dateModified":"2016-06-15T07:30:17+00:00","mainEntityOfPage":{"@id":"https:\/\/cienciagandia.webs.upv.es\/ca\/2016\/06\/un-vot-per-la-ciencia\/"},"wordCount":884,"commentCount":0,"publisher":{"@id":"https:\/\/cienciagandia.webs.upv.es\/#organization"},"image":{"@id":"https:\/\/cienciagandia.webs.upv.es\/ca\/2016\/06\/un-vot-per-la-ciencia\/#primaryimage"},"thumbnailUrl":"https:\/\/cienciagandia.webs.upv.es\/wp-content\/uploads\/2016\/06\/propuestas-politicas-para-la-ciencia.jpg","keywords":["Portada"],"articleSection":["Ci\u00e8ncia i societat"],"inLanguage":"ca-CA","potentialAction":[{"@type":"CommentAction","name":"Comment","target":["https:\/\/cienciagandia.webs.upv.es\/ca\/2016\/06\/un-vot-per-la-ciencia\/#respond"]}]},{"@type":"WebPage","@id":"https:\/\/cienciagandia.webs.upv.es\/ca\/2016\/06\/un-vot-per-la-ciencia\/","url":"https:\/\/cienciagandia.webs.upv.es\/ca\/2016\/06\/un-vot-per-la-ciencia\/","name":"Un vot per la ci\u00e8ncia","isPartOf":{"@id":"https:\/\/cienciagandia.webs.upv.es\/#website"},"primaryImageOfPage":{"@id":"https:\/\/cienciagandia.webs.upv.es\/ca\/2016\/06\/un-vot-per-la-ciencia\/#primaryimage"},"image":{"@id":"https:\/\/cienciagandia.webs.upv.es\/ca\/2016\/06\/un-vot-per-la-ciencia\/#primaryimage"},"thumbnailUrl":"https:\/\/cienciagandia.webs.upv.es\/wp-content\/uploads\/2016\/06\/propuestas-politicas-para-la-ciencia.jpg","datePublished":"2016-06-14T15:56:15+00:00","dateModified":"2016-06-15T07:30:17+00:00","description":"El 26 de juny tornen a cridar-nos les urnes. Triem als diputats i senadors que decidiran l'estrat\u00e8gia en el marc de la recerca i la ci\u00e8ncia.","breadcrumb":{"@id":"https:\/\/cienciagandia.webs.upv.es\/ca\/2016\/06\/un-vot-per-la-ciencia\/#breadcrumb"},"inLanguage":"ca-CA","potentialAction":[{"@type":"ReadAction","target":["https:\/\/cienciagandia.webs.upv.es\/ca\/2016\/06\/un-vot-per-la-ciencia\/"]}]},{"@type":"ImageObject","inLanguage":"ca-CA","@id":"https:\/\/cienciagandia.webs.upv.es\/ca\/2016\/06\/un-vot-per-la-ciencia\/#primaryimage","url":"https:\/\/cienciagandia.webs.upv.es\/wp-content\/uploads\/2016\/06\/propuestas-politicas-para-la-ciencia.jpg","contentUrl":"https:\/\/cienciagandia.webs.upv.es\/wp-content\/uploads\/2016\/06\/propuestas-politicas-para-la-ciencia.jpg","width":1440,"height":500,"caption":"propuestas pol\u00edticas para la ciencia"},{"@type":"BreadcrumbList","@id":"https:\/\/cienciagandia.webs.upv.es\/ca\/2016\/06\/un-vot-per-la-ciencia\/#breadcrumb","itemListElement":[{"@type":"ListItem","position":1,"name":"Portada","item":"https:\/\/cienciagandia.webs.upv.es\/ca\/"},{"@type":"ListItem","position":2,"name":"Un vot per la ci\u00e8ncia"}]},{"@type":"WebSite","@id":"https:\/\/cienciagandia.webs.upv.es\/#website","url":"https:\/\/cienciagandia.webs.upv.es\/","name":"Blog de Ciencia del Campus de Gandia de la Universitat Polit\u00e8cnica de Val\u00e8ncia UPV","description":"Campus de Gandia Ciencia UPV","publisher":{"@id":"https:\/\/cienciagandia.webs.upv.es\/#organization"},"potentialAction":[{"@type":"SearchAction","target":{"@type":"EntryPoint","urlTemplate":"https:\/\/cienciagandia.webs.upv.es\/?s={search_term_string}"},"query-input":{"@type":"PropertyValueSpecification","valueRequired":true,"valueName":"search_term_string"}}],"inLanguage":"ca-CA"},{"@type":"Organization","@id":"https:\/\/cienciagandia.webs.upv.es\/#organization","name":"Campus de Gandia de la Universitat Polit\u00e8cnica de Val\u00e8ncia UPV","alternateName":"Campus de Gandia UPV","url":"https:\/\/cienciagandia.webs.upv.es\/","logo":{"@type":"ImageObject","inLanguage":"ca-CA","@id":"https:\/\/cienciagandia.webs.upv.es\/#\/schema\/logo\/image\/","url":"https:\/\/cienciagandia.webs.upv.es\/wp-content\/uploads\/2023\/10\/UPV-Gandia.jpg","contentUrl":"https:\/\/cienciagandia.webs.upv.es\/wp-content\/uploads\/2023\/10\/UPV-Gandia.jpg","width":770,"height":366,"caption":"Campus de Gandia de la Universitat Polit\u00e8cnica de Val\u00e8ncia UPV"},"image":{"@id":"https:\/\/cienciagandia.webs.upv.es\/#\/schema\/logo\/image\/"},"sameAs":["https:\/\/www.facebook.com\/UPVCampusGandia","https:\/\/x.com\/UPVCampusGandia","https:\/\/www.instagram.com\/upvcampusgandia\/","https:\/\/www.linkedin.com\/company\/upvcampusgandia\/"]},{"@type":"Person","@id":"https:\/\/cienciagandia.webs.upv.es\/#\/schema\/person\/e5839c7b014a8c81160e23dd3edd3f1f","name":"JP","image":{"@type":"ImageObject","inLanguage":"ca-CA","@id":"https:\/\/secure.gravatar.com\/avatar\/f87e7247614a01397c805dc94eb077aa2c295664f8e3d9aec750ceabd3bac8ac?s=96&d=mm&r=g","url":"https:\/\/secure.gravatar.com\/avatar\/f87e7247614a01397c805dc94eb077aa2c295664f8e3d9aec750ceabd3bac8ac?s=96&d=mm&r=g","contentUrl":"https:\/\/secure.gravatar.com\/avatar\/f87e7247614a01397c805dc94eb077aa2c295664f8e3d9aec750ceabd3bac8ac?s=96&d=mm&r=g","caption":"JP"},"url":"https:\/\/cienciagandia.webs.upv.es\/ca\/author\/jp\/"}]}},"_links":{"self":[{"href":"https:\/\/cienciagandia.webs.upv.es\/ca\/wp-json\/wp\/v2\/posts\/4522","targetHints":{"allow":["GET"]}}],"collection":[{"href":"https:\/\/cienciagandia.webs.upv.es\/ca\/wp-json\/wp\/v2\/posts"}],"about":[{"href":"https:\/\/cienciagandia.webs.upv.es\/ca\/wp-json\/wp\/v2\/types\/post"}],"author":[{"embeddable":true,"href":"https:\/\/cienciagandia.webs.upv.es\/ca\/wp-json\/wp\/v2\/users\/9"}],"replies":[{"embeddable":true,"href":"https:\/\/cienciagandia.webs.upv.es\/ca\/wp-json\/wp\/v2\/comments?post=4522"}],"version-history":[{"count":2,"href":"https:\/\/cienciagandia.webs.upv.es\/ca\/wp-json\/wp\/v2\/posts\/4522\/revisions"}],"predecessor-version":[{"id":4524,"href":"https:\/\/cienciagandia.webs.upv.es\/ca\/wp-json\/wp\/v2\/posts\/4522\/revisions\/4524"}],"wp:featuredmedia":[{"embeddable":true,"href":"https:\/\/cienciagandia.webs.upv.es\/ca\/wp-json\/wp\/v2\/media\/4520"}],"wp:attachment":[{"href":"https:\/\/cienciagandia.webs.upv.es\/ca\/wp-json\/wp\/v2\/media?parent=4522"}],"wp:term":[{"taxonomy":"category","embeddable":true,"href":"https:\/\/cienciagandia.webs.upv.es\/ca\/wp-json\/wp\/v2\/categories?post=4522"},{"taxonomy":"post_tag","embeddable":true,"href":"https:\/\/cienciagandia.webs.upv.es\/ca\/wp-json\/wp\/v2\/tags?post=4522"}],"curies":[{"name":"wp","href":"https:\/\/api.w.org\/{rel}","templated":true}]}}