{"id":3346,"date":"2015-10-28T10:04:42","date_gmt":"2015-10-28T09:04:42","guid":{"rendered":"http:\/\/cienciagandia.webs.upv.es\/?p=3346"},"modified":"2016-02-17T08:42:08","modified_gmt":"2016-02-17T07:42:08","slug":"participacio-del-campus-de-gandia-al-tecniacustica-2015","status":"publish","type":"post","link":"https:\/\/cienciagandia.webs.upv.es\/ca\/2015\/10\/participacio-del-campus-de-gandia-al-tecniacustica-2015\/","title":{"rendered":"Participaci\u00f3 del Campus de Gandia al Tecniac\u00fastica 2015"},"content":{"rendered":"<p><strong>La Ciutat Polit\u00e8cnica de la Innovaci\u00f3 de la UPV<\/strong> va acollir del 21 al 23 d&#8217;octubre, <strong><a href=\"http:\/\/www.congresotecniacustica.info\/enter.htm\" target=\"_blank\">Tecniac\u00fastica 2015<\/a><\/strong>, un congr\u00e9s en el qual m\u00e9s de <strong>200 experts nacionals i internacionals<\/strong> van presentar els \u00faltims avan\u00e7os i van debatre sobre els pr\u00f2xims reptes de <strong>recerca en el camp de l&#8217;ac\u00fastica<\/strong>.<\/p>\n<p>Entre molts altres temes, es van abordar les novetats per al control del soroll i l&#8217;a\u00efllament d&#8217;edificis; nous materials i dispositius ac\u00fastics; disseny de sales; an\u00e0lisi ac\u00fastica de zones d&#8217;oci; ac\u00fastica virtual; o conservaci\u00f3 del patrimoni sonor de la Comunitat Valenciana.<br \/>\n<!--more--><br \/>\nEl congr\u00e9s, <strong>un dels principals f\u00f2rums internacionals en el camp de l&#8217;ac\u00fastica arquitect\u00f2nica, arqueol\u00f2gica i de realitat virtual<\/strong>, est\u00e0 organitzat per la <strong>Societat Espanyola d&#8217;Ac\u00fastica<\/strong> en col\u00b7laboraci\u00f3 amb el grup de recerca en ac\u00fastica virtual, del qual formen part professors de la UPV (entre ells, diversos del Campus de Gandia) i la UV.<\/p>\n<p>DEL SOROLL DE LA N332 A LA LLANA D&#8217;OVELLA COM A ABSORBENT AC\u00daSTIC<\/p>\n<p>Un dels treballs presentats per investigadors del Campus de Gandia, va ser un <strong>estudi comparatiu sobre els nivells de soroll en la N332 al seu pas per Oliva<\/strong>, poblaci\u00f3 que pateix els problemes de sorolls del tr\u00e0fic. &#8220;Segons es deriva d&#8217;aquest estudi, el cabal de tr\u00e0fic que passa per Oliva ha augmentat entorn del 50% respecte a 1999\u201d, apunta <strong>Jes\u00fas Alba<\/strong>, un dels autors de l&#8217;estudi. \u201cEls nivells de soroll en ess\u00e8ncia s\u00f3n els mateixos encara que s&#8217;han obert rondes noves. <strong>Estan en 10 dB per damunt en totes les seues franges hor\u00e0ries respecte al que marca la llei\u201d<\/strong>, apunta Alba.<\/p>\n<figure id=\"attachment_3364\" aria-describedby=\"caption-attachment-3364\" style=\"width: 640px\" class=\"wp-caption aligncenter\"><a href=\"https:\/\/cienciagandia.webs.upv.es\/wp-content\/uploads\/2015\/10\/jesus-alba-romina-del-rey.png\"><img loading=\"lazy\" decoding=\"async\" class=\"wp-image-3364\" src=\"https:\/\/cienciagandia.webs.upv.es\/wp-content\/uploads\/2015\/10\/jesus-alba-romina-del-rey.png\" alt=\"Jes\u00fas Alba \/ Romina del Rey\" width=\"650\" height=\"366\" srcset=\"https:\/\/cienciagandia.webs.upv.es\/wp-content\/uploads\/2015\/10\/jesus-alba-romina-del-rey.png 800w, https:\/\/cienciagandia.webs.upv.es\/wp-content\/uploads\/2015\/10\/jesus-alba-romina-del-rey-444x250.png 444w, https:\/\/cienciagandia.webs.upv.es\/wp-content\/uploads\/2015\/10\/jesus-alba-romina-del-rey-150x84.png 150w\" sizes=\"auto, (max-width: 650px) 100vw, 650px\" \/><\/a><figcaption id=\"caption-attachment-3364\" class=\"wp-caption-text\">Jes\u00fas Alba \/ Romina del Rey<\/figcaption><\/figure>\n<p>Aquest mateix equip del Campus va presentar els primers resultats del <strong><a href=\"https:\/\/cienciagandia.webs.upv.es\/ca\/2014\/12\/projecte-wool4build-creacio-de-nous-materials-absorbents-amb-residus-de-llana-dovella\/\" target=\"_blank\">projecte WOOL4BUILD<\/a><\/strong>, que el seu objectiu crear nous materials absorbents amb residus de llana d&#8217;ovella<\/p>\n<p>\u00c0MPLIA PARTICIPACI\u00d3 D&#8217;INVESTIGADORS DEL CAMPUS<\/p>\n<p>Investigadors del Campus van coordinar les seg\u00fcents <a href=\"http:\/\/www.congresotecniacustica.info\/Fchrs\/sesiones_tecnicas.htm\" target=\"_blank\">sessions estructurades<\/a>:<\/p>\n<ul>\n<li><strong>Ac\u00fastica d&#8217;ecosistemes marins<\/strong>. Coordinadors: <strong>V\u00edctor Espinosa<\/strong> i Michael Taroudakis<\/li>\n<\/ul>\n<ul>\n<li><strong>ULT-0 Ultrasons<\/strong>. Coordinadors: Enrique Riera i <strong>V\u00edctor S\u00e1nchez Morcillo<\/strong><\/li>\n<\/ul>\n<p>El grup d&#8217;experts del Campus de Gandia que van participar en les diferents pon\u00e8ncies i treballs presentats durant els <a href=\"http:\/\/www.congresotecniacustica.info\/Fchrs\/programa_diario.htm\" target=\"_blank\">tres dies de programa<\/a> va ser nodrit:<\/p>\n<ul>\n<li><a href=\"http:\/\/congresotecniacustica.info\/Fchrs\/Abstracts\/AED-2_007.htm\" target=\"_blank\">Estudi objectiu i subjectiu de l&#8217;efecte dels difusors basats en cristalls de so<\/a>. Autors: Alberto Quintana Gallardo, Blanca Herv\u00e1s Zafra, Il\u00b7luminada P\u00e9rez Troia, Juan Vicente S\u00e1nchez P\u00e9rez, <strong>Francisco Javier Redondo Pastor<\/strong>.<\/li>\n<\/ul>\n<ul>\n<li><a href=\"http:\/\/www.congresotecniacustica.info\/Fchrs\/Abstracts\/ASA-0_008.htm\" target=\"_blank\">\u00das de ecosondes cient\u00edfiques per a l&#8217;estimaci\u00f3 de la talla de peixos a curtes dist\u00e0ncies<\/a>. Autors<strong>: Ester Soliveres, Vicente Puig, Patricia Ord\u00f3\u00f1ez, Vicente D. Estruch, Isabel P\u00e9rez-Arjona, V\u00edctor Espinosa<\/strong>.<\/li>\n<\/ul>\n<ul>\n<li><a href=\"http:\/\/www.congresotecniacustica.info\/Fchrs\/Abstracts\/ASA-0_009.htm\" target=\"_blank\">Caracteritzaci\u00f3 del target strength de grans de pinsos comercials per a aq\u00fcicultura mitjan\u00e7ant ecosondes d\u2019un feix i de feix partit<\/a>. Autors: Susana Llorens, <strong><strong>Isabel P\u00e9rez-Arjona, Ester Soliveres, Patricia Ord\u00f3\u00f1ez, Vicent Puig, V\u00edctor Espinosa<\/strong><\/strong><\/li>\n<\/ul>\n<ul>\n<li><a href=\"http:\/\/congresotecniacustica.info\/Fchrs\/Abstracts\/ASA-0_011.htm\" target=\"_blank\">Avaluaci\u00f3 del Target Stregth de juvenils de tonyina roja (Thunnus thynnus) en g\u00e0bies marines<\/a>. Autors: <strong>Vicente Puig, Ester Soliveres, Patricia Ordo\u00f1ez, V\u00edctor Espinosa, Isabel P\u00e9rez,<\/strong> Fernando de la G\u00e1ndara, <strong>Vicent Estruch<\/strong>, Lucio Calise<\/li>\n<\/ul>\n<ul>\n<li><a href=\"http:\/\/www.congresotecniacustica.info\/Fchrs\/Abstracts\/ASA-0_015.htm\" target=\"_blank\">Acoustic beacon for the positioning system of the underwater neutrino telescope KM3NeT<\/a> . Autors: <strong><strong>M. Salda\u00f1a; M. Ardid, I. Felis, C.D Llorens, J. A. Mart\u00ednez-Mora<\/strong><\/strong><\/li>\n<\/ul>\n<ul>\n<li><a href=\"http:\/\/www.congresotecniacustica.info\/Fchrs\/Abstracts\/ULT-0_011.htm\" target=\"_blank\">Reflexi\u00f3 d&#8217;ones ac\u00fastiques per cristalls de so.<\/a> Autors: <strong>L.J. Salmer\u00f3n-Contreras, A. Cebrecos, N. Jim\u00e9nez<\/strong>, L.M. Garc\u00eda-Raffi<strong>, R. Pic\u00f3, J. Redondo<\/strong>, V. Romero-Garc\u00eda, <strong>V.J. S\u00e1nchez-Morcillo<\/strong>, K. Staliunas<\/li>\n<\/ul>\n<ul>\n<li><a href=\"http:\/\/www.congresotecniacustica.info\/Fchrs\/Abstracts\/ULT-0_016.htm\" target=\"_blank\">Multilayer design of acoustic sensors for dark matter bubble chamber detectors<\/a>.\u00a0Autors: <strong>I.\u00a0Felis, M. Ardid, J. Ferrer, J. A. Mart\u00ednez-Mora<\/strong><\/li>\n<\/ul>\n<p><iframe loading=\"lazy\" src=\"https:\/\/www.youtube.com\/embed\/_Zl2C6Fthz0\" width=\"560\" height=\"315\" frameborder=\"0\" allowfullscreen=\"allowfullscreen\"><\/iframe><\/p>\n<p>A m\u00e9s de tot l&#8217;assenyalat, cal destacar que el <strong><a href=\"http:\/\/congresotecniacustica.info\/Fchrs\/Publicacion%20Oficial%20Congreso.pdf\" target=\"_blank\">Comit\u00e8 Cient\u00edfic de Tecniac\u00fastica 2015<\/a><\/strong> estava compost per <strong>V\u00edctor Espinosa i V\u00edctor S\u00e1nchez-Morcillo<\/strong>, investigadors del Campus, entre altres experts en aquest camp d&#8217;estudi.<\/p>\n<p>La col\u00b7laboraci\u00f3 cient\u00edfica del Campus de Gandia amb el Tecniac\u00fastica ha sigut constant en els \u00faltims anys; de fet, en 2006, <a href=\"https:\/\/cienciagandia.webs.upv.es\/ca\/cronologia\/#7\" target=\"_blank\">el Campus va ser seu del congr\u00e9s<\/a>.<\/p>\n<p>Finalment, es van lliurar els <strong>Premis <span class=\"hiddenSpellError\">Andr\u00e9s<\/span> <span class=\"hiddenSpellError\">Lara<\/span><\/strong> que concedeix la Societat Espanyola d&#8217;Ac\u00fastica. <a href=\"http:\/\/www.sea-acustica.es\/index.php?id=76&amp;tx_ttnews%5btt_news%5d=803&amp;cHash=51208ccbae567e3085bc4722655ec797\" target=\"_blank\">Guard\u00f3 que ha recaigut en <strong>Xavier Banyuls<\/strong><\/a>, alumne del <a href=\"http:\/\/www.upv.es\/titulaciones\/MUIA\/indexv.html\" target=\"_blank\">M\u00e0ster d&#8217;Enginyeria Ac\u00fastica del Campus de Gandia<\/a>. L&#8217;<span class=\"hiddenSpellError\">Andr\u00e9s<\/span> <span class=\"hiddenSpellError\">Lara<\/span> ja ha premiat en edicions anteriors en <a href=\"https:\/\/cienciagandia.webs.upv.es\/ca\/2014\/12\/ivan-herrero-rep-el-premi-andres-lara-2014-per-a-joves-investigadors\/\" target=\"_blank\">investigadors del Campus de Gandia<\/a>.<\/p>\n","protected":false},"excerpt":{"rendered":"<p>La Ciutat Polit\u00e8cnica de la Innovaci\u00f3 de la UPV va acollir del 21 al 23 d&#8217;octubre, Tecniac\u00fastica 2015, un congr\u00e9s en el qual m\u00e9s de &#8230; <a title=\"Participaci\u00f3 del Campus de Gandia al Tecniac\u00fastica 2015\" class=\"read-more\" href=\"https:\/\/cienciagandia.webs.upv.es\/ca\/2015\/10\/participacio-del-campus-de-gandia-al-tecniacustica-2015\/\" aria-label=\"Read more about Participaci\u00f3 del Campus de Gandia al Tecniac\u00fastica 2015\">Llegir m\u00e9s<\/a><\/p>\n","protected":false},"author":9,"featured_media":3342,"comment_status":"open","ping_status":"closed","sticky":false,"template":"","format":"standard","meta":{"footnotes":""},"categories":[252],"tags":[257,367,75,389,272,58,1021,1023,173,274,224],"class_list":["post-3346","post","type-post","status-publish","format-standard","has-post-thumbnail","hentry","category-tecnologia","tag-absorcio-soroll","tag-congreso-ca","tag-jesus-alba","tag-premio-andres-lara-ca","tag-ruido-ca-ca","tag-tecniacustica","tag-victor-espinosa","tag-victor-espinosa-ca","tag-victor-sanchez","tag-wool4build-ca","tag-wool4build","resize-featured-image"],"yoast_head":"<!-- This site is optimized with the Yoast SEO plugin v27.5 - https:\/\/yoast.com\/product\/yoast-seo-wordpress\/ -->\n<title>Participaci\u00f3 del Campus de Gandia al Tecniac\u00fastica 2015 - Campus de Gandia Ciencia - UPV Universitat Polit\u00e8cnica de Val\u00e8ncia<\/title>\n<meta name=\"robots\" content=\"index, follow, max-snippet:-1, max-image-preview:large, max-video-preview:-1\" \/>\n<link rel=\"canonical\" href=\"https:\/\/cienciagandia.webs.upv.es\/ca\/2015\/10\/participacio-del-campus-de-gandia-al-tecniacustica-2015\/\" \/>\n<meta property=\"og:locale\" content=\"en_US\" \/>\n<meta property=\"og:type\" content=\"article\" \/>\n<meta property=\"og:title\" content=\"Participaci\u00f3 del Campus de Gandia al Tecniac\u00fastica 2015 - Campus de Gandia Ciencia - UPV Universitat Polit\u00e8cnica de Val\u00e8ncia\" \/>\n<meta property=\"og:description\" content=\"La Ciutat Polit\u00e8cnica de la Innovaci\u00f3 de la UPV va acollir del 21 al 23 d&#8217;octubre, Tecniac\u00fastica 2015, un congr\u00e9s en el qual m\u00e9s de ... Llegir m\u00e9s\" \/>\n<meta property=\"og:url\" content=\"https:\/\/cienciagandia.webs.upv.es\/ca\/2015\/10\/participacio-del-campus-de-gandia-al-tecniacustica-2015\/\" \/>\n<meta property=\"og:site_name\" content=\"Campus de Gandia Ciencia - UPV Universitat Polit\u00e8cnica de Val\u00e8ncia\" \/>\n<meta property=\"article:publisher\" content=\"https:\/\/www.facebook.com\/UPVCampusGandia\" \/>\n<meta property=\"article:published_time\" content=\"2015-10-28T09:04:42+00:00\" \/>\n<meta property=\"article:modified_time\" content=\"2016-02-17T07:42:08+00:00\" \/>\n<meta property=\"og:image\" content=\"https:\/\/cienciagandia.webs.upv.es\/wp-content\/uploads\/2015\/10\/tecniacustica-campus-gandia-portada.png\" \/>\n\t<meta property=\"og:image:width\" content=\"1440\" \/>\n\t<meta property=\"og:image:height\" content=\"500\" \/>\n\t<meta property=\"og:image:type\" content=\"image\/png\" \/>\n<meta name=\"author\" content=\"JP\" \/>\n<meta name=\"twitter:card\" content=\"summary_large_image\" \/>\n<meta name=\"twitter:creator\" content=\"@UPVCampusGandia\" \/>\n<meta name=\"twitter:site\" content=\"@UPVCampusGandia\" \/>\n<meta name=\"twitter:label1\" content=\"Written by\" \/>\n\t<meta name=\"twitter:data1\" content=\"JP\" \/>\n\t<meta name=\"twitter:label2\" content=\"Est. reading time\" \/>\n\t<meta name=\"twitter:data2\" content=\"4 minutes\" \/>\n<script type=\"application\/ld+json\" class=\"yoast-schema-graph\">{\"@context\":\"https:\\\/\\\/schema.org\",\"@graph\":[{\"@type\":\"Article\",\"@id\":\"https:\\\/\\\/cienciagandia.webs.upv.es\\\/ca\\\/2015\\\/10\\\/participacio-del-campus-de-gandia-al-tecniacustica-2015\\\/#article\",\"isPartOf\":{\"@id\":\"https:\\\/\\\/cienciagandia.webs.upv.es\\\/ca\\\/2015\\\/10\\\/participacio-del-campus-de-gandia-al-tecniacustica-2015\\\/\"},\"author\":{\"name\":\"JP\",\"@id\":\"https:\\\/\\\/cienciagandia.webs.upv.es\\\/#\\\/schema\\\/person\\\/e5839c7b014a8c81160e23dd3edd3f1f\"},\"headline\":\"Participaci\u00f3 del Campus de Gandia al Tecniac\u00fastica 2015\",\"datePublished\":\"2015-10-28T09:04:42+00:00\",\"dateModified\":\"2016-02-17T07:42:08+00:00\",\"mainEntityOfPage\":{\"@id\":\"https:\\\/\\\/cienciagandia.webs.upv.es\\\/ca\\\/2015\\\/10\\\/participacio-del-campus-de-gandia-al-tecniacustica-2015\\\/\"},\"wordCount\":761,\"commentCount\":0,\"publisher\":{\"@id\":\"https:\\\/\\\/cienciagandia.webs.upv.es\\\/#organization\"},\"image\":{\"@id\":\"https:\\\/\\\/cienciagandia.webs.upv.es\\\/ca\\\/2015\\\/10\\\/participacio-del-campus-de-gandia-al-tecniacustica-2015\\\/#primaryimage\"},\"thumbnailUrl\":\"https:\\\/\\\/cienciagandia.webs.upv.es\\\/wp-content\\\/uploads\\\/2015\\\/10\\\/tecniacustica-campus-gandia-portada.png\",\"keywords\":[\"absorci\u00f3 soroll\",\"congr\u00e9s\",\"Jes\u00fas Alba\",\"premi Andr\u00e9s Lara\",\"soroll\",\"Tecniac\u00fastica\",\"v\u00edctor espinosa\",\"v\u00edctor espinosa\",\"V\u00edctor S\u00e1nchez\",\"WOOL4BUILD\",\"WOOL4BUILD\"],\"articleSection\":[\"Tecnologia\"],\"inLanguage\":\"ca-CA\",\"potentialAction\":[{\"@type\":\"CommentAction\",\"name\":\"Comment\",\"target\":[\"https:\\\/\\\/cienciagandia.webs.upv.es\\\/ca\\\/2015\\\/10\\\/participacio-del-campus-de-gandia-al-tecniacustica-2015\\\/#respond\"]}]},{\"@type\":\"WebPage\",\"@id\":\"https:\\\/\\\/cienciagandia.webs.upv.es\\\/ca\\\/2015\\\/10\\\/participacio-del-campus-de-gandia-al-tecniacustica-2015\\\/\",\"url\":\"https:\\\/\\\/cienciagandia.webs.upv.es\\\/ca\\\/2015\\\/10\\\/participacio-del-campus-de-gandia-al-tecniacustica-2015\\\/\",\"name\":\"Participaci\u00f3 del Campus de Gandia al Tecniac\u00fastica 2015 - Campus de Gandia Ciencia - UPV Universitat Polit\u00e8cnica de Val\u00e8ncia\",\"isPartOf\":{\"@id\":\"https:\\\/\\\/cienciagandia.webs.upv.es\\\/#website\"},\"primaryImageOfPage\":{\"@id\":\"https:\\\/\\\/cienciagandia.webs.upv.es\\\/ca\\\/2015\\\/10\\\/participacio-del-campus-de-gandia-al-tecniacustica-2015\\\/#primaryimage\"},\"image\":{\"@id\":\"https:\\\/\\\/cienciagandia.webs.upv.es\\\/ca\\\/2015\\\/10\\\/participacio-del-campus-de-gandia-al-tecniacustica-2015\\\/#primaryimage\"},\"thumbnailUrl\":\"https:\\\/\\\/cienciagandia.webs.upv.es\\\/wp-content\\\/uploads\\\/2015\\\/10\\\/tecniacustica-campus-gandia-portada.png\",\"datePublished\":\"2015-10-28T09:04:42+00:00\",\"dateModified\":\"2016-02-17T07:42:08+00:00\",\"breadcrumb\":{\"@id\":\"https:\\\/\\\/cienciagandia.webs.upv.es\\\/ca\\\/2015\\\/10\\\/participacio-del-campus-de-gandia-al-tecniacustica-2015\\\/#breadcrumb\"},\"inLanguage\":\"ca-CA\",\"potentialAction\":[{\"@type\":\"ReadAction\",\"target\":[\"https:\\\/\\\/cienciagandia.webs.upv.es\\\/ca\\\/2015\\\/10\\\/participacio-del-campus-de-gandia-al-tecniacustica-2015\\\/\"]}]},{\"@type\":\"ImageObject\",\"inLanguage\":\"ca-CA\",\"@id\":\"https:\\\/\\\/cienciagandia.webs.upv.es\\\/ca\\\/2015\\\/10\\\/participacio-del-campus-de-gandia-al-tecniacustica-2015\\\/#primaryimage\",\"url\":\"https:\\\/\\\/cienciagandia.webs.upv.es\\\/wp-content\\\/uploads\\\/2015\\\/10\\\/tecniacustica-campus-gandia-portada.png\",\"contentUrl\":\"https:\\\/\\\/cienciagandia.webs.upv.es\\\/wp-content\\\/uploads\\\/2015\\\/10\\\/tecniacustica-campus-gandia-portada.png\",\"width\":1440,\"height\":500},{\"@type\":\"BreadcrumbList\",\"@id\":\"https:\\\/\\\/cienciagandia.webs.upv.es\\\/ca\\\/2015\\\/10\\\/participacio-del-campus-de-gandia-al-tecniacustica-2015\\\/#breadcrumb\",\"itemListElement\":[{\"@type\":\"ListItem\",\"position\":1,\"name\":\"Portada\",\"item\":\"https:\\\/\\\/cienciagandia.webs.upv.es\\\/ca\\\/\"},{\"@type\":\"ListItem\",\"position\":2,\"name\":\"Participaci\u00f3 del Campus de Gandia al Tecniac\u00fastica 2015\"}]},{\"@type\":\"WebSite\",\"@id\":\"https:\\\/\\\/cienciagandia.webs.upv.es\\\/#website\",\"url\":\"https:\\\/\\\/cienciagandia.webs.upv.es\\\/\",\"name\":\"Blog de Ciencia del Campus de Gandia de la Universitat Polit\u00e8cnica de Val\u00e8ncia UPV\",\"description\":\"Campus de Gandia Ciencia UPV\",\"publisher\":{\"@id\":\"https:\\\/\\\/cienciagandia.webs.upv.es\\\/#organization\"},\"potentialAction\":[{\"@type\":\"SearchAction\",\"target\":{\"@type\":\"EntryPoint\",\"urlTemplate\":\"https:\\\/\\\/cienciagandia.webs.upv.es\\\/?s={search_term_string}\"},\"query-input\":{\"@type\":\"PropertyValueSpecification\",\"valueRequired\":true,\"valueName\":\"search_term_string\"}}],\"inLanguage\":\"ca-CA\"},{\"@type\":\"Organization\",\"@id\":\"https:\\\/\\\/cienciagandia.webs.upv.es\\\/#organization\",\"name\":\"Campus de Gandia de la Universitat Polit\u00e8cnica de Val\u00e8ncia UPV\",\"alternateName\":\"Campus de Gandia UPV\",\"url\":\"https:\\\/\\\/cienciagandia.webs.upv.es\\\/\",\"logo\":{\"@type\":\"ImageObject\",\"inLanguage\":\"ca-CA\",\"@id\":\"https:\\\/\\\/cienciagandia.webs.upv.es\\\/#\\\/schema\\\/logo\\\/image\\\/\",\"url\":\"https:\\\/\\\/cienciagandia.webs.upv.es\\\/wp-content\\\/uploads\\\/2023\\\/10\\\/UPV-Gandia.jpg\",\"contentUrl\":\"https:\\\/\\\/cienciagandia.webs.upv.es\\\/wp-content\\\/uploads\\\/2023\\\/10\\\/UPV-Gandia.jpg\",\"width\":770,\"height\":366,\"caption\":\"Campus de Gandia de la Universitat Polit\u00e8cnica de Val\u00e8ncia UPV\"},\"image\":{\"@id\":\"https:\\\/\\\/cienciagandia.webs.upv.es\\\/#\\\/schema\\\/logo\\\/image\\\/\"},\"sameAs\":[\"https:\\\/\\\/www.facebook.com\\\/UPVCampusGandia\",\"https:\\\/\\\/x.com\\\/UPVCampusGandia\",\"https:\\\/\\\/www.instagram.com\\\/upvcampusgandia\\\/\",\"https:\\\/\\\/www.linkedin.com\\\/company\\\/upvcampusgandia\\\/\"]},{\"@type\":\"Person\",\"@id\":\"https:\\\/\\\/cienciagandia.webs.upv.es\\\/#\\\/schema\\\/person\\\/e5839c7b014a8c81160e23dd3edd3f1f\",\"name\":\"JP\",\"image\":{\"@type\":\"ImageObject\",\"inLanguage\":\"ca-CA\",\"@id\":\"https:\\\/\\\/secure.gravatar.com\\\/avatar\\\/f87e7247614a01397c805dc94eb077aa2c295664f8e3d9aec750ceabd3bac8ac?s=96&d=mm&r=g\",\"url\":\"https:\\\/\\\/secure.gravatar.com\\\/avatar\\\/f87e7247614a01397c805dc94eb077aa2c295664f8e3d9aec750ceabd3bac8ac?s=96&d=mm&r=g\",\"contentUrl\":\"https:\\\/\\\/secure.gravatar.com\\\/avatar\\\/f87e7247614a01397c805dc94eb077aa2c295664f8e3d9aec750ceabd3bac8ac?s=96&d=mm&r=g\",\"caption\":\"JP\"},\"url\":\"https:\\\/\\\/cienciagandia.webs.upv.es\\\/ca\\\/author\\\/jp\\\/\"}]}<\/script>\n<!-- \/ Yoast SEO plugin. -->","yoast_head_json":{"title":"Participaci\u00f3 del Campus de Gandia al Tecniac\u00fastica 2015 - Campus de Gandia Ciencia - UPV Universitat Polit\u00e8cnica de Val\u00e8ncia","robots":{"index":"index","follow":"follow","max-snippet":"max-snippet:-1","max-image-preview":"max-image-preview:large","max-video-preview":"max-video-preview:-1"},"canonical":"https:\/\/cienciagandia.webs.upv.es\/ca\/2015\/10\/participacio-del-campus-de-gandia-al-tecniacustica-2015\/","og_locale":"en_US","og_type":"article","og_title":"Participaci\u00f3 del Campus de Gandia al Tecniac\u00fastica 2015 - Campus de Gandia Ciencia - UPV Universitat Polit\u00e8cnica de Val\u00e8ncia","og_description":"La Ciutat Polit\u00e8cnica de la Innovaci\u00f3 de la UPV va acollir del 21 al 23 d&#8217;octubre, Tecniac\u00fastica 2015, un congr\u00e9s en el qual m\u00e9s de ... Llegir m\u00e9s","og_url":"https:\/\/cienciagandia.webs.upv.es\/ca\/2015\/10\/participacio-del-campus-de-gandia-al-tecniacustica-2015\/","og_site_name":"Campus de Gandia Ciencia - UPV Universitat Polit\u00e8cnica de Val\u00e8ncia","article_publisher":"https:\/\/www.facebook.com\/UPVCampusGandia","article_published_time":"2015-10-28T09:04:42+00:00","article_modified_time":"2016-02-17T07:42:08+00:00","og_image":[{"width":1440,"height":500,"url":"https:\/\/cienciagandia.webs.upv.es\/wp-content\/uploads\/2015\/10\/tecniacustica-campus-gandia-portada.png","type":"image\/png"}],"author":"JP","twitter_card":"summary_large_image","twitter_creator":"@UPVCampusGandia","twitter_site":"@UPVCampusGandia","twitter_misc":{"Written by":"JP","Est. reading time":"4 minutes"},"schema":{"@context":"https:\/\/schema.org","@graph":[{"@type":"Article","@id":"https:\/\/cienciagandia.webs.upv.es\/ca\/2015\/10\/participacio-del-campus-de-gandia-al-tecniacustica-2015\/#article","isPartOf":{"@id":"https:\/\/cienciagandia.webs.upv.es\/ca\/2015\/10\/participacio-del-campus-de-gandia-al-tecniacustica-2015\/"},"author":{"name":"JP","@id":"https:\/\/cienciagandia.webs.upv.es\/#\/schema\/person\/e5839c7b014a8c81160e23dd3edd3f1f"},"headline":"Participaci\u00f3 del Campus de Gandia al Tecniac\u00fastica 2015","datePublished":"2015-10-28T09:04:42+00:00","dateModified":"2016-02-17T07:42:08+00:00","mainEntityOfPage":{"@id":"https:\/\/cienciagandia.webs.upv.es\/ca\/2015\/10\/participacio-del-campus-de-gandia-al-tecniacustica-2015\/"},"wordCount":761,"commentCount":0,"publisher":{"@id":"https:\/\/cienciagandia.webs.upv.es\/#organization"},"image":{"@id":"https:\/\/cienciagandia.webs.upv.es\/ca\/2015\/10\/participacio-del-campus-de-gandia-al-tecniacustica-2015\/#primaryimage"},"thumbnailUrl":"https:\/\/cienciagandia.webs.upv.es\/wp-content\/uploads\/2015\/10\/tecniacustica-campus-gandia-portada.png","keywords":["absorci\u00f3 soroll","congr\u00e9s","Jes\u00fas Alba","premi Andr\u00e9s Lara","soroll","Tecniac\u00fastica","v\u00edctor espinosa","v\u00edctor espinosa","V\u00edctor S\u00e1nchez","WOOL4BUILD","WOOL4BUILD"],"articleSection":["Tecnologia"],"inLanguage":"ca-CA","potentialAction":[{"@type":"CommentAction","name":"Comment","target":["https:\/\/cienciagandia.webs.upv.es\/ca\/2015\/10\/participacio-del-campus-de-gandia-al-tecniacustica-2015\/#respond"]}]},{"@type":"WebPage","@id":"https:\/\/cienciagandia.webs.upv.es\/ca\/2015\/10\/participacio-del-campus-de-gandia-al-tecniacustica-2015\/","url":"https:\/\/cienciagandia.webs.upv.es\/ca\/2015\/10\/participacio-del-campus-de-gandia-al-tecniacustica-2015\/","name":"Participaci\u00f3 del Campus de Gandia al Tecniac\u00fastica 2015 - Campus de Gandia Ciencia - UPV Universitat Polit\u00e8cnica de Val\u00e8ncia","isPartOf":{"@id":"https:\/\/cienciagandia.webs.upv.es\/#website"},"primaryImageOfPage":{"@id":"https:\/\/cienciagandia.webs.upv.es\/ca\/2015\/10\/participacio-del-campus-de-gandia-al-tecniacustica-2015\/#primaryimage"},"image":{"@id":"https:\/\/cienciagandia.webs.upv.es\/ca\/2015\/10\/participacio-del-campus-de-gandia-al-tecniacustica-2015\/#primaryimage"},"thumbnailUrl":"https:\/\/cienciagandia.webs.upv.es\/wp-content\/uploads\/2015\/10\/tecniacustica-campus-gandia-portada.png","datePublished":"2015-10-28T09:04:42+00:00","dateModified":"2016-02-17T07:42:08+00:00","breadcrumb":{"@id":"https:\/\/cienciagandia.webs.upv.es\/ca\/2015\/10\/participacio-del-campus-de-gandia-al-tecniacustica-2015\/#breadcrumb"},"inLanguage":"ca-CA","potentialAction":[{"@type":"ReadAction","target":["https:\/\/cienciagandia.webs.upv.es\/ca\/2015\/10\/participacio-del-campus-de-gandia-al-tecniacustica-2015\/"]}]},{"@type":"ImageObject","inLanguage":"ca-CA","@id":"https:\/\/cienciagandia.webs.upv.es\/ca\/2015\/10\/participacio-del-campus-de-gandia-al-tecniacustica-2015\/#primaryimage","url":"https:\/\/cienciagandia.webs.upv.es\/wp-content\/uploads\/2015\/10\/tecniacustica-campus-gandia-portada.png","contentUrl":"https:\/\/cienciagandia.webs.upv.es\/wp-content\/uploads\/2015\/10\/tecniacustica-campus-gandia-portada.png","width":1440,"height":500},{"@type":"BreadcrumbList","@id":"https:\/\/cienciagandia.webs.upv.es\/ca\/2015\/10\/participacio-del-campus-de-gandia-al-tecniacustica-2015\/#breadcrumb","itemListElement":[{"@type":"ListItem","position":1,"name":"Portada","item":"https:\/\/cienciagandia.webs.upv.es\/ca\/"},{"@type":"ListItem","position":2,"name":"Participaci\u00f3 del Campus de Gandia al Tecniac\u00fastica 2015"}]},{"@type":"WebSite","@id":"https:\/\/cienciagandia.webs.upv.es\/#website","url":"https:\/\/cienciagandia.webs.upv.es\/","name":"Blog de Ciencia del Campus de Gandia de la Universitat Polit\u00e8cnica de Val\u00e8ncia UPV","description":"Campus de Gandia Ciencia UPV","publisher":{"@id":"https:\/\/cienciagandia.webs.upv.es\/#organization"},"potentialAction":[{"@type":"SearchAction","target":{"@type":"EntryPoint","urlTemplate":"https:\/\/cienciagandia.webs.upv.es\/?s={search_term_string}"},"query-input":{"@type":"PropertyValueSpecification","valueRequired":true,"valueName":"search_term_string"}}],"inLanguage":"ca-CA"},{"@type":"Organization","@id":"https:\/\/cienciagandia.webs.upv.es\/#organization","name":"Campus de Gandia de la Universitat Polit\u00e8cnica de Val\u00e8ncia UPV","alternateName":"Campus de Gandia UPV","url":"https:\/\/cienciagandia.webs.upv.es\/","logo":{"@type":"ImageObject","inLanguage":"ca-CA","@id":"https:\/\/cienciagandia.webs.upv.es\/#\/schema\/logo\/image\/","url":"https:\/\/cienciagandia.webs.upv.es\/wp-content\/uploads\/2023\/10\/UPV-Gandia.jpg","contentUrl":"https:\/\/cienciagandia.webs.upv.es\/wp-content\/uploads\/2023\/10\/UPV-Gandia.jpg","width":770,"height":366,"caption":"Campus de Gandia de la Universitat Polit\u00e8cnica de Val\u00e8ncia UPV"},"image":{"@id":"https:\/\/cienciagandia.webs.upv.es\/#\/schema\/logo\/image\/"},"sameAs":["https:\/\/www.facebook.com\/UPVCampusGandia","https:\/\/x.com\/UPVCampusGandia","https:\/\/www.instagram.com\/upvcampusgandia\/","https:\/\/www.linkedin.com\/company\/upvcampusgandia\/"]},{"@type":"Person","@id":"https:\/\/cienciagandia.webs.upv.es\/#\/schema\/person\/e5839c7b014a8c81160e23dd3edd3f1f","name":"JP","image":{"@type":"ImageObject","inLanguage":"ca-CA","@id":"https:\/\/secure.gravatar.com\/avatar\/f87e7247614a01397c805dc94eb077aa2c295664f8e3d9aec750ceabd3bac8ac?s=96&d=mm&r=g","url":"https:\/\/secure.gravatar.com\/avatar\/f87e7247614a01397c805dc94eb077aa2c295664f8e3d9aec750ceabd3bac8ac?s=96&d=mm&r=g","contentUrl":"https:\/\/secure.gravatar.com\/avatar\/f87e7247614a01397c805dc94eb077aa2c295664f8e3d9aec750ceabd3bac8ac?s=96&d=mm&r=g","caption":"JP"},"url":"https:\/\/cienciagandia.webs.upv.es\/ca\/author\/jp\/"}]}},"_links":{"self":[{"href":"https:\/\/cienciagandia.webs.upv.es\/ca\/wp-json\/wp\/v2\/posts\/3346","targetHints":{"allow":["GET"]}}],"collection":[{"href":"https:\/\/cienciagandia.webs.upv.es\/ca\/wp-json\/wp\/v2\/posts"}],"about":[{"href":"https:\/\/cienciagandia.webs.upv.es\/ca\/wp-json\/wp\/v2\/types\/post"}],"author":[{"embeddable":true,"href":"https:\/\/cienciagandia.webs.upv.es\/ca\/wp-json\/wp\/v2\/users\/9"}],"replies":[{"embeddable":true,"href":"https:\/\/cienciagandia.webs.upv.es\/ca\/wp-json\/wp\/v2\/comments?post=3346"}],"version-history":[{"count":7,"href":"https:\/\/cienciagandia.webs.upv.es\/ca\/wp-json\/wp\/v2\/posts\/3346\/revisions"}],"predecessor-version":[{"id":3604,"href":"https:\/\/cienciagandia.webs.upv.es\/ca\/wp-json\/wp\/v2\/posts\/3346\/revisions\/3604"}],"wp:featuredmedia":[{"embeddable":true,"href":"https:\/\/cienciagandia.webs.upv.es\/ca\/wp-json\/wp\/v2\/media\/3342"}],"wp:attachment":[{"href":"https:\/\/cienciagandia.webs.upv.es\/ca\/wp-json\/wp\/v2\/media?parent=3346"}],"wp:term":[{"taxonomy":"category","embeddable":true,"href":"https:\/\/cienciagandia.webs.upv.es\/ca\/wp-json\/wp\/v2\/categories?post=3346"},{"taxonomy":"post_tag","embeddable":true,"href":"https:\/\/cienciagandia.webs.upv.es\/ca\/wp-json\/wp\/v2\/tags?post=3346"}],"curies":[{"name":"wp","href":"https:\/\/api.w.org\/{rel}","templated":true}]}}