{"id":26142,"date":"2026-03-11T12:15:34","date_gmt":"2026-03-11T11:15:34","guid":{"rendered":"https:\/\/cienciagandia.webs.upv.es\/?p=26142"},"modified":"2026-03-11T12:16:42","modified_gmt":"2026-03-11T11:16:42","slug":"la-ciencia-darrere-de-la-veu-operistica","status":"publish","type":"post","link":"https:\/\/cienciagandia.webs.upv.es\/ca\/2026\/03\/la-ciencia-darrere-de-la-veu-operistica\/","title":{"rendered":"La ci\u00e8ncia darrere de la veu oper\u00edstica\u00a0"},"content":{"rendered":"\n<p>La ci\u00e8ncia darrere de la veu oper\u00edstica&nbsp;va ser el t\u00edtol de la confer\u00e8ncia impartida per&nbsp;Rub\u00e9n Pic\u00f3&nbsp;(catedr\u00e0tic de F\u00edsica Aplicada \u2013 Ac\u00fastica, Universitat Polit\u00e8cnica de Val\u00e8ncia, Campus de Gandia) dins del curs&nbsp;\u201cL\u2019\u00f2pera, un organisme complex: com naix, opera i evoluciona fins a l\u2019actualitat\u201d, organitzat per&nbsp;la Nau Gran de la Universitat de Val\u00e8ncia&nbsp;en col\u00b7laboraci\u00f3 amb&nbsp;Les Arts, Val\u00e8ncia<strong>.<\/strong>&nbsp;<\/p>\n\n\n\n<p>La sessi\u00f3 va abordar la veu oper\u00edstica des d\u2019una perspectiva cient\u00edfica, analitzant qu\u00e8 ocorre f\u00edsicament quan una cantant o un cantant projecta la seua veu en un teatre, com interactua amb l\u2019arquitectura de la sala i per qu\u00e8 determinats espais potencien l\u2019experi\u00e8ncia art\u00edstica. A trav\u00e9s d\u2019explicacions accessibles i experiments participatius, el p\u00fablic va poder comprendre conceptes com la&nbsp;resson\u00e0ncia, la projecci\u00f3, la directivitat o el refor\u00e7 ac\u00fastic natural<strong>,<\/strong>&nbsp;connectant la f\u00edsica del so amb l\u2019emoci\u00f3 musical.&nbsp;<\/p>\n\n\n\n<p>L\u2019activitat va combinar&nbsp;confer\u00e8ncia i visita t\u00e8cnica a l\u2019Aula Magistral, cosa que va permetre observar&nbsp;<em>in situ<\/em>&nbsp;les caracter\u00edstiques ac\u00fastiques de l\u2019espai i reflexionar sobre com el disseny arquitect\u00f2nic influeix en la percepci\u00f3 de la veu i de l\u2019orquestra. Aquesta aproximaci\u00f3 pr\u00e0ctica va facilitar una comprensi\u00f3 directa de la relaci\u00f3 entre&nbsp;ci\u00e8ncia, arquitectura i experi\u00e8ncia est\u00e8tica<strong>.<\/strong>&nbsp;<\/p>\n\n\n\n<figure class=\"wp-block-gallery has-nested-images columns-default is-cropped wp-block-gallery-1 is-layout-flex wp-block-gallery-is-layout-flex\">\n<figure class=\"wp-block-image size-large\"><img loading=\"lazy\" decoding=\"async\" width=\"667\" height=\"500\" data-id=\"26150\" src=\"https:\/\/cienciagandia.webs.upv.es\/wp-content\/uploads\/2026\/03\/20260223_154843-667x500.webp\" alt=\"\" class=\"wp-image-26150\" srcset=\"https:\/\/cienciagandia.webs.upv.es\/wp-content\/uploads\/2026\/03\/20260223_154843-667x500.webp 667w, https:\/\/cienciagandia.webs.upv.es\/wp-content\/uploads\/2026\/03\/20260223_154843-333x250.webp 333w, https:\/\/cienciagandia.webs.upv.es\/wp-content\/uploads\/2026\/03\/20260223_154843-768x576.webp 768w, https:\/\/cienciagandia.webs.upv.es\/wp-content\/uploads\/2026\/03\/20260223_154843-1536x1152.webp 1536w, https:\/\/cienciagandia.webs.upv.es\/wp-content\/uploads\/2026\/03\/20260223_154843-2048x1536.webp 2048w\" sizes=\"auto, (max-width: 667px) 100vw, 667px\" \/><\/figure>\n<\/figure>\n\n\n\n<p>La xarrada s\u2019emmarca en la l\u00ednia de treball que Rub\u00e9n Pic\u00f3 desenvolupa des de la&nbsp;UPV<strong>&nbsp;<\/strong>en l\u2019\u00e0mbit de l\u2019ac\u00fastica musical i la divulgaci\u00f3 cient\u00edfica, i connecta directament amb el projecte&nbsp;Ci\u00e8ncia i M\u00fasica<strong>,<\/strong>&nbsp;que promou el di\u00e0leg entre&nbsp;investigaci\u00f3, creaci\u00f3 art\u00edstica i transfer\u00e8ncia de coneixement a la societat<strong>.<\/strong>&nbsp;La sessi\u00f3 va posar de manifest com l\u2019\u00f2pera no \u00e9s nom\u00e9s interpretaci\u00f3 esc\u00e8nica, sin\u00f3 tamb\u00e9&nbsp;f\u00edsica, enginyeria, disseny ac\u00fastic i ci\u00e8ncia aplicada a l\u2019art<strong>.<\/strong>&nbsp;<\/p>\n\n\n\n<p>La trobada va reunir un p\u00fablic especialment participatiu, interessat a comprendre l\u2019\u00f2pera no sols des de la seua dimensi\u00f3 hist\u00f2rica i art\u00edstica, sin\u00f3 tamb\u00e9 des de la seua base material i cient\u00edfica, refor\u00e7ant aix\u00ed el&nbsp;car\u00e0cter interdisciplinari del curs<strong>.<\/strong>&nbsp;<\/p>\n","protected":false},"excerpt":{"rendered":"<p>La ci\u00e8ncia darrere de la veu oper\u00edstica&nbsp;va ser el t\u00edtol de la confer\u00e8ncia impartida per&nbsp;Rub\u00e9n Pic\u00f3&nbsp;(catedr\u00e0tic de F\u00edsica Aplicada \u2013 Ac\u00fastica, Universitat Polit\u00e8cnica de Val\u00e8ncia, &#8230; <a title=\"La ci\u00e8ncia darrere de la veu oper\u00edstica\u00a0\" class=\"read-more\" href=\"https:\/\/cienciagandia.webs.upv.es\/ca\/2026\/03\/la-ciencia-darrere-de-la-veu-operistica\/\" aria-label=\"Read more about La ci\u00e8ncia darrere de la veu oper\u00edstica\u00a0\">Llegir m\u00e9s<\/a><\/p>\n","protected":false},"author":19,"featured_media":26147,"comment_status":"closed","ping_status":"closed","sticky":false,"template":"","format":"standard","meta":{"footnotes":""},"categories":[244],"tags":[],"class_list":["post-26142","post","type-post","status-publish","format-standard","has-post-thumbnail","hentry","category-otros-ca-ca","resize-featured-image"],"yoast_head":"<!-- This site is optimized with the Yoast SEO plugin v27.5 - https:\/\/yoast.com\/product\/yoast-seo-wordpress\/ -->\n<title>La ci\u00e8ncia darrere de la veu oper\u00edstica\u00a0 - Campus de Gandia Ciencia - UPV Universitat Polit\u00e8cnica de Val\u00e8ncia<\/title>\n<meta name=\"robots\" content=\"index, follow, max-snippet:-1, max-image-preview:large, max-video-preview:-1\" \/>\n<link rel=\"canonical\" href=\"https:\/\/cienciagandia.webs.upv.es\/ca\/2026\/03\/la-ciencia-darrere-de-la-veu-operistica\/\" \/>\n<meta property=\"og:locale\" content=\"en_US\" \/>\n<meta property=\"og:type\" content=\"article\" \/>\n<meta property=\"og:title\" content=\"La ci\u00e8ncia darrere de la veu oper\u00edstica\u00a0 - Campus de Gandia Ciencia - UPV Universitat Polit\u00e8cnica de Val\u00e8ncia\" \/>\n<meta property=\"og:description\" content=\"La ci\u00e8ncia darrere de la veu oper\u00edstica&nbsp;va ser el t\u00edtol de la confer\u00e8ncia impartida per&nbsp;Rub\u00e9n Pic\u00f3&nbsp;(catedr\u00e0tic de F\u00edsica Aplicada \u2013 Ac\u00fastica, Universitat Polit\u00e8cnica de Val\u00e8ncia, ... Llegir m\u00e9s\" \/>\n<meta property=\"og:url\" content=\"https:\/\/cienciagandia.webs.upv.es\/ca\/2026\/03\/la-ciencia-darrere-de-la-veu-operistica\/\" \/>\n<meta property=\"og:site_name\" content=\"Campus de Gandia Ciencia - UPV Universitat Polit\u00e8cnica de Val\u00e8ncia\" \/>\n<meta property=\"article:publisher\" content=\"https:\/\/www.facebook.com\/UPVCampusGandia\" \/>\n<meta property=\"article:published_time\" content=\"2026-03-11T11:15:34+00:00\" \/>\n<meta property=\"article:modified_time\" content=\"2026-03-11T11:16:42+00:00\" \/>\n<meta property=\"og:image\" content=\"https:\/\/cienciagandia.webs.upv.es\/wp-content\/uploads\/2026\/03\/20260223_171730-scaled.webp\" \/>\n\t<meta property=\"og:image:width\" content=\"2560\" \/>\n\t<meta property=\"og:image:height\" content=\"1920\" \/>\n\t<meta property=\"og:image:type\" content=\"image\/jpeg\" \/>\n<meta name=\"author\" content=\"Laida Frasquet\" \/>\n<meta name=\"twitter:card\" content=\"summary_large_image\" \/>\n<meta name=\"twitter:creator\" content=\"@UPVCampusGandia\" \/>\n<meta name=\"twitter:site\" content=\"@UPVCampusGandia\" \/>\n<meta name=\"twitter:label1\" content=\"Written by\" \/>\n\t<meta name=\"twitter:data1\" content=\"Laida Frasquet\" \/>\n\t<meta name=\"twitter:label2\" content=\"Est. reading time\" \/>\n\t<meta name=\"twitter:data2\" content=\"2 minutes\" \/>\n<script type=\"application\/ld+json\" class=\"yoast-schema-graph\">{\"@context\":\"https:\\\/\\\/schema.org\",\"@graph\":[{\"@type\":\"Article\",\"@id\":\"https:\\\/\\\/cienciagandia.webs.upv.es\\\/ca\\\/2026\\\/03\\\/la-ciencia-darrere-de-la-veu-operistica\\\/#article\",\"isPartOf\":{\"@id\":\"https:\\\/\\\/cienciagandia.webs.upv.es\\\/ca\\\/2026\\\/03\\\/la-ciencia-darrere-de-la-veu-operistica\\\/\"},\"author\":{\"name\":\"Laida Frasquet\",\"@id\":\"https:\\\/\\\/cienciagandia.webs.upv.es\\\/#\\\/schema\\\/person\\\/bf78d471bd06ff217deef82b0b32ccfb\"},\"headline\":\"La ci\u00e8ncia darrere de la veu oper\u00edstica\u00a0\",\"datePublished\":\"2026-03-11T11:15:34+00:00\",\"dateModified\":\"2026-03-11T11:16:42+00:00\",\"mainEntityOfPage\":{\"@id\":\"https:\\\/\\\/cienciagandia.webs.upv.es\\\/ca\\\/2026\\\/03\\\/la-ciencia-darrere-de-la-veu-operistica\\\/\"},\"wordCount\":409,\"publisher\":{\"@id\":\"https:\\\/\\\/cienciagandia.webs.upv.es\\\/#organization\"},\"image\":{\"@id\":\"https:\\\/\\\/cienciagandia.webs.upv.es\\\/ca\\\/2026\\\/03\\\/la-ciencia-darrere-de-la-veu-operistica\\\/#primaryimage\"},\"thumbnailUrl\":\"https:\\\/\\\/cienciagandia.webs.upv.es\\\/wp-content\\\/uploads\\\/2026\\\/03\\\/20260223_171730-scaled.webp\",\"articleSection\":[\"Altres\"],\"inLanguage\":\"ca-CA\"},{\"@type\":\"WebPage\",\"@id\":\"https:\\\/\\\/cienciagandia.webs.upv.es\\\/ca\\\/2026\\\/03\\\/la-ciencia-darrere-de-la-veu-operistica\\\/\",\"url\":\"https:\\\/\\\/cienciagandia.webs.upv.es\\\/ca\\\/2026\\\/03\\\/la-ciencia-darrere-de-la-veu-operistica\\\/\",\"name\":\"La ci\u00e8ncia darrere de la veu oper\u00edstica\u00a0 - Campus de Gandia Ciencia - UPV Universitat Polit\u00e8cnica de Val\u00e8ncia\",\"isPartOf\":{\"@id\":\"https:\\\/\\\/cienciagandia.webs.upv.es\\\/#website\"},\"primaryImageOfPage\":{\"@id\":\"https:\\\/\\\/cienciagandia.webs.upv.es\\\/ca\\\/2026\\\/03\\\/la-ciencia-darrere-de-la-veu-operistica\\\/#primaryimage\"},\"image\":{\"@id\":\"https:\\\/\\\/cienciagandia.webs.upv.es\\\/ca\\\/2026\\\/03\\\/la-ciencia-darrere-de-la-veu-operistica\\\/#primaryimage\"},\"thumbnailUrl\":\"https:\\\/\\\/cienciagandia.webs.upv.es\\\/wp-content\\\/uploads\\\/2026\\\/03\\\/20260223_171730-scaled.webp\",\"datePublished\":\"2026-03-11T11:15:34+00:00\",\"dateModified\":\"2026-03-11T11:16:42+00:00\",\"breadcrumb\":{\"@id\":\"https:\\\/\\\/cienciagandia.webs.upv.es\\\/ca\\\/2026\\\/03\\\/la-ciencia-darrere-de-la-veu-operistica\\\/#breadcrumb\"},\"inLanguage\":\"ca-CA\",\"potentialAction\":[{\"@type\":\"ReadAction\",\"target\":[\"https:\\\/\\\/cienciagandia.webs.upv.es\\\/ca\\\/2026\\\/03\\\/la-ciencia-darrere-de-la-veu-operistica\\\/\"]}]},{\"@type\":\"ImageObject\",\"inLanguage\":\"ca-CA\",\"@id\":\"https:\\\/\\\/cienciagandia.webs.upv.es\\\/ca\\\/2026\\\/03\\\/la-ciencia-darrere-de-la-veu-operistica\\\/#primaryimage\",\"url\":\"https:\\\/\\\/cienciagandia.webs.upv.es\\\/wp-content\\\/uploads\\\/2026\\\/03\\\/20260223_171730-scaled.webp\",\"contentUrl\":\"https:\\\/\\\/cienciagandia.webs.upv.es\\\/wp-content\\\/uploads\\\/2026\\\/03\\\/20260223_171730-scaled.webp\",\"width\":2560,\"height\":1920},{\"@type\":\"BreadcrumbList\",\"@id\":\"https:\\\/\\\/cienciagandia.webs.upv.es\\\/ca\\\/2026\\\/03\\\/la-ciencia-darrere-de-la-veu-operistica\\\/#breadcrumb\",\"itemListElement\":[{\"@type\":\"ListItem\",\"position\":1,\"name\":\"Portada\",\"item\":\"https:\\\/\\\/cienciagandia.webs.upv.es\\\/ca\\\/\"},{\"@type\":\"ListItem\",\"position\":2,\"name\":\"La ci\u00e8ncia darrere de la veu oper\u00edstica\u00a0\"}]},{\"@type\":\"WebSite\",\"@id\":\"https:\\\/\\\/cienciagandia.webs.upv.es\\\/#website\",\"url\":\"https:\\\/\\\/cienciagandia.webs.upv.es\\\/\",\"name\":\"Blog de Ciencia del Campus de Gandia de la Universitat Polit\u00e8cnica de Val\u00e8ncia UPV\",\"description\":\"Campus de Gandia Ciencia UPV\",\"publisher\":{\"@id\":\"https:\\\/\\\/cienciagandia.webs.upv.es\\\/#organization\"},\"potentialAction\":[{\"@type\":\"SearchAction\",\"target\":{\"@type\":\"EntryPoint\",\"urlTemplate\":\"https:\\\/\\\/cienciagandia.webs.upv.es\\\/?s={search_term_string}\"},\"query-input\":{\"@type\":\"PropertyValueSpecification\",\"valueRequired\":true,\"valueName\":\"search_term_string\"}}],\"inLanguage\":\"ca-CA\"},{\"@type\":\"Organization\",\"@id\":\"https:\\\/\\\/cienciagandia.webs.upv.es\\\/#organization\",\"name\":\"Campus de Gandia de la Universitat Polit\u00e8cnica de Val\u00e8ncia UPV\",\"alternateName\":\"Campus de Gandia UPV\",\"url\":\"https:\\\/\\\/cienciagandia.webs.upv.es\\\/\",\"logo\":{\"@type\":\"ImageObject\",\"inLanguage\":\"ca-CA\",\"@id\":\"https:\\\/\\\/cienciagandia.webs.upv.es\\\/#\\\/schema\\\/logo\\\/image\\\/\",\"url\":\"https:\\\/\\\/cienciagandia.webs.upv.es\\\/wp-content\\\/uploads\\\/2023\\\/10\\\/UPV-Gandia.jpg\",\"contentUrl\":\"https:\\\/\\\/cienciagandia.webs.upv.es\\\/wp-content\\\/uploads\\\/2023\\\/10\\\/UPV-Gandia.jpg\",\"width\":770,\"height\":366,\"caption\":\"Campus de Gandia de la Universitat Polit\u00e8cnica de Val\u00e8ncia UPV\"},\"image\":{\"@id\":\"https:\\\/\\\/cienciagandia.webs.upv.es\\\/#\\\/schema\\\/logo\\\/image\\\/\"},\"sameAs\":[\"https:\\\/\\\/www.facebook.com\\\/UPVCampusGandia\",\"https:\\\/\\\/x.com\\\/UPVCampusGandia\",\"https:\\\/\\\/www.instagram.com\\\/upvcampusgandia\\\/\",\"https:\\\/\\\/www.linkedin.com\\\/company\\\/upvcampusgandia\\\/\"]},{\"@type\":\"Person\",\"@id\":\"https:\\\/\\\/cienciagandia.webs.upv.es\\\/#\\\/schema\\\/person\\\/bf78d471bd06ff217deef82b0b32ccfb\",\"name\":\"Laida Frasquet\",\"image\":{\"@type\":\"ImageObject\",\"inLanguage\":\"ca-CA\",\"@id\":\"https:\\\/\\\/secure.gravatar.com\\\/avatar\\\/ce30502de7b114b3bf4236670d5c8e2c8826994b063c2e0706e56d94de2982a9?s=96&d=mm&r=g\",\"url\":\"https:\\\/\\\/secure.gravatar.com\\\/avatar\\\/ce30502de7b114b3bf4236670d5c8e2c8826994b063c2e0706e56d94de2982a9?s=96&d=mm&r=g\",\"contentUrl\":\"https:\\\/\\\/secure.gravatar.com\\\/avatar\\\/ce30502de7b114b3bf4236670d5c8e2c8826994b063c2e0706e56d94de2982a9?s=96&d=mm&r=g\",\"caption\":\"Laida Frasquet\"},\"url\":\"https:\\\/\\\/cienciagandia.webs.upv.es\\\/ca\\\/author\\\/lfrasque\\\/\"}]}<\/script>\n<!-- \/ Yoast SEO plugin. -->","yoast_head_json":{"title":"La ci\u00e8ncia darrere de la veu oper\u00edstica\u00a0 - Campus de Gandia Ciencia - UPV Universitat Polit\u00e8cnica de Val\u00e8ncia","robots":{"index":"index","follow":"follow","max-snippet":"max-snippet:-1","max-image-preview":"max-image-preview:large","max-video-preview":"max-video-preview:-1"},"canonical":"https:\/\/cienciagandia.webs.upv.es\/ca\/2026\/03\/la-ciencia-darrere-de-la-veu-operistica\/","og_locale":"en_US","og_type":"article","og_title":"La ci\u00e8ncia darrere de la veu oper\u00edstica\u00a0 - Campus de Gandia Ciencia - UPV Universitat Polit\u00e8cnica de Val\u00e8ncia","og_description":"La ci\u00e8ncia darrere de la veu oper\u00edstica&nbsp;va ser el t\u00edtol de la confer\u00e8ncia impartida per&nbsp;Rub\u00e9n Pic\u00f3&nbsp;(catedr\u00e0tic de F\u00edsica Aplicada \u2013 Ac\u00fastica, Universitat Polit\u00e8cnica de Val\u00e8ncia, ... Llegir m\u00e9s","og_url":"https:\/\/cienciagandia.webs.upv.es\/ca\/2026\/03\/la-ciencia-darrere-de-la-veu-operistica\/","og_site_name":"Campus de Gandia Ciencia - UPV Universitat Polit\u00e8cnica de Val\u00e8ncia","article_publisher":"https:\/\/www.facebook.com\/UPVCampusGandia","article_published_time":"2026-03-11T11:15:34+00:00","article_modified_time":"2026-03-11T11:16:42+00:00","og_image":[{"width":2560,"height":1920,"url":"https:\/\/cienciagandia.webs.upv.es\/wp-content\/uploads\/2026\/03\/20260223_171730-scaled.webp","type":"image\/jpeg"}],"author":"Laida Frasquet","twitter_card":"summary_large_image","twitter_creator":"@UPVCampusGandia","twitter_site":"@UPVCampusGandia","twitter_misc":{"Written by":"Laida Frasquet","Est. reading time":"2 minutes"},"schema":{"@context":"https:\/\/schema.org","@graph":[{"@type":"Article","@id":"https:\/\/cienciagandia.webs.upv.es\/ca\/2026\/03\/la-ciencia-darrere-de-la-veu-operistica\/#article","isPartOf":{"@id":"https:\/\/cienciagandia.webs.upv.es\/ca\/2026\/03\/la-ciencia-darrere-de-la-veu-operistica\/"},"author":{"name":"Laida Frasquet","@id":"https:\/\/cienciagandia.webs.upv.es\/#\/schema\/person\/bf78d471bd06ff217deef82b0b32ccfb"},"headline":"La ci\u00e8ncia darrere de la veu oper\u00edstica\u00a0","datePublished":"2026-03-11T11:15:34+00:00","dateModified":"2026-03-11T11:16:42+00:00","mainEntityOfPage":{"@id":"https:\/\/cienciagandia.webs.upv.es\/ca\/2026\/03\/la-ciencia-darrere-de-la-veu-operistica\/"},"wordCount":409,"publisher":{"@id":"https:\/\/cienciagandia.webs.upv.es\/#organization"},"image":{"@id":"https:\/\/cienciagandia.webs.upv.es\/ca\/2026\/03\/la-ciencia-darrere-de-la-veu-operistica\/#primaryimage"},"thumbnailUrl":"https:\/\/cienciagandia.webs.upv.es\/wp-content\/uploads\/2026\/03\/20260223_171730-scaled.webp","articleSection":["Altres"],"inLanguage":"ca-CA"},{"@type":"WebPage","@id":"https:\/\/cienciagandia.webs.upv.es\/ca\/2026\/03\/la-ciencia-darrere-de-la-veu-operistica\/","url":"https:\/\/cienciagandia.webs.upv.es\/ca\/2026\/03\/la-ciencia-darrere-de-la-veu-operistica\/","name":"La ci\u00e8ncia darrere de la veu oper\u00edstica\u00a0 - Campus de Gandia Ciencia - UPV Universitat Polit\u00e8cnica de Val\u00e8ncia","isPartOf":{"@id":"https:\/\/cienciagandia.webs.upv.es\/#website"},"primaryImageOfPage":{"@id":"https:\/\/cienciagandia.webs.upv.es\/ca\/2026\/03\/la-ciencia-darrere-de-la-veu-operistica\/#primaryimage"},"image":{"@id":"https:\/\/cienciagandia.webs.upv.es\/ca\/2026\/03\/la-ciencia-darrere-de-la-veu-operistica\/#primaryimage"},"thumbnailUrl":"https:\/\/cienciagandia.webs.upv.es\/wp-content\/uploads\/2026\/03\/20260223_171730-scaled.webp","datePublished":"2026-03-11T11:15:34+00:00","dateModified":"2026-03-11T11:16:42+00:00","breadcrumb":{"@id":"https:\/\/cienciagandia.webs.upv.es\/ca\/2026\/03\/la-ciencia-darrere-de-la-veu-operistica\/#breadcrumb"},"inLanguage":"ca-CA","potentialAction":[{"@type":"ReadAction","target":["https:\/\/cienciagandia.webs.upv.es\/ca\/2026\/03\/la-ciencia-darrere-de-la-veu-operistica\/"]}]},{"@type":"ImageObject","inLanguage":"ca-CA","@id":"https:\/\/cienciagandia.webs.upv.es\/ca\/2026\/03\/la-ciencia-darrere-de-la-veu-operistica\/#primaryimage","url":"https:\/\/cienciagandia.webs.upv.es\/wp-content\/uploads\/2026\/03\/20260223_171730-scaled.webp","contentUrl":"https:\/\/cienciagandia.webs.upv.es\/wp-content\/uploads\/2026\/03\/20260223_171730-scaled.webp","width":2560,"height":1920},{"@type":"BreadcrumbList","@id":"https:\/\/cienciagandia.webs.upv.es\/ca\/2026\/03\/la-ciencia-darrere-de-la-veu-operistica\/#breadcrumb","itemListElement":[{"@type":"ListItem","position":1,"name":"Portada","item":"https:\/\/cienciagandia.webs.upv.es\/ca\/"},{"@type":"ListItem","position":2,"name":"La ci\u00e8ncia darrere de la veu oper\u00edstica\u00a0"}]},{"@type":"WebSite","@id":"https:\/\/cienciagandia.webs.upv.es\/#website","url":"https:\/\/cienciagandia.webs.upv.es\/","name":"Blog de Ciencia del Campus de Gandia de la Universitat Polit\u00e8cnica de Val\u00e8ncia UPV","description":"Campus de Gandia Ciencia UPV","publisher":{"@id":"https:\/\/cienciagandia.webs.upv.es\/#organization"},"potentialAction":[{"@type":"SearchAction","target":{"@type":"EntryPoint","urlTemplate":"https:\/\/cienciagandia.webs.upv.es\/?s={search_term_string}"},"query-input":{"@type":"PropertyValueSpecification","valueRequired":true,"valueName":"search_term_string"}}],"inLanguage":"ca-CA"},{"@type":"Organization","@id":"https:\/\/cienciagandia.webs.upv.es\/#organization","name":"Campus de Gandia de la Universitat Polit\u00e8cnica de Val\u00e8ncia UPV","alternateName":"Campus de Gandia UPV","url":"https:\/\/cienciagandia.webs.upv.es\/","logo":{"@type":"ImageObject","inLanguage":"ca-CA","@id":"https:\/\/cienciagandia.webs.upv.es\/#\/schema\/logo\/image\/","url":"https:\/\/cienciagandia.webs.upv.es\/wp-content\/uploads\/2023\/10\/UPV-Gandia.jpg","contentUrl":"https:\/\/cienciagandia.webs.upv.es\/wp-content\/uploads\/2023\/10\/UPV-Gandia.jpg","width":770,"height":366,"caption":"Campus de Gandia de la Universitat Polit\u00e8cnica de Val\u00e8ncia UPV"},"image":{"@id":"https:\/\/cienciagandia.webs.upv.es\/#\/schema\/logo\/image\/"},"sameAs":["https:\/\/www.facebook.com\/UPVCampusGandia","https:\/\/x.com\/UPVCampusGandia","https:\/\/www.instagram.com\/upvcampusgandia\/","https:\/\/www.linkedin.com\/company\/upvcampusgandia\/"]},{"@type":"Person","@id":"https:\/\/cienciagandia.webs.upv.es\/#\/schema\/person\/bf78d471bd06ff217deef82b0b32ccfb","name":"Laida Frasquet","image":{"@type":"ImageObject","inLanguage":"ca-CA","@id":"https:\/\/secure.gravatar.com\/avatar\/ce30502de7b114b3bf4236670d5c8e2c8826994b063c2e0706e56d94de2982a9?s=96&d=mm&r=g","url":"https:\/\/secure.gravatar.com\/avatar\/ce30502de7b114b3bf4236670d5c8e2c8826994b063c2e0706e56d94de2982a9?s=96&d=mm&r=g","contentUrl":"https:\/\/secure.gravatar.com\/avatar\/ce30502de7b114b3bf4236670d5c8e2c8826994b063c2e0706e56d94de2982a9?s=96&d=mm&r=g","caption":"Laida Frasquet"},"url":"https:\/\/cienciagandia.webs.upv.es\/ca\/author\/lfrasque\/"}]}},"_links":{"self":[{"href":"https:\/\/cienciagandia.webs.upv.es\/ca\/wp-json\/wp\/v2\/posts\/26142","targetHints":{"allow":["GET"]}}],"collection":[{"href":"https:\/\/cienciagandia.webs.upv.es\/ca\/wp-json\/wp\/v2\/posts"}],"about":[{"href":"https:\/\/cienciagandia.webs.upv.es\/ca\/wp-json\/wp\/v2\/types\/post"}],"author":[{"embeddable":true,"href":"https:\/\/cienciagandia.webs.upv.es\/ca\/wp-json\/wp\/v2\/users\/19"}],"replies":[{"embeddable":true,"href":"https:\/\/cienciagandia.webs.upv.es\/ca\/wp-json\/wp\/v2\/comments?post=26142"}],"version-history":[{"count":2,"href":"https:\/\/cienciagandia.webs.upv.es\/ca\/wp-json\/wp\/v2\/posts\/26142\/revisions"}],"predecessor-version":[{"id":26154,"href":"https:\/\/cienciagandia.webs.upv.es\/ca\/wp-json\/wp\/v2\/posts\/26142\/revisions\/26154"}],"wp:featuredmedia":[{"embeddable":true,"href":"https:\/\/cienciagandia.webs.upv.es\/ca\/wp-json\/wp\/v2\/media\/26147"}],"wp:attachment":[{"href":"https:\/\/cienciagandia.webs.upv.es\/ca\/wp-json\/wp\/v2\/media?parent=26142"}],"wp:term":[{"taxonomy":"category","embeddable":true,"href":"https:\/\/cienciagandia.webs.upv.es\/ca\/wp-json\/wp\/v2\/categories?post=26142"},{"taxonomy":"post_tag","embeddable":true,"href":"https:\/\/cienciagandia.webs.upv.es\/ca\/wp-json\/wp\/v2\/tags?post=26142"}],"curies":[{"name":"wp","href":"https:\/\/api.w.org\/{rel}","templated":true}]}}