{"id":26064,"date":"2026-02-18T10:19:51","date_gmt":"2026-02-18T09:19:51","guid":{"rendered":"https:\/\/cienciagandia.webs.upv.es\/?p=26064"},"modified":"2026-02-18T13:02:07","modified_gmt":"2026-02-18T12:02:07","slug":"narratives-sonores-i-comunicacio-institucional-el-podcast-com-a-eina-de-transparencia-als-museus","status":"publish","type":"post","link":"https:\/\/cienciagandia.webs.upv.es\/ca\/2026\/02\/narratives-sonores-i-comunicacio-institucional-el-podcast-com-a-eina-de-transparencia-als-museus\/","title":{"rendered":"Narratives sonores i comunicaci\u00f3 institucional: el\u00a0p\u00f2dcast\u00a0com a eina de transpar\u00e8ncia als museus\u00a0"},"content":{"rendered":"\n<p>El&nbsp;p\u00f2dcast&nbsp;s&#8217;ha consolidat en els darrers anys com un dels formats clau dins de l&#8217;ecosistema digital, no nom\u00e9s a l&#8217;\u00e0mbit de l&#8217;entreteniment o el periodisme, sin\u00f3 tamb\u00e9 al de la comunicaci\u00f3 cultural i institucional. En aquest context s&#8217;emmarca l&#8217;article de recerca publicat recentment a la revista&nbsp;<a href=\"https:\/\/revistas.urosario.edu.co\/index.php\/disertaciones\/issue\/view\/588\" target=\"_blank\" rel=\"noreferrer noopener\"><em>Disertaciones<\/em><\/a>&nbsp;(vol. 19, n\u00fam. 1), que analitza el paper del&nbsp;p\u00f2dcast&nbsp;com a eina estrat\u00e8gica de comunicaci\u00f3 als museus, a partir de l&#8217;estudi de cas del Museu Nacional Thyssen-Bornemisza.&nbsp;<\/p>\n\n\n\n<p>La investigaci\u00f3, signada pel professor del Campus de Gandia, Ra\u00fal Terol-Bolinches&nbsp;(Universitat Polit\u00e8cnica de Val\u00e8ncia) i Julio Gonz\u00e1lez-Liendo&nbsp;(Universitat del Disseny, Innovaci\u00f3 i Tecnologia), parteix d&#8217;una premissa clara: els museus del segle XXI ja no es poden entendre \u00fanicament com a espais de contemplaci\u00f3, sin\u00f3 com a agents actius de comunicaci\u00f3. L&#8217;acceleraci\u00f3 de la digitalitzaci\u00f3, especialment despr\u00e9s de la pand\u00e8mia de la COVID-19, ha impulsat aquestes institucions a explorar nous formats capa\u00e7os d&#8217;apropar l&#8217;art i el patrimoni a diversos p\u00fablics. Entre ells, el&nbsp;p\u00f2dcast&nbsp;destaca per la capacitat per generar relats \u00edntims, accessibles i profundament connectats amb l&#8217;experi\u00e8ncia de l&#8217;oient.&nbsp;<\/p>\n\n\n\n<p>L&#8217;article analitza en profunditat els tres&nbsp;p\u00f2dcasts&nbsp;produ\u00efts pel Museu Thyssen-Bornemisza&nbsp;\u2014<a href=\"https:\/\/open.spotify.com\/episode\/5ET1qrFVS27LV206fdwBj8?si=f7bfedf713724ef8\" target=\"_blank\" rel=\"noreferrer noopener\"><em>Thyssen, el&nbsp;podcast&nbsp;oficial del&nbsp;Museo&nbsp;Thyssen-Bornemisza<\/em><\/a>;\u202f<a href=\"https:\/\/open.spotify.com\/show\/4vSxjVHrdspuhTLPrSfjZR?si=a1c5cfcbfb624c6d\" target=\"_blank\" rel=\"noreferrer noopener\"><em>Sororas. Antiguas pero modernas<\/em><\/a>; i\u202f<a href=\"https:\/\/open.spotify.com\/show\/4FOAprmgACxbVKhVdhxfGl?si=f18b99670e564595\" target=\"_blank\" rel=\"noreferrer noopener\"><em>Las paredes&nbsp;hablan<\/em><\/a>\u2014&nbsp;combinant una an\u00e0lisi de contingut basada en la t\u00e8cnica del&nbsp;Close&nbsp;Analytical&nbsp;Listening&nbsp;amb entrevistes semiestructurades als seus responsables. Aquest enfocament metodol\u00f2gic mixt permet examinar tant les caracter\u00edstiques narratives i sonores dels episodis com les motivacions, els objectius i els desafiaments que hi ha darrere de la seua producci\u00f3.&nbsp;<\/p>\n\n\n\n<p>Els resultats posen de manifest un \u00fas estrat\u00e8gic del&nbsp;p\u00f2dcast&nbsp;com a mitj\u00e0 per humanitzar la instituci\u00f3,&nbsp;visibilitzar&nbsp;processos interns tradicionalment invisibles i connectar l&#8217;art amb debats socials contemporanis com ara la mem\u00f2ria hist\u00f2rica, el feminisme, el colonialisme o les identitats LGTBI. Lluny de limitar-se a la divulgaci\u00f3 cultural, aquests projectes sonors contribueixen a refor\u00e7ar la transpar\u00e8ncia institucional i construir una relaci\u00f3 m\u00e9s propera, emocional i din\u00e0mica amb la ciutadania.&nbsp;<\/p>\n\n\n\n<p>L&#8217;estudi subratlla, a m\u00e9s, el potencial del&nbsp;p\u00f2dcast&nbsp;per diversificar audi\u00e8ncies i democratitzar els discursos muse\u00edstics, incorporant veus m\u00faltiples \u2013conservadors, educadors, artistes, comissaris i experts\u2013 i apostant per narratives polif\u00f2niques que trenquen amb els models comunicatius tradicionals. Tot i que encara hi ha reptes en termes de mesurament d&#8217;impacte i participaci\u00f3 directa de l&#8217;audi\u00e8ncia, la investigaci\u00f3 confirma que el&nbsp;p\u00f2dcast&nbsp;ha esdevingut una eina clau dins de l&#8217;estrat\u00e8gia digital dels museus contemporanis.&nbsp;<\/p>\n\n\n\n<p><strong>Un llibre per cartografiar la comunicaci\u00f3 a la societat digital<\/strong>&nbsp;<\/p>\n\n\n\n<p>Aquesta investigaci\u00f3 sobre el&nbsp;p\u00f2dcast&nbsp;com a format emergent i la seua capacitat per articular noves narratives culturals s&#8217;insereix en un marc m\u00e9s ampli de reflexi\u00f3 sobre com es comunica, es dissenya i es produeix sentit a la societat digital, una l\u00ednia que connecta directament amb una altra publicaci\u00f3 acad\u00e8mica coordinada pels professors Ra\u00fal Terol, Paloma Rodera (Universidad&nbsp;Europea de Madrid) i Gonzalo Fuentes (CEU San Pablo). Es tracta del llibre\u202f<a href=\"https:\/\/www.dykinson.com\/libros\/cartografia-de-la-comunicacion-un-viaje-por-el-diseno-la-inteligencia-artificial-y-la-sociedad-digital\/9791370064228\/\" target=\"_blank\" rel=\"noreferrer noopener\"><em>Cartograf\u00eda&nbsp;de la&nbsp;comunicaci\u00f3n: un&nbsp;viaje&nbsp;por el&nbsp;dise\u00f1o, la&nbsp;inteligencia&nbsp;artificial y la&nbsp;sociedad&nbsp;digital<\/em><\/a>\u202f&nbsp;(Dykinson, 2025), una obra col\u00b7lectiva que proposa un recorregut interdisciplinari per alguns dels grans reptes i oportunitats que afronta la comunicaci\u00f3 actualment.&nbsp;<\/p>\n\n\n\n<figure class=\"wp-block-gallery has-nested-images columns-default is-cropped wp-block-gallery-1 is-layout-flex wp-block-gallery-is-layout-flex\">\n<figure class=\"wp-block-image\"><img loading=\"lazy\" decoding=\"async\" width=\"993\" height=\"1470\" data-id=\"26084\" src=\"https:\/\/cienciagandia.webs.upv.es\/wp-content\/uploads\/2026\/02\/WhatsApp-Image-2026-02-18-at-12.44.09.webp\" alt=\"\" class=\"wp-image-26084\" srcset=\"https:\/\/cienciagandia.webs.upv.es\/wp-content\/uploads\/2026\/02\/WhatsApp-Image-2026-02-18-at-12.44.09.webp 993w, https:\/\/cienciagandia.webs.upv.es\/wp-content\/uploads\/2026\/02\/WhatsApp-Image-2026-02-18-at-12.44.09-169x250.webp 169w, https:\/\/cienciagandia.webs.upv.es\/wp-content\/uploads\/2026\/02\/WhatsApp-Image-2026-02-18-at-12.44.09-338x500.webp 338w, https:\/\/cienciagandia.webs.upv.es\/wp-content\/uploads\/2026\/02\/WhatsApp-Image-2026-02-18-at-12.44.09-768x1137.webp 768w\" sizes=\"auto, (max-width: 993px) 100vw, 993px\" \/><\/figure>\n<\/figure>\n\n\n\n<p>El llibre aplega aportacions d&#8217;investigadors i professionals que analitzen, des de diferents perspectives, l&#8217;impacte del disseny, la intel\u00b7lig\u00e8ncia artificial i les tecnologies digitals en \u00e0mbits com l&#8217;educaci\u00f3, la cultura, el periodisme o la creaci\u00f3 art\u00edstica. Concebuda com una cartografia cr\u00edtica, l&#8217;obra convida a repensar la comunicaci\u00f3 com a espai d&#8217;experimentaci\u00f3, responsabilitat social i innovaci\u00f3, en sintonia amb els debats abordats en la investigaci\u00f3 sobre&nbsp;podc\u00e0sting&nbsp;i museus.&nbsp;<\/p>\n\n\n\n<p>Amb aquestes dues publicacions, el <a href=\"https:\/\/www.upv.es\/entidades\/epsg\/va\/inici-2\/\">Campus de Gandia<\/a> refor\u00e7a el seu comprom\u00eds amb la investigaci\u00f3 en comunicaci\u00f3, cultura digital i narratives emergents, contribuint al debat acad\u00e8mic i social sobre com comptem, escoltem i constru\u00efm sentit en un m\u00f3n cada&nbsp;vegada&nbsp;m\u00e9s intervingut per la tecnologia.&nbsp;<\/p>\n","protected":false},"excerpt":{"rendered":"<p>El&nbsp;p\u00f2dcast&nbsp;s&#8217;ha consolidat en els darrers anys com un dels formats clau dins de l&#8217;ecosistema digital, no nom\u00e9s a l&#8217;\u00e0mbit de l&#8217;entreteniment o el periodisme, sin\u00f3 &#8230; <a title=\"Narratives sonores i comunicaci\u00f3 institucional: el\u00a0p\u00f2dcast\u00a0com a eina de transpar\u00e8ncia als museus\u00a0\" class=\"read-more\" href=\"https:\/\/cienciagandia.webs.upv.es\/ca\/2026\/02\/narratives-sonores-i-comunicacio-institucional-el-podcast-com-a-eina-de-transparencia-als-museus\/\" aria-label=\"Read more about Narratives sonores i comunicaci\u00f3 institucional: el\u00a0p\u00f2dcast\u00a0com a eina de transpar\u00e8ncia als museus\u00a0\">Llegir m\u00e9s<\/a><\/p>\n","protected":false},"author":19,"featured_media":26078,"comment_status":"closed","ping_status":"closed","sticky":false,"template":"","format":"standard","meta":{"footnotes":""},"categories":[250],"tags":[],"class_list":["post-26064","post","type-post","status-publish","format-standard","has-post-thumbnail","hentry","category-comunicacio","resize-featured-image"],"yoast_head":"<!-- This site is optimized with the Yoast SEO plugin v27.5 - https:\/\/yoast.com\/product\/yoast-seo-wordpress\/ -->\n<title>Narratives sonores i comunicaci\u00f3 institucional: el\u00a0p\u00f2dcast\u00a0com a eina de transpar\u00e8ncia als museus\u00a0 - Campus de Gandia Ciencia - UPV Universitat Polit\u00e8cnica de Val\u00e8ncia<\/title>\n<meta name=\"robots\" content=\"index, follow, max-snippet:-1, max-image-preview:large, max-video-preview:-1\" \/>\n<link rel=\"canonical\" href=\"https:\/\/cienciagandia.webs.upv.es\/ca\/2026\/02\/narratives-sonores-i-comunicacio-institucional-el-podcast-com-a-eina-de-transparencia-als-museus\/\" \/>\n<meta property=\"og:locale\" content=\"en_US\" \/>\n<meta property=\"og:type\" content=\"article\" \/>\n<meta property=\"og:title\" content=\"Narratives sonores i comunicaci\u00f3 institucional: el\u00a0p\u00f2dcast\u00a0com a eina de transpar\u00e8ncia als museus\u00a0 - Campus de Gandia Ciencia - UPV Universitat Polit\u00e8cnica de Val\u00e8ncia\" \/>\n<meta property=\"og:description\" content=\"El&nbsp;p\u00f2dcast&nbsp;s&#8217;ha consolidat en els darrers anys com un dels formats clau dins de l&#8217;ecosistema digital, no nom\u00e9s a l&#8217;\u00e0mbit de l&#8217;entreteniment o el periodisme, sin\u00f3 ... Llegir m\u00e9s\" \/>\n<meta property=\"og:url\" content=\"https:\/\/cienciagandia.webs.upv.es\/ca\/2026\/02\/narratives-sonores-i-comunicacio-institucional-el-podcast-com-a-eina-de-transparencia-als-museus\/\" \/>\n<meta property=\"og:site_name\" content=\"Campus de Gandia Ciencia - UPV Universitat Polit\u00e8cnica de Val\u00e8ncia\" \/>\n<meta property=\"article:publisher\" content=\"https:\/\/www.facebook.com\/UPVCampusGandia\" \/>\n<meta property=\"article:published_time\" content=\"2026-02-18T09:19:51+00:00\" \/>\n<meta property=\"article:modified_time\" content=\"2026-02-18T12:02:07+00:00\" \/>\n<meta property=\"og:image\" content=\"https:\/\/cienciagandia.webs.upv.es\/wp-content\/uploads\/2026\/02\/2025-09-08-ESTUDIO-UPV-PODCAST-6-scaled.webp\" \/>\n\t<meta property=\"og:image:width\" content=\"2560\" \/>\n\t<meta property=\"og:image:height\" content=\"1707\" \/>\n\t<meta property=\"og:image:type\" content=\"image\/jpeg\" \/>\n<meta name=\"author\" content=\"Laida Frasquet\" \/>\n<meta name=\"twitter:card\" content=\"summary_large_image\" \/>\n<meta name=\"twitter:creator\" content=\"@UPVCampusGandia\" \/>\n<meta name=\"twitter:site\" content=\"@UPVCampusGandia\" \/>\n<meta name=\"twitter:label1\" content=\"Written by\" \/>\n\t<meta name=\"twitter:data1\" content=\"Laida Frasquet\" \/>\n\t<meta name=\"twitter:label2\" content=\"Est. reading time\" \/>\n\t<meta name=\"twitter:data2\" content=\"4 minutes\" \/>\n<script type=\"application\/ld+json\" class=\"yoast-schema-graph\">{\"@context\":\"https:\\\/\\\/schema.org\",\"@graph\":[{\"@type\":\"Article\",\"@id\":\"https:\\\/\\\/cienciagandia.webs.upv.es\\\/ca\\\/2026\\\/02\\\/narratives-sonores-i-comunicacio-institucional-el-podcast-com-a-eina-de-transparencia-als-museus\\\/#article\",\"isPartOf\":{\"@id\":\"https:\\\/\\\/cienciagandia.webs.upv.es\\\/ca\\\/2026\\\/02\\\/narratives-sonores-i-comunicacio-institucional-el-podcast-com-a-eina-de-transparencia-als-museus\\\/\"},\"author\":{\"name\":\"Laida Frasquet\",\"@id\":\"https:\\\/\\\/cienciagandia.webs.upv.es\\\/#\\\/schema\\\/person\\\/bf78d471bd06ff217deef82b0b32ccfb\"},\"headline\":\"Narratives sonores i comunicaci\u00f3 institucional: el\u00a0p\u00f2dcast\u00a0com a eina de transpar\u00e8ncia als museus\u00a0\",\"datePublished\":\"2026-02-18T09:19:51+00:00\",\"dateModified\":\"2026-02-18T12:02:07+00:00\",\"mainEntityOfPage\":{\"@id\":\"https:\\\/\\\/cienciagandia.webs.upv.es\\\/ca\\\/2026\\\/02\\\/narratives-sonores-i-comunicacio-institucional-el-podcast-com-a-eina-de-transparencia-als-museus\\\/\"},\"wordCount\":777,\"publisher\":{\"@id\":\"https:\\\/\\\/cienciagandia.webs.upv.es\\\/#organization\"},\"image\":{\"@id\":\"https:\\\/\\\/cienciagandia.webs.upv.es\\\/ca\\\/2026\\\/02\\\/narratives-sonores-i-comunicacio-institucional-el-podcast-com-a-eina-de-transparencia-als-museus\\\/#primaryimage\"},\"thumbnailUrl\":\"https:\\\/\\\/cienciagandia.webs.upv.es\\\/wp-content\\\/uploads\\\/2026\\\/02\\\/2025-09-08-ESTUDIO-UPV-PODCAST-6-scaled.webp\",\"articleSection\":[\"Comunicaci\u00f3 Audiovisual\"],\"inLanguage\":\"ca-CA\"},{\"@type\":\"WebPage\",\"@id\":\"https:\\\/\\\/cienciagandia.webs.upv.es\\\/ca\\\/2026\\\/02\\\/narratives-sonores-i-comunicacio-institucional-el-podcast-com-a-eina-de-transparencia-als-museus\\\/\",\"url\":\"https:\\\/\\\/cienciagandia.webs.upv.es\\\/ca\\\/2026\\\/02\\\/narratives-sonores-i-comunicacio-institucional-el-podcast-com-a-eina-de-transparencia-als-museus\\\/\",\"name\":\"Narratives sonores i comunicaci\u00f3 institucional: el\u00a0p\u00f2dcast\u00a0com a eina de transpar\u00e8ncia als museus\u00a0 - Campus de Gandia Ciencia - UPV Universitat Polit\u00e8cnica de Val\u00e8ncia\",\"isPartOf\":{\"@id\":\"https:\\\/\\\/cienciagandia.webs.upv.es\\\/#website\"},\"primaryImageOfPage\":{\"@id\":\"https:\\\/\\\/cienciagandia.webs.upv.es\\\/ca\\\/2026\\\/02\\\/narratives-sonores-i-comunicacio-institucional-el-podcast-com-a-eina-de-transparencia-als-museus\\\/#primaryimage\"},\"image\":{\"@id\":\"https:\\\/\\\/cienciagandia.webs.upv.es\\\/ca\\\/2026\\\/02\\\/narratives-sonores-i-comunicacio-institucional-el-podcast-com-a-eina-de-transparencia-als-museus\\\/#primaryimage\"},\"thumbnailUrl\":\"https:\\\/\\\/cienciagandia.webs.upv.es\\\/wp-content\\\/uploads\\\/2026\\\/02\\\/2025-09-08-ESTUDIO-UPV-PODCAST-6-scaled.webp\",\"datePublished\":\"2026-02-18T09:19:51+00:00\",\"dateModified\":\"2026-02-18T12:02:07+00:00\",\"breadcrumb\":{\"@id\":\"https:\\\/\\\/cienciagandia.webs.upv.es\\\/ca\\\/2026\\\/02\\\/narratives-sonores-i-comunicacio-institucional-el-podcast-com-a-eina-de-transparencia-als-museus\\\/#breadcrumb\"},\"inLanguage\":\"ca-CA\",\"potentialAction\":[{\"@type\":\"ReadAction\",\"target\":[\"https:\\\/\\\/cienciagandia.webs.upv.es\\\/ca\\\/2026\\\/02\\\/narratives-sonores-i-comunicacio-institucional-el-podcast-com-a-eina-de-transparencia-als-museus\\\/\"]}]},{\"@type\":\"ImageObject\",\"inLanguage\":\"ca-CA\",\"@id\":\"https:\\\/\\\/cienciagandia.webs.upv.es\\\/ca\\\/2026\\\/02\\\/narratives-sonores-i-comunicacio-institucional-el-podcast-com-a-eina-de-transparencia-als-museus\\\/#primaryimage\",\"url\":\"https:\\\/\\\/cienciagandia.webs.upv.es\\\/wp-content\\\/uploads\\\/2026\\\/02\\\/2025-09-08-ESTUDIO-UPV-PODCAST-6-scaled.webp\",\"contentUrl\":\"https:\\\/\\\/cienciagandia.webs.upv.es\\\/wp-content\\\/uploads\\\/2026\\\/02\\\/2025-09-08-ESTUDIO-UPV-PODCAST-6-scaled.webp\",\"width\":2560,\"height\":1707,\"caption\":\"Estudio de grabaci\u00f3n de UPV P\u00f3dcast en instalaciones del ACOM, \u00c1rea de Comunicaci\u00f3n. Micr\u00f3fonos, auriculares, radio.\"},{\"@type\":\"BreadcrumbList\",\"@id\":\"https:\\\/\\\/cienciagandia.webs.upv.es\\\/ca\\\/2026\\\/02\\\/narratives-sonores-i-comunicacio-institucional-el-podcast-com-a-eina-de-transparencia-als-museus\\\/#breadcrumb\",\"itemListElement\":[{\"@type\":\"ListItem\",\"position\":1,\"name\":\"Portada\",\"item\":\"https:\\\/\\\/cienciagandia.webs.upv.es\\\/ca\\\/\"},{\"@type\":\"ListItem\",\"position\":2,\"name\":\"Narratives sonores i comunicaci\u00f3 institucional: el\u00a0p\u00f2dcast\u00a0com a eina de transpar\u00e8ncia als museus\u00a0\"}]},{\"@type\":\"WebSite\",\"@id\":\"https:\\\/\\\/cienciagandia.webs.upv.es\\\/#website\",\"url\":\"https:\\\/\\\/cienciagandia.webs.upv.es\\\/\",\"name\":\"Blog de Ciencia del Campus de Gandia de la Universitat Polit\u00e8cnica de Val\u00e8ncia UPV\",\"description\":\"Campus de Gandia Ciencia UPV\",\"publisher\":{\"@id\":\"https:\\\/\\\/cienciagandia.webs.upv.es\\\/#organization\"},\"potentialAction\":[{\"@type\":\"SearchAction\",\"target\":{\"@type\":\"EntryPoint\",\"urlTemplate\":\"https:\\\/\\\/cienciagandia.webs.upv.es\\\/?s={search_term_string}\"},\"query-input\":{\"@type\":\"PropertyValueSpecification\",\"valueRequired\":true,\"valueName\":\"search_term_string\"}}],\"inLanguage\":\"ca-CA\"},{\"@type\":\"Organization\",\"@id\":\"https:\\\/\\\/cienciagandia.webs.upv.es\\\/#organization\",\"name\":\"Campus de Gandia de la Universitat Polit\u00e8cnica de Val\u00e8ncia UPV\",\"alternateName\":\"Campus de Gandia UPV\",\"url\":\"https:\\\/\\\/cienciagandia.webs.upv.es\\\/\",\"logo\":{\"@type\":\"ImageObject\",\"inLanguage\":\"ca-CA\",\"@id\":\"https:\\\/\\\/cienciagandia.webs.upv.es\\\/#\\\/schema\\\/logo\\\/image\\\/\",\"url\":\"https:\\\/\\\/cienciagandia.webs.upv.es\\\/wp-content\\\/uploads\\\/2023\\\/10\\\/UPV-Gandia.jpg\",\"contentUrl\":\"https:\\\/\\\/cienciagandia.webs.upv.es\\\/wp-content\\\/uploads\\\/2023\\\/10\\\/UPV-Gandia.jpg\",\"width\":770,\"height\":366,\"caption\":\"Campus de Gandia de la Universitat Polit\u00e8cnica de Val\u00e8ncia UPV\"},\"image\":{\"@id\":\"https:\\\/\\\/cienciagandia.webs.upv.es\\\/#\\\/schema\\\/logo\\\/image\\\/\"},\"sameAs\":[\"https:\\\/\\\/www.facebook.com\\\/UPVCampusGandia\",\"https:\\\/\\\/x.com\\\/UPVCampusGandia\",\"https:\\\/\\\/www.instagram.com\\\/upvcampusgandia\\\/\",\"https:\\\/\\\/www.linkedin.com\\\/company\\\/upvcampusgandia\\\/\"]},{\"@type\":\"Person\",\"@id\":\"https:\\\/\\\/cienciagandia.webs.upv.es\\\/#\\\/schema\\\/person\\\/bf78d471bd06ff217deef82b0b32ccfb\",\"name\":\"Laida Frasquet\",\"image\":{\"@type\":\"ImageObject\",\"inLanguage\":\"ca-CA\",\"@id\":\"https:\\\/\\\/secure.gravatar.com\\\/avatar\\\/ce30502de7b114b3bf4236670d5c8e2c8826994b063c2e0706e56d94de2982a9?s=96&d=mm&r=g\",\"url\":\"https:\\\/\\\/secure.gravatar.com\\\/avatar\\\/ce30502de7b114b3bf4236670d5c8e2c8826994b063c2e0706e56d94de2982a9?s=96&d=mm&r=g\",\"contentUrl\":\"https:\\\/\\\/secure.gravatar.com\\\/avatar\\\/ce30502de7b114b3bf4236670d5c8e2c8826994b063c2e0706e56d94de2982a9?s=96&d=mm&r=g\",\"caption\":\"Laida Frasquet\"},\"url\":\"https:\\\/\\\/cienciagandia.webs.upv.es\\\/ca\\\/author\\\/lfrasque\\\/\"}]}<\/script>\n<!-- \/ Yoast SEO plugin. -->","yoast_head_json":{"title":"Narratives sonores i comunicaci\u00f3 institucional: el\u00a0p\u00f2dcast\u00a0com a eina de transpar\u00e8ncia als museus\u00a0 - Campus de Gandia Ciencia - UPV Universitat Polit\u00e8cnica de Val\u00e8ncia","robots":{"index":"index","follow":"follow","max-snippet":"max-snippet:-1","max-image-preview":"max-image-preview:large","max-video-preview":"max-video-preview:-1"},"canonical":"https:\/\/cienciagandia.webs.upv.es\/ca\/2026\/02\/narratives-sonores-i-comunicacio-institucional-el-podcast-com-a-eina-de-transparencia-als-museus\/","og_locale":"en_US","og_type":"article","og_title":"Narratives sonores i comunicaci\u00f3 institucional: el\u00a0p\u00f2dcast\u00a0com a eina de transpar\u00e8ncia als museus\u00a0 - Campus de Gandia Ciencia - UPV Universitat Polit\u00e8cnica de Val\u00e8ncia","og_description":"El&nbsp;p\u00f2dcast&nbsp;s&#8217;ha consolidat en els darrers anys com un dels formats clau dins de l&#8217;ecosistema digital, no nom\u00e9s a l&#8217;\u00e0mbit de l&#8217;entreteniment o el periodisme, sin\u00f3 ... Llegir m\u00e9s","og_url":"https:\/\/cienciagandia.webs.upv.es\/ca\/2026\/02\/narratives-sonores-i-comunicacio-institucional-el-podcast-com-a-eina-de-transparencia-als-museus\/","og_site_name":"Campus de Gandia Ciencia - UPV Universitat Polit\u00e8cnica de Val\u00e8ncia","article_publisher":"https:\/\/www.facebook.com\/UPVCampusGandia","article_published_time":"2026-02-18T09:19:51+00:00","article_modified_time":"2026-02-18T12:02:07+00:00","og_image":[{"width":2560,"height":1707,"url":"https:\/\/cienciagandia.webs.upv.es\/wp-content\/uploads\/2026\/02\/2025-09-08-ESTUDIO-UPV-PODCAST-6-scaled.webp","type":"image\/jpeg"}],"author":"Laida Frasquet","twitter_card":"summary_large_image","twitter_creator":"@UPVCampusGandia","twitter_site":"@UPVCampusGandia","twitter_misc":{"Written by":"Laida Frasquet","Est. reading time":"4 minutes"},"schema":{"@context":"https:\/\/schema.org","@graph":[{"@type":"Article","@id":"https:\/\/cienciagandia.webs.upv.es\/ca\/2026\/02\/narratives-sonores-i-comunicacio-institucional-el-podcast-com-a-eina-de-transparencia-als-museus\/#article","isPartOf":{"@id":"https:\/\/cienciagandia.webs.upv.es\/ca\/2026\/02\/narratives-sonores-i-comunicacio-institucional-el-podcast-com-a-eina-de-transparencia-als-museus\/"},"author":{"name":"Laida Frasquet","@id":"https:\/\/cienciagandia.webs.upv.es\/#\/schema\/person\/bf78d471bd06ff217deef82b0b32ccfb"},"headline":"Narratives sonores i comunicaci\u00f3 institucional: el\u00a0p\u00f2dcast\u00a0com a eina de transpar\u00e8ncia als museus\u00a0","datePublished":"2026-02-18T09:19:51+00:00","dateModified":"2026-02-18T12:02:07+00:00","mainEntityOfPage":{"@id":"https:\/\/cienciagandia.webs.upv.es\/ca\/2026\/02\/narratives-sonores-i-comunicacio-institucional-el-podcast-com-a-eina-de-transparencia-als-museus\/"},"wordCount":777,"publisher":{"@id":"https:\/\/cienciagandia.webs.upv.es\/#organization"},"image":{"@id":"https:\/\/cienciagandia.webs.upv.es\/ca\/2026\/02\/narratives-sonores-i-comunicacio-institucional-el-podcast-com-a-eina-de-transparencia-als-museus\/#primaryimage"},"thumbnailUrl":"https:\/\/cienciagandia.webs.upv.es\/wp-content\/uploads\/2026\/02\/2025-09-08-ESTUDIO-UPV-PODCAST-6-scaled.webp","articleSection":["Comunicaci\u00f3 Audiovisual"],"inLanguage":"ca-CA"},{"@type":"WebPage","@id":"https:\/\/cienciagandia.webs.upv.es\/ca\/2026\/02\/narratives-sonores-i-comunicacio-institucional-el-podcast-com-a-eina-de-transparencia-als-museus\/","url":"https:\/\/cienciagandia.webs.upv.es\/ca\/2026\/02\/narratives-sonores-i-comunicacio-institucional-el-podcast-com-a-eina-de-transparencia-als-museus\/","name":"Narratives sonores i comunicaci\u00f3 institucional: el\u00a0p\u00f2dcast\u00a0com a eina de transpar\u00e8ncia als museus\u00a0 - Campus de Gandia Ciencia - UPV Universitat Polit\u00e8cnica de Val\u00e8ncia","isPartOf":{"@id":"https:\/\/cienciagandia.webs.upv.es\/#website"},"primaryImageOfPage":{"@id":"https:\/\/cienciagandia.webs.upv.es\/ca\/2026\/02\/narratives-sonores-i-comunicacio-institucional-el-podcast-com-a-eina-de-transparencia-als-museus\/#primaryimage"},"image":{"@id":"https:\/\/cienciagandia.webs.upv.es\/ca\/2026\/02\/narratives-sonores-i-comunicacio-institucional-el-podcast-com-a-eina-de-transparencia-als-museus\/#primaryimage"},"thumbnailUrl":"https:\/\/cienciagandia.webs.upv.es\/wp-content\/uploads\/2026\/02\/2025-09-08-ESTUDIO-UPV-PODCAST-6-scaled.webp","datePublished":"2026-02-18T09:19:51+00:00","dateModified":"2026-02-18T12:02:07+00:00","breadcrumb":{"@id":"https:\/\/cienciagandia.webs.upv.es\/ca\/2026\/02\/narratives-sonores-i-comunicacio-institucional-el-podcast-com-a-eina-de-transparencia-als-museus\/#breadcrumb"},"inLanguage":"ca-CA","potentialAction":[{"@type":"ReadAction","target":["https:\/\/cienciagandia.webs.upv.es\/ca\/2026\/02\/narratives-sonores-i-comunicacio-institucional-el-podcast-com-a-eina-de-transparencia-als-museus\/"]}]},{"@type":"ImageObject","inLanguage":"ca-CA","@id":"https:\/\/cienciagandia.webs.upv.es\/ca\/2026\/02\/narratives-sonores-i-comunicacio-institucional-el-podcast-com-a-eina-de-transparencia-als-museus\/#primaryimage","url":"https:\/\/cienciagandia.webs.upv.es\/wp-content\/uploads\/2026\/02\/2025-09-08-ESTUDIO-UPV-PODCAST-6-scaled.webp","contentUrl":"https:\/\/cienciagandia.webs.upv.es\/wp-content\/uploads\/2026\/02\/2025-09-08-ESTUDIO-UPV-PODCAST-6-scaled.webp","width":2560,"height":1707,"caption":"Estudio de grabaci\u00f3n de UPV P\u00f3dcast en instalaciones del ACOM, \u00c1rea de Comunicaci\u00f3n. Micr\u00f3fonos, auriculares, radio."},{"@type":"BreadcrumbList","@id":"https:\/\/cienciagandia.webs.upv.es\/ca\/2026\/02\/narratives-sonores-i-comunicacio-institucional-el-podcast-com-a-eina-de-transparencia-als-museus\/#breadcrumb","itemListElement":[{"@type":"ListItem","position":1,"name":"Portada","item":"https:\/\/cienciagandia.webs.upv.es\/ca\/"},{"@type":"ListItem","position":2,"name":"Narratives sonores i comunicaci\u00f3 institucional: el\u00a0p\u00f2dcast\u00a0com a eina de transpar\u00e8ncia als museus\u00a0"}]},{"@type":"WebSite","@id":"https:\/\/cienciagandia.webs.upv.es\/#website","url":"https:\/\/cienciagandia.webs.upv.es\/","name":"Blog de Ciencia del Campus de Gandia de la Universitat Polit\u00e8cnica de Val\u00e8ncia UPV","description":"Campus de Gandia Ciencia UPV","publisher":{"@id":"https:\/\/cienciagandia.webs.upv.es\/#organization"},"potentialAction":[{"@type":"SearchAction","target":{"@type":"EntryPoint","urlTemplate":"https:\/\/cienciagandia.webs.upv.es\/?s={search_term_string}"},"query-input":{"@type":"PropertyValueSpecification","valueRequired":true,"valueName":"search_term_string"}}],"inLanguage":"ca-CA"},{"@type":"Organization","@id":"https:\/\/cienciagandia.webs.upv.es\/#organization","name":"Campus de Gandia de la Universitat Polit\u00e8cnica de Val\u00e8ncia UPV","alternateName":"Campus de Gandia UPV","url":"https:\/\/cienciagandia.webs.upv.es\/","logo":{"@type":"ImageObject","inLanguage":"ca-CA","@id":"https:\/\/cienciagandia.webs.upv.es\/#\/schema\/logo\/image\/","url":"https:\/\/cienciagandia.webs.upv.es\/wp-content\/uploads\/2023\/10\/UPV-Gandia.jpg","contentUrl":"https:\/\/cienciagandia.webs.upv.es\/wp-content\/uploads\/2023\/10\/UPV-Gandia.jpg","width":770,"height":366,"caption":"Campus de Gandia de la Universitat Polit\u00e8cnica de Val\u00e8ncia UPV"},"image":{"@id":"https:\/\/cienciagandia.webs.upv.es\/#\/schema\/logo\/image\/"},"sameAs":["https:\/\/www.facebook.com\/UPVCampusGandia","https:\/\/x.com\/UPVCampusGandia","https:\/\/www.instagram.com\/upvcampusgandia\/","https:\/\/www.linkedin.com\/company\/upvcampusgandia\/"]},{"@type":"Person","@id":"https:\/\/cienciagandia.webs.upv.es\/#\/schema\/person\/bf78d471bd06ff217deef82b0b32ccfb","name":"Laida Frasquet","image":{"@type":"ImageObject","inLanguage":"ca-CA","@id":"https:\/\/secure.gravatar.com\/avatar\/ce30502de7b114b3bf4236670d5c8e2c8826994b063c2e0706e56d94de2982a9?s=96&d=mm&r=g","url":"https:\/\/secure.gravatar.com\/avatar\/ce30502de7b114b3bf4236670d5c8e2c8826994b063c2e0706e56d94de2982a9?s=96&d=mm&r=g","contentUrl":"https:\/\/secure.gravatar.com\/avatar\/ce30502de7b114b3bf4236670d5c8e2c8826994b063c2e0706e56d94de2982a9?s=96&d=mm&r=g","caption":"Laida Frasquet"},"url":"https:\/\/cienciagandia.webs.upv.es\/ca\/author\/lfrasque\/"}]}},"_links":{"self":[{"href":"https:\/\/cienciagandia.webs.upv.es\/ca\/wp-json\/wp\/v2\/posts\/26064","targetHints":{"allow":["GET"]}}],"collection":[{"href":"https:\/\/cienciagandia.webs.upv.es\/ca\/wp-json\/wp\/v2\/posts"}],"about":[{"href":"https:\/\/cienciagandia.webs.upv.es\/ca\/wp-json\/wp\/v2\/types\/post"}],"author":[{"embeddable":true,"href":"https:\/\/cienciagandia.webs.upv.es\/ca\/wp-json\/wp\/v2\/users\/19"}],"replies":[{"embeddable":true,"href":"https:\/\/cienciagandia.webs.upv.es\/ca\/wp-json\/wp\/v2\/comments?post=26064"}],"version-history":[{"count":4,"href":"https:\/\/cienciagandia.webs.upv.es\/ca\/wp-json\/wp\/v2\/posts\/26064\/revisions"}],"predecessor-version":[{"id":26089,"href":"https:\/\/cienciagandia.webs.upv.es\/ca\/wp-json\/wp\/v2\/posts\/26064\/revisions\/26089"}],"wp:featuredmedia":[{"embeddable":true,"href":"https:\/\/cienciagandia.webs.upv.es\/ca\/wp-json\/wp\/v2\/media\/26078"}],"wp:attachment":[{"href":"https:\/\/cienciagandia.webs.upv.es\/ca\/wp-json\/wp\/v2\/media?parent=26064"}],"wp:term":[{"taxonomy":"category","embeddable":true,"href":"https:\/\/cienciagandia.webs.upv.es\/ca\/wp-json\/wp\/v2\/categories?post=26064"},{"taxonomy":"post_tag","embeddable":true,"href":"https:\/\/cienciagandia.webs.upv.es\/ca\/wp-json\/wp\/v2\/tags?post=26064"}],"curies":[{"name":"wp","href":"https:\/\/api.w.org\/{rel}","templated":true}]}}