{"id":25663,"date":"2025-11-05T12:38:20","date_gmt":"2025-11-05T11:38:20","guid":{"rendered":"https:\/\/cienciagandia.webs.upv.es\/?p=25663"},"modified":"2025-11-05T12:40:08","modified_gmt":"2025-11-05T11:40:08","slug":"gestio-de-desastres-naturals","status":"publish","type":"post","link":"https:\/\/cienciagandia.webs.upv.es\/ca\/2025\/11\/gestio-de-desastres-naturals\/","title":{"rendered":"GESTI\u00d3 DE DESASTRES NATURALS\u00a0"},"content":{"rendered":"\n<p>El passat 30 d&#8217;octubre va tenir lloc el Seminari Internacional Virtual, Gesti\u00f3 de Desastres Naturals organitzat per l&#8217;Institut Pr\u00f3 Natura \u2013 IPN, de Balne\u00e1rio Cambori\u00fa, el Brasil, i que va comptar amb la col\u00b7laboraci\u00f3 del Campus de Gandia de la Universitat Polit\u00e8cnica de Val\u00e8ncia.&nbsp;<\/p>\n\n\n\n<p>En el Seminari es va tractar la gesti\u00f3 de desastres naturals des de diferents perspectives acad\u00e8miques, professionals i geogr\u00e0fiques. El president de l&#8217;Institut Pro-Natura -IPN va donar la benvinguda als assistents i va incidir en la necessitat i import\u00e0ncia de tractar la gesti\u00f3 dels desastres naturals des d&#8217;una perspectiva professional i cient\u00edfica; el professor LLu\u00eds Miret va manifestar la import\u00e0ncia d&#8217;esdeveniments com aquest, que reuneixen experts de diferents pa\u00efsos de dos continents distints i que permeten con\u00e8ixer i compartir experi\u00e8ncies sobre les quals millorar la gesti\u00f3 d&#8217;un problema com\u00fa.&nbsp;<\/p>\n\n\n\n<p><em>L&#8217;enginyer <\/em><strong><em>Jos\u00e9 Manuel Boggio Lluna<\/em><\/strong><em>, president del Comit\u00e8 Consultiu del Consell Departamental de Tumbes del Col\u00b7legi d&#8217;Enginyers del Per\u00fa, va impartir la confer\u00e8ncia titulada <\/em><strong><em>\u201cDesastres Naturals en la Regi\u00f3 de Tumbes, Per\u00fa: Fenomen El Ni\u00f1o\u201d<\/em><\/strong><em>. L&#8217;enginyer va fer un rep\u00e0s de diferents trag\u00e8dies d&#8217;origen mediambiental que ha patit els \u00faltims anys aquesta regi\u00f3 del nord del Per\u00fa, associades totes elles al fenomen conegut com el Ni\u00f1o. Es va posar l&#8217;accent en els problemes i desafiaments que ha comportat cadascun dels episodis i en la falta d&#8217;accions i infraestructures que servisquen per a solucionar o almenys mitigar les conseq\u00fc\u00e8ncies d&#8217;aquests fen\u00f2mens.<\/em>&nbsp;<\/p>\n\n\n\n<p>Per la seua part, <strong><em>Elton Cunha<\/em><\/strong>, coordinador de la Cambra Sectorial de Defensa Civil del Consell&nbsp; Regional d&#8217;Administraci\u00f3 de Santa Catarina &#8211; CRA\/SC, el Brasil, va donar la confer\u00e8ncia titulada <strong><em>\u201c<\/em><\/strong><strong><em>Entre el passat i el futur dels desastres<\/em><\/strong><strong><em>: Rio Grande del Sur i Santa Catarina, Brasil\u201d<\/em><\/strong>.&nbsp; En aquest cas, l&#8217;expert va parlar de diferents desastres ocorreguts al sud del Brasil i va analitzar la resposta, emfasitzant de nou, en la prevenci\u00f3 d&#8217;aquests desastres. Elton va assenyalar la paradoxa del fet que tothom valora molt positivament aquells que participen en els rescats per\u00f2 que hi ha fortes resist\u00e8ncies cap als que tracten d&#8217;evitar-los. Va posar el focus en la necessitat de treballar una cultura de la prevenci\u00f3.&nbsp;<\/p>\n\n\n\n<figure class=\"wp-block-image size-large is-resized is-style-default\"><img loading=\"lazy\" decoding=\"async\" width=\"386\" height=\"500\" src=\"https:\/\/cienciagandia.webs.upv.es\/wp-content\/uploads\/2025\/11\/IMG_02-386x500.webp\" alt=\"\" class=\"wp-image-25659\" style=\"width:806px;height:auto\" srcset=\"https:\/\/cienciagandia.webs.upv.es\/wp-content\/uploads\/2025\/11\/IMG_02-386x500.webp 386w, https:\/\/cienciagandia.webs.upv.es\/wp-content\/uploads\/2025\/11\/IMG_02-193x250.webp 193w, https:\/\/cienciagandia.webs.upv.es\/wp-content\/uploads\/2025\/11\/IMG_02-768x994.webp 768w, https:\/\/cienciagandia.webs.upv.es\/wp-content\/uploads\/2025\/11\/IMG_02-1187x1536.webp 1187w, https:\/\/cienciagandia.webs.upv.es\/wp-content\/uploads\/2025\/11\/IMG_02-1583x2048.webp 1583w, https:\/\/cienciagandia.webs.upv.es\/wp-content\/uploads\/2025\/11\/IMG_02-scaled.webp 1978w\" sizes=\"auto, (max-width: 386px) 100vw, 386px\" \/><\/figure>\n\n\n\n<p>La investigadora i assistent de doc\u00e8ncia en la Facultat d&#8217;Enginyeria Civil i Geod\u00e8sica de la Universitat de Ljubljana, Eslov\u00e8nia, <strong><em>Jana Breznik<\/em><\/strong>, va impartir la confer\u00e8ncia <strong><em>\u201cSolucions tecnol\u00f2giques per a la din\u00e0mica de l&#8217;aigua i la reducci\u00f3 del risc d&#8217;inundacions\u201d<\/em><\/strong>. La confer\u00e8ncia va tractar temes que la professora investiga relacionats amb la planificaci\u00f3 espacial, l&#8217;an\u00e0lisi SIG (GIS) i la teledetecci\u00f3, per\u00f2 aplicats a la prevenci\u00f3 i gesti\u00f3 de desastres naturals. En concret, es va analitzar el paper que pot jugar el tractament d&#8217;imatges satel\u00b7lit\u00e0ries, per exemple , les rebudes del sat\u00e8l\u00b7lit Sentinel-1 i que poden jugar un paper clau en l&#8217;avaluaci\u00f3 de riscos i la planificaci\u00f3 de la resposta davant inundacions.&nbsp;<\/p>\n\n\n\n<p>Finalment, va intervenir el professor del Campus de Gandia de la Universitat Polit\u00e8cnica de Val\u00e8ncia, <strong><em>Germ\u00e1n Llorca Abad<\/em><\/strong>, amb la confer\u00e8ncia <strong><em>Impacte de les comunicacions en la DANA 2024 a Val\u00e8ncia, Espanya<\/em><\/strong>. En la seua intervenci\u00f3 es va tractar el tema de la gesti\u00f3 de la comunicaci\u00f3 en un desastre natural concret com va ser la DANA de Val\u00e8ncia, que va posar de manifest com les xarxes socials i fonts de comunicaci\u00f3 alternatives van jugar un paper clau en la difusi\u00f3 de mentides i not\u00edcies falses que van dificultar en part la gesti\u00f3 del desastre. Tamb\u00e9 va analitzar cr\u00edticament el paper jugat pels mitjans de comunicaci\u00f3 tradicionals i de diferents administracions. Manifestant la necessitat de comptar, en aquests tr\u00e0gics successos, amb un portaveu oficial que canalitze la informaci\u00f3.&nbsp;&nbsp;<\/p>\n\n\n\n<p>Els expositors juntament amb altres participants van analitzar la gesti\u00f3 de desastres i la import\u00e0ncia de la col\u00b7laboraci\u00f3 multidisciplin\u00e0ria i transnacional, i reconegueren que els desastres ja no es consideren fen\u00f2mens \u00abnaturals\u00bb i requereixen coresponsabilitat social.&nbsp;&nbsp;<\/p>\n\n\n\n<p>El referit esdeveniment internacional va transcendir fronteres, va permetre con\u00e8ixer experi\u00e8ncies iberoamericanes i va ser un mitj\u00e0 de transfer\u00e8ncia de coneixements en la tem\u00e0tica important de l&#8217;administraci\u00f3 de desastres i esdeveniments naturals, amb perspectives de prevenci\u00f3 i reducci\u00f3 de l&#8217;impacte en les diferents societats.&nbsp;<\/p>\n","protected":false},"excerpt":{"rendered":"<p>El passat 30 d&#8217;octubre va tenir lloc el Seminari Internacional Virtual, Gesti\u00f3 de Desastres Naturals organitzat per l&#8217;Institut Pr\u00f3 Natura \u2013 IPN, de Balne\u00e1rio Cambori\u00fa, &#8230; <a title=\"GESTI\u00d3 DE DESASTRES NATURALS\u00a0\" class=\"read-more\" href=\"https:\/\/cienciagandia.webs.upv.es\/ca\/2025\/11\/gestio-de-desastres-naturals\/\" aria-label=\"Read more about GESTI\u00d3 DE DESASTRES NATURALS\u00a0\">Llegir m\u00e9s<\/a><\/p>\n","protected":false},"author":19,"featured_media":25656,"comment_status":"closed","ping_status":"closed","sticky":false,"template":"","format":"standard","meta":{"footnotes":""},"categories":[244],"tags":[],"class_list":["post-25663","post","type-post","status-publish","format-standard","has-post-thumbnail","hentry","category-otros-ca-ca","resize-featured-image"],"yoast_head":"<!-- This site is optimized with the Yoast SEO plugin v27.5 - https:\/\/yoast.com\/product\/yoast-seo-wordpress\/ -->\n<title>GESTI\u00d3 DE DESASTRES NATURALS\u00a0 - Campus de Gandia Ciencia - UPV Universitat Polit\u00e8cnica de Val\u00e8ncia<\/title>\n<meta name=\"robots\" content=\"index, follow, max-snippet:-1, max-image-preview:large, max-video-preview:-1\" \/>\n<link rel=\"canonical\" href=\"https:\/\/cienciagandia.webs.upv.es\/ca\/2025\/11\/gestio-de-desastres-naturals\/\" \/>\n<meta property=\"og:locale\" content=\"en_US\" \/>\n<meta property=\"og:type\" content=\"article\" \/>\n<meta property=\"og:title\" content=\"GESTI\u00d3 DE DESASTRES NATURALS\u00a0 - Campus de Gandia Ciencia - UPV Universitat Polit\u00e8cnica de Val\u00e8ncia\" \/>\n<meta property=\"og:description\" content=\"El passat 30 d&#8217;octubre va tenir lloc el Seminari Internacional Virtual, Gesti\u00f3 de Desastres Naturals organitzat per l&#8217;Institut Pr\u00f3 Natura \u2013 IPN, de Balne\u00e1rio Cambori\u00fa, ... Llegir m\u00e9s\" \/>\n<meta property=\"og:url\" content=\"https:\/\/cienciagandia.webs.upv.es\/ca\/2025\/11\/gestio-de-desastres-naturals\/\" \/>\n<meta property=\"og:site_name\" content=\"Campus de Gandia Ciencia - UPV Universitat Polit\u00e8cnica de Val\u00e8ncia\" \/>\n<meta property=\"article:publisher\" content=\"https:\/\/www.facebook.com\/UPVCampusGandia\" \/>\n<meta property=\"article:published_time\" content=\"2025-11-05T11:38:20+00:00\" \/>\n<meta property=\"article:modified_time\" content=\"2025-11-05T11:40:08+00:00\" \/>\n<meta property=\"og:image\" content=\"https:\/\/cienciagandia.webs.upv.es\/wp-content\/uploads\/2014\/07\/icono-para-facebook_upv-gandia-ciencia.jpg\" \/>\n\t<meta property=\"og:image:width\" content=\"200\" \/>\n\t<meta property=\"og:image:height\" content=\"200\" \/>\n\t<meta property=\"og:image:type\" content=\"image\/jpeg\" \/>\n<meta name=\"author\" content=\"Laida Frasquet\" \/>\n<meta name=\"twitter:card\" content=\"summary_large_image\" \/>\n<meta name=\"twitter:creator\" content=\"@UPVCampusGandia\" \/>\n<meta name=\"twitter:site\" content=\"@UPVCampusGandia\" \/>\n<meta name=\"twitter:label1\" content=\"Written by\" \/>\n\t<meta name=\"twitter:data1\" content=\"Laida Frasquet\" \/>\n\t<meta name=\"twitter:label2\" content=\"Est. reading time\" \/>\n\t<meta name=\"twitter:data2\" content=\"4 minutes\" \/>\n<script type=\"application\/ld+json\" class=\"yoast-schema-graph\">{\"@context\":\"https:\\\/\\\/schema.org\",\"@graph\":[{\"@type\":\"Article\",\"@id\":\"https:\\\/\\\/cienciagandia.webs.upv.es\\\/ca\\\/2025\\\/11\\\/gestio-de-desastres-naturals\\\/#article\",\"isPartOf\":{\"@id\":\"https:\\\/\\\/cienciagandia.webs.upv.es\\\/ca\\\/2025\\\/11\\\/gestio-de-desastres-naturals\\\/\"},\"author\":{\"name\":\"Laida Frasquet\",\"@id\":\"https:\\\/\\\/cienciagandia.webs.upv.es\\\/#\\\/schema\\\/person\\\/bf78d471bd06ff217deef82b0b32ccfb\"},\"headline\":\"GESTI\u00d3 DE DESASTRES NATURALS\u00a0\",\"datePublished\":\"2025-11-05T11:38:20+00:00\",\"dateModified\":\"2025-11-05T11:40:08+00:00\",\"mainEntityOfPage\":{\"@id\":\"https:\\\/\\\/cienciagandia.webs.upv.es\\\/ca\\\/2025\\\/11\\\/gestio-de-desastres-naturals\\\/\"},\"wordCount\":757,\"publisher\":{\"@id\":\"https:\\\/\\\/cienciagandia.webs.upv.es\\\/#organization\"},\"image\":{\"@id\":\"https:\\\/\\\/cienciagandia.webs.upv.es\\\/ca\\\/2025\\\/11\\\/gestio-de-desastres-naturals\\\/#primaryimage\"},\"thumbnailUrl\":\"https:\\\/\\\/cienciagandia.webs.upv.es\\\/wp-content\\\/uploads\\\/2025\\\/11\\\/01_IMAGEN.avif\",\"articleSection\":[\"Altres\"],\"inLanguage\":\"ca-CA\"},{\"@type\":\"WebPage\",\"@id\":\"https:\\\/\\\/cienciagandia.webs.upv.es\\\/ca\\\/2025\\\/11\\\/gestio-de-desastres-naturals\\\/\",\"url\":\"https:\\\/\\\/cienciagandia.webs.upv.es\\\/ca\\\/2025\\\/11\\\/gestio-de-desastres-naturals\\\/\",\"name\":\"GESTI\u00d3 DE DESASTRES NATURALS\u00a0 - Campus de Gandia Ciencia - UPV Universitat Polit\u00e8cnica de Val\u00e8ncia\",\"isPartOf\":{\"@id\":\"https:\\\/\\\/cienciagandia.webs.upv.es\\\/#website\"},\"primaryImageOfPage\":{\"@id\":\"https:\\\/\\\/cienciagandia.webs.upv.es\\\/ca\\\/2025\\\/11\\\/gestio-de-desastres-naturals\\\/#primaryimage\"},\"image\":{\"@id\":\"https:\\\/\\\/cienciagandia.webs.upv.es\\\/ca\\\/2025\\\/11\\\/gestio-de-desastres-naturals\\\/#primaryimage\"},\"thumbnailUrl\":\"https:\\\/\\\/cienciagandia.webs.upv.es\\\/wp-content\\\/uploads\\\/2025\\\/11\\\/01_IMAGEN.avif\",\"datePublished\":\"2025-11-05T11:38:20+00:00\",\"dateModified\":\"2025-11-05T11:40:08+00:00\",\"breadcrumb\":{\"@id\":\"https:\\\/\\\/cienciagandia.webs.upv.es\\\/ca\\\/2025\\\/11\\\/gestio-de-desastres-naturals\\\/#breadcrumb\"},\"inLanguage\":\"ca-CA\",\"potentialAction\":[{\"@type\":\"ReadAction\",\"target\":[\"https:\\\/\\\/cienciagandia.webs.upv.es\\\/ca\\\/2025\\\/11\\\/gestio-de-desastres-naturals\\\/\"]}]},{\"@type\":\"ImageObject\",\"inLanguage\":\"ca-CA\",\"@id\":\"https:\\\/\\\/cienciagandia.webs.upv.es\\\/ca\\\/2025\\\/11\\\/gestio-de-desastres-naturals\\\/#primaryimage\",\"url\":\"https:\\\/\\\/cienciagandia.webs.upv.es\\\/wp-content\\\/uploads\\\/2025\\\/11\\\/01_IMAGEN.avif\",\"contentUrl\":\"https:\\\/\\\/cienciagandia.webs.upv.es\\\/wp-content\\\/uploads\\\/2025\\\/11\\\/01_IMAGEN.avif\",\"width\":1170,\"height\":780},{\"@type\":\"BreadcrumbList\",\"@id\":\"https:\\\/\\\/cienciagandia.webs.upv.es\\\/ca\\\/2025\\\/11\\\/gestio-de-desastres-naturals\\\/#breadcrumb\",\"itemListElement\":[{\"@type\":\"ListItem\",\"position\":1,\"name\":\"Portada\",\"item\":\"https:\\\/\\\/cienciagandia.webs.upv.es\\\/ca\\\/\"},{\"@type\":\"ListItem\",\"position\":2,\"name\":\"GESTI\u00d3 DE DESASTRES NATURALS\u00a0\"}]},{\"@type\":\"WebSite\",\"@id\":\"https:\\\/\\\/cienciagandia.webs.upv.es\\\/#website\",\"url\":\"https:\\\/\\\/cienciagandia.webs.upv.es\\\/\",\"name\":\"Blog de Ciencia del Campus de Gandia de la Universitat Polit\u00e8cnica de Val\u00e8ncia UPV\",\"description\":\"Campus de Gandia Ciencia UPV\",\"publisher\":{\"@id\":\"https:\\\/\\\/cienciagandia.webs.upv.es\\\/#organization\"},\"potentialAction\":[{\"@type\":\"SearchAction\",\"target\":{\"@type\":\"EntryPoint\",\"urlTemplate\":\"https:\\\/\\\/cienciagandia.webs.upv.es\\\/?s={search_term_string}\"},\"query-input\":{\"@type\":\"PropertyValueSpecification\",\"valueRequired\":true,\"valueName\":\"search_term_string\"}}],\"inLanguage\":\"ca-CA\"},{\"@type\":\"Organization\",\"@id\":\"https:\\\/\\\/cienciagandia.webs.upv.es\\\/#organization\",\"name\":\"Campus de Gandia de la Universitat Polit\u00e8cnica de Val\u00e8ncia UPV\",\"alternateName\":\"Campus de Gandia UPV\",\"url\":\"https:\\\/\\\/cienciagandia.webs.upv.es\\\/\",\"logo\":{\"@type\":\"ImageObject\",\"inLanguage\":\"ca-CA\",\"@id\":\"https:\\\/\\\/cienciagandia.webs.upv.es\\\/#\\\/schema\\\/logo\\\/image\\\/\",\"url\":\"https:\\\/\\\/cienciagandia.webs.upv.es\\\/wp-content\\\/uploads\\\/2023\\\/10\\\/UPV-Gandia.jpg\",\"contentUrl\":\"https:\\\/\\\/cienciagandia.webs.upv.es\\\/wp-content\\\/uploads\\\/2023\\\/10\\\/UPV-Gandia.jpg\",\"width\":770,\"height\":366,\"caption\":\"Campus de Gandia de la Universitat Polit\u00e8cnica de Val\u00e8ncia UPV\"},\"image\":{\"@id\":\"https:\\\/\\\/cienciagandia.webs.upv.es\\\/#\\\/schema\\\/logo\\\/image\\\/\"},\"sameAs\":[\"https:\\\/\\\/www.facebook.com\\\/UPVCampusGandia\",\"https:\\\/\\\/x.com\\\/UPVCampusGandia\",\"https:\\\/\\\/www.instagram.com\\\/upvcampusgandia\\\/\",\"https:\\\/\\\/www.linkedin.com\\\/company\\\/upvcampusgandia\\\/\"]},{\"@type\":\"Person\",\"@id\":\"https:\\\/\\\/cienciagandia.webs.upv.es\\\/#\\\/schema\\\/person\\\/bf78d471bd06ff217deef82b0b32ccfb\",\"name\":\"Laida Frasquet\",\"image\":{\"@type\":\"ImageObject\",\"inLanguage\":\"ca-CA\",\"@id\":\"https:\\\/\\\/secure.gravatar.com\\\/avatar\\\/ce30502de7b114b3bf4236670d5c8e2c8826994b063c2e0706e56d94de2982a9?s=96&d=mm&r=g\",\"url\":\"https:\\\/\\\/secure.gravatar.com\\\/avatar\\\/ce30502de7b114b3bf4236670d5c8e2c8826994b063c2e0706e56d94de2982a9?s=96&d=mm&r=g\",\"contentUrl\":\"https:\\\/\\\/secure.gravatar.com\\\/avatar\\\/ce30502de7b114b3bf4236670d5c8e2c8826994b063c2e0706e56d94de2982a9?s=96&d=mm&r=g\",\"caption\":\"Laida Frasquet\"},\"url\":\"https:\\\/\\\/cienciagandia.webs.upv.es\\\/ca\\\/author\\\/lfrasque\\\/\"}]}<\/script>\n<!-- \/ Yoast SEO plugin. -->","yoast_head_json":{"title":"GESTI\u00d3 DE DESASTRES NATURALS\u00a0 - Campus de Gandia Ciencia - UPV Universitat Polit\u00e8cnica de Val\u00e8ncia","robots":{"index":"index","follow":"follow","max-snippet":"max-snippet:-1","max-image-preview":"max-image-preview:large","max-video-preview":"max-video-preview:-1"},"canonical":"https:\/\/cienciagandia.webs.upv.es\/ca\/2025\/11\/gestio-de-desastres-naturals\/","og_locale":"en_US","og_type":"article","og_title":"GESTI\u00d3 DE DESASTRES NATURALS\u00a0 - Campus de Gandia Ciencia - UPV Universitat Polit\u00e8cnica de Val\u00e8ncia","og_description":"El passat 30 d&#8217;octubre va tenir lloc el Seminari Internacional Virtual, Gesti\u00f3 de Desastres Naturals organitzat per l&#8217;Institut Pr\u00f3 Natura \u2013 IPN, de Balne\u00e1rio Cambori\u00fa, ... Llegir m\u00e9s","og_url":"https:\/\/cienciagandia.webs.upv.es\/ca\/2025\/11\/gestio-de-desastres-naturals\/","og_site_name":"Campus de Gandia Ciencia - UPV Universitat Polit\u00e8cnica de Val\u00e8ncia","article_publisher":"https:\/\/www.facebook.com\/UPVCampusGandia","article_published_time":"2025-11-05T11:38:20+00:00","article_modified_time":"2025-11-05T11:40:08+00:00","og_image":[{"width":200,"height":200,"url":"https:\/\/cienciagandia.webs.upv.es\/wp-content\/uploads\/2014\/07\/icono-para-facebook_upv-gandia-ciencia.jpg","type":"image\/jpeg"}],"author":"Laida Frasquet","twitter_card":"summary_large_image","twitter_creator":"@UPVCampusGandia","twitter_site":"@UPVCampusGandia","twitter_misc":{"Written by":"Laida Frasquet","Est. reading time":"4 minutes"},"schema":{"@context":"https:\/\/schema.org","@graph":[{"@type":"Article","@id":"https:\/\/cienciagandia.webs.upv.es\/ca\/2025\/11\/gestio-de-desastres-naturals\/#article","isPartOf":{"@id":"https:\/\/cienciagandia.webs.upv.es\/ca\/2025\/11\/gestio-de-desastres-naturals\/"},"author":{"name":"Laida Frasquet","@id":"https:\/\/cienciagandia.webs.upv.es\/#\/schema\/person\/bf78d471bd06ff217deef82b0b32ccfb"},"headline":"GESTI\u00d3 DE DESASTRES NATURALS\u00a0","datePublished":"2025-11-05T11:38:20+00:00","dateModified":"2025-11-05T11:40:08+00:00","mainEntityOfPage":{"@id":"https:\/\/cienciagandia.webs.upv.es\/ca\/2025\/11\/gestio-de-desastres-naturals\/"},"wordCount":757,"publisher":{"@id":"https:\/\/cienciagandia.webs.upv.es\/#organization"},"image":{"@id":"https:\/\/cienciagandia.webs.upv.es\/ca\/2025\/11\/gestio-de-desastres-naturals\/#primaryimage"},"thumbnailUrl":"https:\/\/cienciagandia.webs.upv.es\/wp-content\/uploads\/2025\/11\/01_IMAGEN.avif","articleSection":["Altres"],"inLanguage":"ca-CA"},{"@type":"WebPage","@id":"https:\/\/cienciagandia.webs.upv.es\/ca\/2025\/11\/gestio-de-desastres-naturals\/","url":"https:\/\/cienciagandia.webs.upv.es\/ca\/2025\/11\/gestio-de-desastres-naturals\/","name":"GESTI\u00d3 DE DESASTRES NATURALS\u00a0 - Campus de Gandia Ciencia - UPV Universitat Polit\u00e8cnica de Val\u00e8ncia","isPartOf":{"@id":"https:\/\/cienciagandia.webs.upv.es\/#website"},"primaryImageOfPage":{"@id":"https:\/\/cienciagandia.webs.upv.es\/ca\/2025\/11\/gestio-de-desastres-naturals\/#primaryimage"},"image":{"@id":"https:\/\/cienciagandia.webs.upv.es\/ca\/2025\/11\/gestio-de-desastres-naturals\/#primaryimage"},"thumbnailUrl":"https:\/\/cienciagandia.webs.upv.es\/wp-content\/uploads\/2025\/11\/01_IMAGEN.avif","datePublished":"2025-11-05T11:38:20+00:00","dateModified":"2025-11-05T11:40:08+00:00","breadcrumb":{"@id":"https:\/\/cienciagandia.webs.upv.es\/ca\/2025\/11\/gestio-de-desastres-naturals\/#breadcrumb"},"inLanguage":"ca-CA","potentialAction":[{"@type":"ReadAction","target":["https:\/\/cienciagandia.webs.upv.es\/ca\/2025\/11\/gestio-de-desastres-naturals\/"]}]},{"@type":"ImageObject","inLanguage":"ca-CA","@id":"https:\/\/cienciagandia.webs.upv.es\/ca\/2025\/11\/gestio-de-desastres-naturals\/#primaryimage","url":"https:\/\/cienciagandia.webs.upv.es\/wp-content\/uploads\/2025\/11\/01_IMAGEN.avif","contentUrl":"https:\/\/cienciagandia.webs.upv.es\/wp-content\/uploads\/2025\/11\/01_IMAGEN.avif","width":1170,"height":780},{"@type":"BreadcrumbList","@id":"https:\/\/cienciagandia.webs.upv.es\/ca\/2025\/11\/gestio-de-desastres-naturals\/#breadcrumb","itemListElement":[{"@type":"ListItem","position":1,"name":"Portada","item":"https:\/\/cienciagandia.webs.upv.es\/ca\/"},{"@type":"ListItem","position":2,"name":"GESTI\u00d3 DE DESASTRES NATURALS\u00a0"}]},{"@type":"WebSite","@id":"https:\/\/cienciagandia.webs.upv.es\/#website","url":"https:\/\/cienciagandia.webs.upv.es\/","name":"Blog de Ciencia del Campus de Gandia de la Universitat Polit\u00e8cnica de Val\u00e8ncia UPV","description":"Campus de Gandia Ciencia UPV","publisher":{"@id":"https:\/\/cienciagandia.webs.upv.es\/#organization"},"potentialAction":[{"@type":"SearchAction","target":{"@type":"EntryPoint","urlTemplate":"https:\/\/cienciagandia.webs.upv.es\/?s={search_term_string}"},"query-input":{"@type":"PropertyValueSpecification","valueRequired":true,"valueName":"search_term_string"}}],"inLanguage":"ca-CA"},{"@type":"Organization","@id":"https:\/\/cienciagandia.webs.upv.es\/#organization","name":"Campus de Gandia de la Universitat Polit\u00e8cnica de Val\u00e8ncia UPV","alternateName":"Campus de Gandia UPV","url":"https:\/\/cienciagandia.webs.upv.es\/","logo":{"@type":"ImageObject","inLanguage":"ca-CA","@id":"https:\/\/cienciagandia.webs.upv.es\/#\/schema\/logo\/image\/","url":"https:\/\/cienciagandia.webs.upv.es\/wp-content\/uploads\/2023\/10\/UPV-Gandia.jpg","contentUrl":"https:\/\/cienciagandia.webs.upv.es\/wp-content\/uploads\/2023\/10\/UPV-Gandia.jpg","width":770,"height":366,"caption":"Campus de Gandia de la Universitat Polit\u00e8cnica de Val\u00e8ncia UPV"},"image":{"@id":"https:\/\/cienciagandia.webs.upv.es\/#\/schema\/logo\/image\/"},"sameAs":["https:\/\/www.facebook.com\/UPVCampusGandia","https:\/\/x.com\/UPVCampusGandia","https:\/\/www.instagram.com\/upvcampusgandia\/","https:\/\/www.linkedin.com\/company\/upvcampusgandia\/"]},{"@type":"Person","@id":"https:\/\/cienciagandia.webs.upv.es\/#\/schema\/person\/bf78d471bd06ff217deef82b0b32ccfb","name":"Laida Frasquet","image":{"@type":"ImageObject","inLanguage":"ca-CA","@id":"https:\/\/secure.gravatar.com\/avatar\/ce30502de7b114b3bf4236670d5c8e2c8826994b063c2e0706e56d94de2982a9?s=96&d=mm&r=g","url":"https:\/\/secure.gravatar.com\/avatar\/ce30502de7b114b3bf4236670d5c8e2c8826994b063c2e0706e56d94de2982a9?s=96&d=mm&r=g","contentUrl":"https:\/\/secure.gravatar.com\/avatar\/ce30502de7b114b3bf4236670d5c8e2c8826994b063c2e0706e56d94de2982a9?s=96&d=mm&r=g","caption":"Laida Frasquet"},"url":"https:\/\/cienciagandia.webs.upv.es\/ca\/author\/lfrasque\/"}]}},"_links":{"self":[{"href":"https:\/\/cienciagandia.webs.upv.es\/ca\/wp-json\/wp\/v2\/posts\/25663","targetHints":{"allow":["GET"]}}],"collection":[{"href":"https:\/\/cienciagandia.webs.upv.es\/ca\/wp-json\/wp\/v2\/posts"}],"about":[{"href":"https:\/\/cienciagandia.webs.upv.es\/ca\/wp-json\/wp\/v2\/types\/post"}],"author":[{"embeddable":true,"href":"https:\/\/cienciagandia.webs.upv.es\/ca\/wp-json\/wp\/v2\/users\/19"}],"replies":[{"embeddable":true,"href":"https:\/\/cienciagandia.webs.upv.es\/ca\/wp-json\/wp\/v2\/comments?post=25663"}],"version-history":[{"count":2,"href":"https:\/\/cienciagandia.webs.upv.es\/ca\/wp-json\/wp\/v2\/posts\/25663\/revisions"}],"predecessor-version":[{"id":25665,"href":"https:\/\/cienciagandia.webs.upv.es\/ca\/wp-json\/wp\/v2\/posts\/25663\/revisions\/25665"}],"wp:featuredmedia":[{"embeddable":true,"href":"https:\/\/cienciagandia.webs.upv.es\/ca\/wp-json\/wp\/v2\/media\/25656"}],"wp:attachment":[{"href":"https:\/\/cienciagandia.webs.upv.es\/ca\/wp-json\/wp\/v2\/media?parent=25663"}],"wp:term":[{"taxonomy":"category","embeddable":true,"href":"https:\/\/cienciagandia.webs.upv.es\/ca\/wp-json\/wp\/v2\/categories?post=25663"},{"taxonomy":"post_tag","embeddable":true,"href":"https:\/\/cienciagandia.webs.upv.es\/ca\/wp-json\/wp\/v2\/tags?post=25663"}],"curies":[{"name":"wp","href":"https:\/\/api.w.org\/{rel}","templated":true}]}}