{"id":24384,"date":"2025-09-23T16:00:59","date_gmt":"2025-09-23T14:00:59","guid":{"rendered":"https:\/\/cienciagandia.webs.upv.es\/?p=21423"},"modified":"2025-10-06T22:15:28","modified_gmt":"2025-10-06T20:15:28","slug":"bulos-dana","status":"publish","type":"post","link":"https:\/\/cienciagandia.webs.upv.es\/ca\/2025\/09\/bulos-dana\/","title":{"rendered":"Aix\u00ed es van fabricar les boles sobre la DANA"},"content":{"rendered":"<p align=\"justify\"><span style=\"font-size: medium;\"><span lang=\"ca-ES\">Durant les setmanes posteriors a la devastadora DANA que va assotar la prov\u00edncia de Val\u00e8ncia a l&#8217;octubre de 2024, no sols es van enfrontar les autoritats a una emerg\u00e8ncia clim\u00e0tica sense precedents, sin\u00f3 tamb\u00e9 a una <\/span><\/span><span style=\"font-size: medium;\"><span lang=\"ca-ES\"><b>crisi informativa marcada per la proliferaci\u00f3 de boles, teories conspiratives i not\u00edcies falses<\/b><\/span><\/span><span style=\"font-size: medium;\"><span lang=\"ca-ES\">. Un recent <\/span><\/span><span style=\"color: #0563c1;\"><u><a href=\"https:\/\/doi.org\/10.14198\/MEDCOM.29303\" target=\"_blank\" rel=\"noopener\"><span style=\"font-size: medium;\"><span lang=\"ca-ES\">estudi<\/span><\/span><\/a><\/u><\/span><span style=\"font-size: medium;\"><span lang=\"ca-ES\"> en el qual participa el Campus de Gandia de la Universitat Polit\u00e8cnica de Val\u00e8ncia (UPV) ha analitzat en profunditat com aquesta desinformaci\u00f3 va condicionar la percepci\u00f3 p\u00fablica de la trag\u00e8dia i va dificultar la resposta institucional.<\/span><\/span><\/p>\n<p align=\"justify\"><img loading=\"lazy\" decoding=\"async\" class=\"alignnone wp-image-21408 size-large\" src=\"https:\/\/cienciagandia.webs.upv.es\/wp-content\/uploads\/2025\/09\/foto-DANA-333x500.webp\" alt=\"foto DANA\" width=\"333\" height=\"500\" data-wp-editing=\"1\" \/><\/p>\n<p align=\"justify\"><span style=\"font-size: medium;\"><span lang=\"ca-ES\">La investigaci\u00f3 ha sigut realitzada pel professor <\/span><\/span><span style=\"color: #0563c1;\"><u><a href=\"https:\/\/www.upv.es\/pls\/oalu\/sic_person.Info?p_alias=gerlloab&amp;P_IDIOMA=v\" target=\"_blank\" rel=\"noopener\"><span style=\"font-size: medium;\"><span lang=\"ca-ES\">Germ\u00e1n Llorca Abad<\/span><\/span><\/a><\/u><\/span><span style=\"font-size: medium;\"><span lang=\"ca-ES\">, professor i investigador del Campus de Gandia, en col\u00b7laboraci\u00f3 amb el professor Alberto E. L\u00f3pez Carri\u00f3n, de la Universitat Internacional de Val\u00e8ncia (VIU) i ha sigut recentment publicada en la Revista Mediterr\u00e0nia de Comunicaci\u00f3.<\/span><\/span><\/p>\n<p align=\"justify\"><img loading=\"lazy\" decoding=\"async\" class=\"alignnone size-full wp-image-21411\" src=\"https:\/\/cienciagandia.webs.upv.es\/wp-content\/uploads\/2025\/09\/german-llorca_03.webp\" alt=\"Germ\u00e1n Llorca\" width=\"700\" height=\"400\" \/><\/p>\n<p align=\"justify\"><span style=\"font-size: medium;\"><span lang=\"ca-ES\">Els autors van analitzar un total de 185 not\u00edcies publicades entre el 28 d&#8217;octubre i el 17 de novembre de 2024 en els diaris nacionals i locals amb m\u00e9s audi\u00e8ncia, en les quals van identificar <\/span><span lang=\"ca-ES\"><b>192 faules que van circular durant el per\u00edode cr\u00edtic de la cat\u00e0strofe<\/b><\/span><span lang=\"ca-ES\">.<\/span><\/span><\/p>\n<p align=\"justify\"><strong><span style=\"font-size: medium;\"><span lang=\"ca-ES\">Boles amb gran impacte social i emocional<\/span><\/span><\/strong><\/p>\n<p align=\"justify\"><span style=\"font-size: medium;\"><span lang=\"ca-ES\">Entre els casos m\u00e9s destacats figura la bola sobre l&#8217;aparcament del centre comercial Bonaire, a Aldaia, on s&#8217;afirmava falsament que centenars de cad\u00e0vers jeien en vehicles submergits. Aquesta desinformaci\u00f3 va ser impulsada per influenciadors i personatges medi\u00e0tics, i va tenir un gran ress\u00f2 en plataformes com Instagram o TikTok. Tamb\u00e9 van proliferar narratives conspirativas que culpaven el Govern de destruir preses \u201cconstru\u00efdes pel franquisme\u201d, o que acusaven l&#8217;AEMET d&#8217;ocultar informaci\u00f3 sobre les pluges.<\/span><\/span><\/p>\n<p align=\"justify\"><span style=\"font-size: medium;\"><span lang=\"ca-ES\">Segons l&#8217;estudi, tres de cada quatre boles van ser continguts falsos creats intencionadament per a enganyar, i el 75% es van difondre per xarxes socials obertes o tancades com X, Instagram o WhatsApp. \u201cLa majoria dels continguts tenien una forta c\u00e0rrega emocional, dissenyada per a generar indignaci\u00f3, por o rebuig cap a les institucions\u201d, assenyala Germ\u00e1n Llorca.<\/span><\/span><\/p>\n<p align=\"justify\"><span style=\"font-size: medium;\"><span lang=\"ca-ES\">En alguns casos, aquestes falsedats van procedir fins i tot de periodistes o col\u00b7laboracions en programes de televisi\u00f3. L&#8217;an\u00e0lisi revela que el 28% de les mentides es van originar o van difondre des d&#8217;entorns period\u00edstics professionals, la qual cosa planteja seriosos dubtes sobre els filtres editorials en contextos de crisis. Malgrat aix\u00f2, els autors tamb\u00e9 destaquen el paper d&#8217;alguns mitjans que s\u00ed que van contribuir a desmentir falsedats, aix\u00ed com el treball de plataformes de verificaci\u00f3 com Maldita.es, Newtral o VerificaRTVE.<\/span><\/span><\/p>\n<p align=\"justify\"><strong><span style=\"font-size: medium;\"><span lang=\"ca-ES\">El \u201cdiagonalisme\u201d i la instrumentalitzaci\u00f3 pol\u00edtica<\/span><\/span><\/strong><\/p>\n<p align=\"justify\"><span style=\"font-size: medium;\"><span lang=\"ca-ES\">Un de les aportacions m\u00e9s innovadores de l&#8217;estudi \u00e9s l&#8217;aplicaci\u00f3 del concepte de diagonalisme, una estrat\u00e8gia comunicativa que, segons els investigadors, va ser especialment visible en aquesta crisi. Aquest corrent combina discursos d&#8217;extrema dreta amb missatges tradicionalment vinculats a l&#8217;esquerra, com la cr\u00edtica al poder institucional o a les elits. L&#8217;objectiu: connectar amb el malestar ciutad\u00e0 des de m\u00faltiples angles ideol\u00f2gics i aprofitar la incertesa per a refor\u00e7ar narratives de desconfian\u00e7a.<\/span><\/span><\/p>\n<p align=\"justify\"><span style=\"font-size: medium;\"><span lang=\"ca-ES\">Durant la DANA, aquesta estrat\u00e8gia es va traduir en atacs al Govern, a organismes cient\u00edfics i a ONG com C\u00e0ritas o Creu Roja. \u201cEn situacions de cat\u00e0strofe, el descr\u00e8dit de les institucions \u00e9s aprofitat per a sembrar el caos informatiu i mobilitzar pol\u00edticament a uns certs sectors\u201d, explica Alberto L\u00f3pez-Carri\u00f3n.<\/span><\/span><\/p>\n<p align=\"justify\"><span style=\"font-size: medium;\"><span lang=\"ca-ES\">A m\u00e9s, els algorismes de les xarxes socials \u2014que prioritzen els continguts m\u00e9s virals, no necess\u00e0riament els m\u00e9s vera\u00e7os\u2014 van amplificar aquests missatges i va afavorir-ne la r\u00e0pida expansi\u00f3. \u201cLes emocions extremes, com la indignaci\u00f3 o la por, s\u00f3n les que m\u00e9s interacci\u00f3 generen. I les boles apel\u00b7len precisament a aquestes emocions\u201d, conclouen els autors.<\/span><\/span><\/p>\n<p align=\"justify\"><strong><span style=\"font-size: medium;\"><span lang=\"ca-ES\">Major responsabilitat institucional i digital<\/span><\/span><\/strong><\/p>\n<p align=\"justify\"><span style=\"font-size: medium;\"><span lang=\"ca-ES\">L&#8217;estudi conclou amb un missatge clar: \u00e9s urgent refor\u00e7ar l&#8217;alfabetitzaci\u00f3 medi\u00e0tica de la ciutadania, millorar els mecanismes institucionals de resposta informativa i exigir major transpar\u00e8ncia i responsabilitat a les plataformes digitals.<\/span><\/span><\/p>\n<p align=\"justify\"><span style=\"font-size: medium;\"><span lang=\"ca-ES\">Encara que el Govern va activar perfils oficials en xarxes socials per a combatre la desinformaci\u00f3, aquests esfor\u00e7os van arribar tard i van tenir un abast limitat. Els investigadors recomanen protocols \u00e0gils de comunicaci\u00f3 en emerg\u00e8ncies, aix\u00ed com aliances m\u00e9s efectives entre institucions p\u00fabliques, mitjans de comunicaci\u00f3 i organismes de verificaci\u00f3.<\/span><\/span><\/p>\n<p align=\"justify\">\u201c<span style=\"font-size: medium;\"><span lang=\"ca-ES\">Combatre les boles no \u00e9s nom\u00e9s una q\u00fcesti\u00f3 de veritat, \u00e9s tamb\u00e9 una q\u00fcesti\u00f3 de salut p\u00fablica i cohesi\u00f3 social\u201d, sostenen L\u00f3pez-Carri\u00f3n i Llorca-Abad. I adverteixen: \u201cSi no s&#8217;actua amb decisi\u00f3, la pr\u00f2xima emerg\u00e8ncia no sols ser\u00e0 clim\u00e0tica, sin\u00f3 tamb\u00e9 informativa\u201d.<\/span><\/span><\/p>\n<p align=\"justify\"><iframe loading=\"lazy\" src=\"https:\/\/www.ivoox.com\/player_ej_153223218_6_1.html?c1=1c6486\" width=\"100%\" height=\"200\" frameborder=\"0\" scrolling=\"no\" allowfullscreen=\"allowfullscreen\" data-mce-fragment=\"1\"><\/iframe><\/p>\n<p align=\"justify\"><span style=\"font-size: medium;\"><span lang=\"ca-ES\">A m\u00e9s d&#8217;aquest estudi, Germ\u00e1n Llorca va publicar recentment el <\/span><\/span><span style=\"color: #0563c1;\"><u><a href=\"https:\/\/bibcraigandia.blogs.upv.es\/el-campus-de-gandia-upv-publica-german-llorca\/\" target=\"_blank\" rel=\"noopener\"><span style=\"font-size: medium;\"><span lang=\"ca-ES\">llibre \u00abBoles i fang: com la DANA exemplifica el problema dels desordres informatius\u00bb<\/span><\/span><\/a><\/u><\/span><span style=\"font-size: medium;\"><span lang=\"ca-ES\"> que presentar\u00e0 el 30 d&#8217;octubre, a les 12.30 hores, a la Sala de Confer\u00e8ncies del Campus de Gandia.<\/span><\/span><\/p>\n<p align=\"justify\"><span style=\"font-size: medium;\"><span lang=\"ca-ES\">Aquest llibre s&#8217;emmarca dins del projecte d&#8217;investigaci\u00f3 \u00abDesconcert informatiu: qualitat prec\u00e0ria, sobre (des)informaci\u00f3 i polaritzaci\u00f3\u00bb (CIAICO2021\/125), finan\u00e7at per la Conselleria d&#8217;Universitats i innovaci\u00f3 de la Generalitat Valenciana.<\/span><\/span><\/p>\n<p align=\"justify\"><img loading=\"lazy\" decoding=\"async\" class=\"alignnone wp-image-21414 size-large\" src=\"https:\/\/cienciagandia.webs.upv.es\/wp-content\/uploads\/2025\/09\/foto-libro-375x500.webp\" alt=\"Libro Bulos y Barro\" width=\"375\" height=\"500\" \/><\/p>\n<hr \/>\n<p align=\"justify\"><span style=\"font-size: medium;\"><span lang=\"ca-ES\">M\u00e9s informaci\u00f3 de l&#8217;estudi: <\/span><\/span><\/p>\n<p align=\"justify\"><span style=\"font-size: medium;\"><span lang=\"ca-ES\">L\u00f3pez Carri\u00f3n, A. E., &amp; Llorca-Abad, G. (2025). Desinformaci\u00f3 durant la crisi produ\u00efda per la DANA de 2024 a Espanya: an\u00e0lisi, caracter\u00edstiques, tipologies i desmentiments.\u00a0<\/span><\/span><span style=\"font-size: medium;\"><span lang=\"ca-ES\"><i>Revista Mediterr\u00e0nia De Comunicaci\u00f3<\/i><\/span><\/span><span style=\"font-size: medium;\"><span lang=\"ca-ES\">,\u00a0<\/span><\/span><span style=\"font-size: medium;\"><span lang=\"ca-ES\"><i>16<\/i><\/span><\/span><span style=\"font-size: medium;\"><span lang=\"ca-ES\">(2), e29303. <\/span><\/span><span style=\"color: #0563c1;\"><u><a href=\"https:\/\/doi.org\/10.14198\/MEDCOM.29303\"><span style=\"font-size: medium;\"><span lang=\"ca-ES\">https:\/\/doi.org\/10.14198\/medcom.29303<\/span><\/span><\/a><\/u><\/span><\/p>\n","protected":false},"excerpt":{"rendered":"<p>Durant les setmanes posteriors a la devastadora DANA que va assotar la prov\u00edncia de Val\u00e8ncia a l&#8217;octubre de 2024, no sols es van enfrontar les &#8230; <a title=\"Aix\u00ed es van fabricar les boles sobre la DANA\" class=\"read-more\" href=\"https:\/\/cienciagandia.webs.upv.es\/ca\/2025\/09\/bulos-dana\/\" aria-label=\"Read more about Aix\u00ed es van fabricar les boles sobre la DANA\">Llegir m\u00e9s<\/a><\/p>\n","protected":false},"author":15,"featured_media":24594,"comment_status":"closed","ping_status":"closed","sticky":false,"template":"","format":"standard","meta":{"footnotes":""},"categories":[6],"tags":[970,706],"class_list":["post-24384","post","type-post","status-publish","format-standard","has-post-thumbnail","hentry","category-comunicacion","tag-destacat","tag-destacat-ca","resize-featured-image"],"yoast_head":"<!-- This site is optimized with the Yoast SEO plugin v27.5 - https:\/\/yoast.com\/product\/yoast-seo-wordpress\/ -->\n<title>Aix\u00ed es van fabricar les boles sobre la DANA - Campus de Gandia Ciencia - UPV Universitat Polit\u00e8cnica de Val\u00e8ncia<\/title>\n<meta name=\"description\" content=\"Un estudi en qu\u00e8 participa el Campus de Gandia UPV ha analitzat com la desinformaci\u00f3 va condicionar la percepci\u00f3 p\u00fablica de la trag\u00e8dia de la DANA.\" \/>\n<meta name=\"robots\" content=\"index, follow, max-snippet:-1, max-image-preview:large, max-video-preview:-1\" \/>\n<link rel=\"canonical\" href=\"https:\/\/cienciagandia.webs.upv.es\/ca\/2025\/09\/bulos-dana\/\" \/>\n<meta property=\"og:locale\" content=\"en_US\" \/>\n<meta property=\"og:type\" content=\"article\" \/>\n<meta property=\"og:title\" content=\"Aix\u00ed es van fabricar les boles sobre la DANA - Campus de Gandia Ciencia - UPV Universitat Polit\u00e8cnica de Val\u00e8ncia\" \/>\n<meta property=\"og:description\" content=\"Un estudi en qu\u00e8 participa el Campus de Gandia UPV ha analitzat com la desinformaci\u00f3 va condicionar la percepci\u00f3 p\u00fablica de la trag\u00e8dia de la DANA.\" \/>\n<meta property=\"og:url\" content=\"https:\/\/cienciagandia.webs.upv.es\/ca\/2025\/09\/bulos-dana\/\" \/>\n<meta property=\"og:site_name\" content=\"Campus de Gandia Ciencia - UPV Universitat Polit\u00e8cnica de Val\u00e8ncia\" \/>\n<meta property=\"article:publisher\" content=\"https:\/\/www.facebook.com\/UPVCampusGandia\" \/>\n<meta property=\"article:published_time\" content=\"2025-09-23T14:00:59+00:00\" \/>\n<meta property=\"article:modified_time\" content=\"2025-10-06T20:15:28+00:00\" \/>\n<meta property=\"og:image\" content=\"https:\/\/cienciagandia.webs.upv.es\/wp-content\/uploads\/2025\/09\/PORTADA-BLOG-ENTRADA-BULOS-1.webp\" \/>\n\t<meta property=\"og:image:width\" content=\"1400\" \/>\n\t<meta property=\"og:image:height\" content=\"550\" \/>\n\t<meta property=\"og:image:type\" content=\"image\/png\" \/>\n<meta name=\"author\" content=\"Marcos\" \/>\n<meta name=\"twitter:card\" content=\"summary_large_image\" \/>\n<meta name=\"twitter:creator\" content=\"@UPVCampusGandia\" \/>\n<meta name=\"twitter:site\" content=\"@UPVCampusGandia\" \/>\n<meta name=\"twitter:label1\" content=\"Written by\" \/>\n\t<meta name=\"twitter:data1\" content=\"Marcos\" \/>\n\t<meta name=\"twitter:label2\" content=\"Est. reading time\" \/>\n\t<meta name=\"twitter:data2\" content=\"5 minutes\" \/>\n<script type=\"application\/ld+json\" class=\"yoast-schema-graph\">{\"@context\":\"https:\\\/\\\/schema.org\",\"@graph\":[{\"@type\":\"Article\",\"@id\":\"https:\\\/\\\/cienciagandia.webs.upv.es\\\/ca\\\/2025\\\/09\\\/bulos-dana\\\/#article\",\"isPartOf\":{\"@id\":\"https:\\\/\\\/cienciagandia.webs.upv.es\\\/ca\\\/2025\\\/09\\\/bulos-dana\\\/\"},\"author\":{\"name\":\"Marcos\",\"@id\":\"https:\\\/\\\/cienciagandia.webs.upv.es\\\/#\\\/schema\\\/person\\\/237d68837698c463ac861b301cb7e58d\"},\"headline\":\"Aix\u00ed es van fabricar les boles sobre la DANA\",\"datePublished\":\"2025-09-23T14:00:59+00:00\",\"dateModified\":\"2025-10-06T20:15:28+00:00\",\"mainEntityOfPage\":{\"@id\":\"https:\\\/\\\/cienciagandia.webs.upv.es\\\/ca\\\/2025\\\/09\\\/bulos-dana\\\/\"},\"wordCount\":919,\"publisher\":{\"@id\":\"https:\\\/\\\/cienciagandia.webs.upv.es\\\/#organization\"},\"image\":{\"@id\":\"https:\\\/\\\/cienciagandia.webs.upv.es\\\/ca\\\/2025\\\/09\\\/bulos-dana\\\/#primaryimage\"},\"thumbnailUrl\":\"https:\\\/\\\/cienciagandia.webs.upv.es\\\/wp-content\\\/uploads\\\/2025\\\/09\\\/PORTADA-BLOG-ENTRADA-BULOS-1.webp\",\"keywords\":[\"portada\",\"Portada\"],\"articleSection\":[\"Comunicaci\u00f3n\"],\"inLanguage\":\"ca-CA\"},{\"@type\":\"WebPage\",\"@id\":\"https:\\\/\\\/cienciagandia.webs.upv.es\\\/ca\\\/2025\\\/09\\\/bulos-dana\\\/\",\"url\":\"https:\\\/\\\/cienciagandia.webs.upv.es\\\/ca\\\/2025\\\/09\\\/bulos-dana\\\/\",\"name\":\"Aix\u00ed es van fabricar les boles sobre la DANA - Campus de Gandia Ciencia - UPV Universitat Polit\u00e8cnica de Val\u00e8ncia\",\"isPartOf\":{\"@id\":\"https:\\\/\\\/cienciagandia.webs.upv.es\\\/#website\"},\"primaryImageOfPage\":{\"@id\":\"https:\\\/\\\/cienciagandia.webs.upv.es\\\/ca\\\/2025\\\/09\\\/bulos-dana\\\/#primaryimage\"},\"image\":{\"@id\":\"https:\\\/\\\/cienciagandia.webs.upv.es\\\/ca\\\/2025\\\/09\\\/bulos-dana\\\/#primaryimage\"},\"thumbnailUrl\":\"https:\\\/\\\/cienciagandia.webs.upv.es\\\/wp-content\\\/uploads\\\/2025\\\/09\\\/PORTADA-BLOG-ENTRADA-BULOS-1.webp\",\"datePublished\":\"2025-09-23T14:00:59+00:00\",\"dateModified\":\"2025-10-06T20:15:28+00:00\",\"description\":\"Un estudi en qu\u00e8 participa el Campus de Gandia UPV ha analitzat com la desinformaci\u00f3 va condicionar la percepci\u00f3 p\u00fablica de la trag\u00e8dia de la DANA.\",\"breadcrumb\":{\"@id\":\"https:\\\/\\\/cienciagandia.webs.upv.es\\\/ca\\\/2025\\\/09\\\/bulos-dana\\\/#breadcrumb\"},\"inLanguage\":\"ca-CA\",\"potentialAction\":[{\"@type\":\"ReadAction\",\"target\":[\"https:\\\/\\\/cienciagandia.webs.upv.es\\\/ca\\\/2025\\\/09\\\/bulos-dana\\\/\"]}]},{\"@type\":\"ImageObject\",\"inLanguage\":\"ca-CA\",\"@id\":\"https:\\\/\\\/cienciagandia.webs.upv.es\\\/ca\\\/2025\\\/09\\\/bulos-dana\\\/#primaryimage\",\"url\":\"https:\\\/\\\/cienciagandia.webs.upv.es\\\/wp-content\\\/uploads\\\/2025\\\/09\\\/PORTADA-BLOG-ENTRADA-BULOS-1.webp\",\"contentUrl\":\"https:\\\/\\\/cienciagandia.webs.upv.es\\\/wp-content\\\/uploads\\\/2025\\\/09\\\/PORTADA-BLOG-ENTRADA-BULOS-1.webp\",\"width\":1400,\"height\":550,\"caption\":\"Captura de reporteros entrevistando\"},{\"@type\":\"BreadcrumbList\",\"@id\":\"https:\\\/\\\/cienciagandia.webs.upv.es\\\/ca\\\/2025\\\/09\\\/bulos-dana\\\/#breadcrumb\",\"itemListElement\":[{\"@type\":\"ListItem\",\"position\":1,\"name\":\"Portada\",\"item\":\"https:\\\/\\\/cienciagandia.webs.upv.es\\\/ca\\\/\"},{\"@type\":\"ListItem\",\"position\":2,\"name\":\"Aix\u00ed es van fabricar les boles sobre la DANA\"}]},{\"@type\":\"WebSite\",\"@id\":\"https:\\\/\\\/cienciagandia.webs.upv.es\\\/#website\",\"url\":\"https:\\\/\\\/cienciagandia.webs.upv.es\\\/\",\"name\":\"Blog de Ciencia del Campus de Gandia de la Universitat Polit\u00e8cnica de Val\u00e8ncia UPV\",\"description\":\"Campus de Gandia Ciencia UPV\",\"publisher\":{\"@id\":\"https:\\\/\\\/cienciagandia.webs.upv.es\\\/#organization\"},\"potentialAction\":[{\"@type\":\"SearchAction\",\"target\":{\"@type\":\"EntryPoint\",\"urlTemplate\":\"https:\\\/\\\/cienciagandia.webs.upv.es\\\/?s={search_term_string}\"},\"query-input\":{\"@type\":\"PropertyValueSpecification\",\"valueRequired\":true,\"valueName\":\"search_term_string\"}}],\"inLanguage\":\"ca-CA\"},{\"@type\":\"Organization\",\"@id\":\"https:\\\/\\\/cienciagandia.webs.upv.es\\\/#organization\",\"name\":\"Campus de Gandia de la Universitat Polit\u00e8cnica de Val\u00e8ncia UPV\",\"alternateName\":\"Campus de Gandia UPV\",\"url\":\"https:\\\/\\\/cienciagandia.webs.upv.es\\\/\",\"logo\":{\"@type\":\"ImageObject\",\"inLanguage\":\"ca-CA\",\"@id\":\"https:\\\/\\\/cienciagandia.webs.upv.es\\\/#\\\/schema\\\/logo\\\/image\\\/\",\"url\":\"https:\\\/\\\/cienciagandia.webs.upv.es\\\/wp-content\\\/uploads\\\/2023\\\/10\\\/UPV-Gandia.jpg\",\"contentUrl\":\"https:\\\/\\\/cienciagandia.webs.upv.es\\\/wp-content\\\/uploads\\\/2023\\\/10\\\/UPV-Gandia.jpg\",\"width\":770,\"height\":366,\"caption\":\"Campus de Gandia de la Universitat Polit\u00e8cnica de Val\u00e8ncia UPV\"},\"image\":{\"@id\":\"https:\\\/\\\/cienciagandia.webs.upv.es\\\/#\\\/schema\\\/logo\\\/image\\\/\"},\"sameAs\":[\"https:\\\/\\\/www.facebook.com\\\/UPVCampusGandia\",\"https:\\\/\\\/x.com\\\/UPVCampusGandia\",\"https:\\\/\\\/www.instagram.com\\\/upvcampusgandia\\\/\",\"https:\\\/\\\/www.linkedin.com\\\/company\\\/upvcampusgandia\\\/\"]},{\"@type\":\"Person\",\"@id\":\"https:\\\/\\\/cienciagandia.webs.upv.es\\\/#\\\/schema\\\/person\\\/237d68837698c463ac861b301cb7e58d\",\"name\":\"Marcos\",\"image\":{\"@type\":\"ImageObject\",\"inLanguage\":\"ca-CA\",\"@id\":\"https:\\\/\\\/secure.gravatar.com\\\/avatar\\\/ef5d487a507989b641ed3189d44d0a093c52f15f8c3535c9a4720ad05e6da985?s=96&d=mm&r=g\",\"url\":\"https:\\\/\\\/secure.gravatar.com\\\/avatar\\\/ef5d487a507989b641ed3189d44d0a093c52f15f8c3535c9a4720ad05e6da985?s=96&d=mm&r=g\",\"contentUrl\":\"https:\\\/\\\/secure.gravatar.com\\\/avatar\\\/ef5d487a507989b641ed3189d44d0a093c52f15f8c3535c9a4720ad05e6da985?s=96&d=mm&r=g\",\"caption\":\"Marcos\"},\"url\":\"https:\\\/\\\/cienciagandia.webs.upv.es\\\/ca\\\/author\\\/marcos\\\/\"}]}<\/script>\n<!-- \/ Yoast SEO plugin. -->","yoast_head_json":{"title":"Aix\u00ed es van fabricar les boles sobre la DANA - Campus de Gandia Ciencia - UPV Universitat Polit\u00e8cnica de Val\u00e8ncia","description":"Un estudi en qu\u00e8 participa el Campus de Gandia UPV ha analitzat com la desinformaci\u00f3 va condicionar la percepci\u00f3 p\u00fablica de la trag\u00e8dia de la DANA.","robots":{"index":"index","follow":"follow","max-snippet":"max-snippet:-1","max-image-preview":"max-image-preview:large","max-video-preview":"max-video-preview:-1"},"canonical":"https:\/\/cienciagandia.webs.upv.es\/ca\/2025\/09\/bulos-dana\/","og_locale":"en_US","og_type":"article","og_title":"Aix\u00ed es van fabricar les boles sobre la DANA - Campus de Gandia Ciencia - UPV Universitat Polit\u00e8cnica de Val\u00e8ncia","og_description":"Un estudi en qu\u00e8 participa el Campus de Gandia UPV ha analitzat com la desinformaci\u00f3 va condicionar la percepci\u00f3 p\u00fablica de la trag\u00e8dia de la DANA.","og_url":"https:\/\/cienciagandia.webs.upv.es\/ca\/2025\/09\/bulos-dana\/","og_site_name":"Campus de Gandia Ciencia - UPV Universitat Polit\u00e8cnica de Val\u00e8ncia","article_publisher":"https:\/\/www.facebook.com\/UPVCampusGandia","article_published_time":"2025-09-23T14:00:59+00:00","article_modified_time":"2025-10-06T20:15:28+00:00","og_image":[{"width":1400,"height":550,"url":"https:\/\/cienciagandia.webs.upv.es\/wp-content\/uploads\/2025\/09\/PORTADA-BLOG-ENTRADA-BULOS-1.webp","type":"image\/png"}],"author":"Marcos","twitter_card":"summary_large_image","twitter_creator":"@UPVCampusGandia","twitter_site":"@UPVCampusGandia","twitter_misc":{"Written by":"Marcos","Est. reading time":"5 minutes"},"schema":{"@context":"https:\/\/schema.org","@graph":[{"@type":"Article","@id":"https:\/\/cienciagandia.webs.upv.es\/ca\/2025\/09\/bulos-dana\/#article","isPartOf":{"@id":"https:\/\/cienciagandia.webs.upv.es\/ca\/2025\/09\/bulos-dana\/"},"author":{"name":"Marcos","@id":"https:\/\/cienciagandia.webs.upv.es\/#\/schema\/person\/237d68837698c463ac861b301cb7e58d"},"headline":"Aix\u00ed es van fabricar les boles sobre la DANA","datePublished":"2025-09-23T14:00:59+00:00","dateModified":"2025-10-06T20:15:28+00:00","mainEntityOfPage":{"@id":"https:\/\/cienciagandia.webs.upv.es\/ca\/2025\/09\/bulos-dana\/"},"wordCount":919,"publisher":{"@id":"https:\/\/cienciagandia.webs.upv.es\/#organization"},"image":{"@id":"https:\/\/cienciagandia.webs.upv.es\/ca\/2025\/09\/bulos-dana\/#primaryimage"},"thumbnailUrl":"https:\/\/cienciagandia.webs.upv.es\/wp-content\/uploads\/2025\/09\/PORTADA-BLOG-ENTRADA-BULOS-1.webp","keywords":["portada","Portada"],"articleSection":["Comunicaci\u00f3n"],"inLanguage":"ca-CA"},{"@type":"WebPage","@id":"https:\/\/cienciagandia.webs.upv.es\/ca\/2025\/09\/bulos-dana\/","url":"https:\/\/cienciagandia.webs.upv.es\/ca\/2025\/09\/bulos-dana\/","name":"Aix\u00ed es van fabricar les boles sobre la DANA - Campus de Gandia Ciencia - UPV Universitat Polit\u00e8cnica de Val\u00e8ncia","isPartOf":{"@id":"https:\/\/cienciagandia.webs.upv.es\/#website"},"primaryImageOfPage":{"@id":"https:\/\/cienciagandia.webs.upv.es\/ca\/2025\/09\/bulos-dana\/#primaryimage"},"image":{"@id":"https:\/\/cienciagandia.webs.upv.es\/ca\/2025\/09\/bulos-dana\/#primaryimage"},"thumbnailUrl":"https:\/\/cienciagandia.webs.upv.es\/wp-content\/uploads\/2025\/09\/PORTADA-BLOG-ENTRADA-BULOS-1.webp","datePublished":"2025-09-23T14:00:59+00:00","dateModified":"2025-10-06T20:15:28+00:00","description":"Un estudi en qu\u00e8 participa el Campus de Gandia UPV ha analitzat com la desinformaci\u00f3 va condicionar la percepci\u00f3 p\u00fablica de la trag\u00e8dia de la DANA.","breadcrumb":{"@id":"https:\/\/cienciagandia.webs.upv.es\/ca\/2025\/09\/bulos-dana\/#breadcrumb"},"inLanguage":"ca-CA","potentialAction":[{"@type":"ReadAction","target":["https:\/\/cienciagandia.webs.upv.es\/ca\/2025\/09\/bulos-dana\/"]}]},{"@type":"ImageObject","inLanguage":"ca-CA","@id":"https:\/\/cienciagandia.webs.upv.es\/ca\/2025\/09\/bulos-dana\/#primaryimage","url":"https:\/\/cienciagandia.webs.upv.es\/wp-content\/uploads\/2025\/09\/PORTADA-BLOG-ENTRADA-BULOS-1.webp","contentUrl":"https:\/\/cienciagandia.webs.upv.es\/wp-content\/uploads\/2025\/09\/PORTADA-BLOG-ENTRADA-BULOS-1.webp","width":1400,"height":550,"caption":"Captura de reporteros entrevistando"},{"@type":"BreadcrumbList","@id":"https:\/\/cienciagandia.webs.upv.es\/ca\/2025\/09\/bulos-dana\/#breadcrumb","itemListElement":[{"@type":"ListItem","position":1,"name":"Portada","item":"https:\/\/cienciagandia.webs.upv.es\/ca\/"},{"@type":"ListItem","position":2,"name":"Aix\u00ed es van fabricar les boles sobre la DANA"}]},{"@type":"WebSite","@id":"https:\/\/cienciagandia.webs.upv.es\/#website","url":"https:\/\/cienciagandia.webs.upv.es\/","name":"Blog de Ciencia del Campus de Gandia de la Universitat Polit\u00e8cnica de Val\u00e8ncia UPV","description":"Campus de Gandia Ciencia UPV","publisher":{"@id":"https:\/\/cienciagandia.webs.upv.es\/#organization"},"potentialAction":[{"@type":"SearchAction","target":{"@type":"EntryPoint","urlTemplate":"https:\/\/cienciagandia.webs.upv.es\/?s={search_term_string}"},"query-input":{"@type":"PropertyValueSpecification","valueRequired":true,"valueName":"search_term_string"}}],"inLanguage":"ca-CA"},{"@type":"Organization","@id":"https:\/\/cienciagandia.webs.upv.es\/#organization","name":"Campus de Gandia de la Universitat Polit\u00e8cnica de Val\u00e8ncia UPV","alternateName":"Campus de Gandia UPV","url":"https:\/\/cienciagandia.webs.upv.es\/","logo":{"@type":"ImageObject","inLanguage":"ca-CA","@id":"https:\/\/cienciagandia.webs.upv.es\/#\/schema\/logo\/image\/","url":"https:\/\/cienciagandia.webs.upv.es\/wp-content\/uploads\/2023\/10\/UPV-Gandia.jpg","contentUrl":"https:\/\/cienciagandia.webs.upv.es\/wp-content\/uploads\/2023\/10\/UPV-Gandia.jpg","width":770,"height":366,"caption":"Campus de Gandia de la Universitat Polit\u00e8cnica de Val\u00e8ncia UPV"},"image":{"@id":"https:\/\/cienciagandia.webs.upv.es\/#\/schema\/logo\/image\/"},"sameAs":["https:\/\/www.facebook.com\/UPVCampusGandia","https:\/\/x.com\/UPVCampusGandia","https:\/\/www.instagram.com\/upvcampusgandia\/","https:\/\/www.linkedin.com\/company\/upvcampusgandia\/"]},{"@type":"Person","@id":"https:\/\/cienciagandia.webs.upv.es\/#\/schema\/person\/237d68837698c463ac861b301cb7e58d","name":"Marcos","image":{"@type":"ImageObject","inLanguage":"ca-CA","@id":"https:\/\/secure.gravatar.com\/avatar\/ef5d487a507989b641ed3189d44d0a093c52f15f8c3535c9a4720ad05e6da985?s=96&d=mm&r=g","url":"https:\/\/secure.gravatar.com\/avatar\/ef5d487a507989b641ed3189d44d0a093c52f15f8c3535c9a4720ad05e6da985?s=96&d=mm&r=g","contentUrl":"https:\/\/secure.gravatar.com\/avatar\/ef5d487a507989b641ed3189d44d0a093c52f15f8c3535c9a4720ad05e6da985?s=96&d=mm&r=g","caption":"Marcos"},"url":"https:\/\/cienciagandia.webs.upv.es\/ca\/author\/marcos\/"}]}},"_links":{"self":[{"href":"https:\/\/cienciagandia.webs.upv.es\/ca\/wp-json\/wp\/v2\/posts\/24384","targetHints":{"allow":["GET"]}}],"collection":[{"href":"https:\/\/cienciagandia.webs.upv.es\/ca\/wp-json\/wp\/v2\/posts"}],"about":[{"href":"https:\/\/cienciagandia.webs.upv.es\/ca\/wp-json\/wp\/v2\/types\/post"}],"author":[{"embeddable":true,"href":"https:\/\/cienciagandia.webs.upv.es\/ca\/wp-json\/wp\/v2\/users\/15"}],"replies":[{"embeddable":true,"href":"https:\/\/cienciagandia.webs.upv.es\/ca\/wp-json\/wp\/v2\/comments?post=24384"}],"version-history":[{"count":1,"href":"https:\/\/cienciagandia.webs.upv.es\/ca\/wp-json\/wp\/v2\/posts\/24384\/revisions"}],"predecessor-version":[{"id":24568,"href":"https:\/\/cienciagandia.webs.upv.es\/ca\/wp-json\/wp\/v2\/posts\/24384\/revisions\/24568"}],"wp:featuredmedia":[{"embeddable":true,"href":"https:\/\/cienciagandia.webs.upv.es\/ca\/wp-json\/wp\/v2\/media\/24594"}],"wp:attachment":[{"href":"https:\/\/cienciagandia.webs.upv.es\/ca\/wp-json\/wp\/v2\/media?parent=24384"}],"wp:term":[{"taxonomy":"category","embeddable":true,"href":"https:\/\/cienciagandia.webs.upv.es\/ca\/wp-json\/wp\/v2\/categories?post=24384"},{"taxonomy":"post_tag","embeddable":true,"href":"https:\/\/cienciagandia.webs.upv.es\/ca\/wp-json\/wp\/v2\/tags?post=24384"}],"curies":[{"name":"wp","href":"https:\/\/api.w.org\/{rel}","templated":true}]}}