{"id":24381,"date":"2025-09-15T11:41:45","date_gmt":"2025-09-15T09:41:45","guid":{"rendered":"https:\/\/cienciagandia.webs.upv.es\/?p=21396"},"modified":"2025-10-02T10:41:04","modified_gmt":"2025-10-02T08:41:04","slug":"inscriu-te-taller-lutieria-ciencia","status":"publish","type":"post","link":"https:\/\/cienciagandia.webs.upv.es\/ca\/2025\/09\/inscriu-te-taller-lutieria-ciencia\/","title":{"rendered":"Inscriu-te en el Taller de Lutieria i Ci\u00e8ncia"},"content":{"rendered":"<p align=\"justify\"><span lang=\"ca-ES\">El Campus de Gandia (UPV) continua apostant per la participaci\u00f3 activa de la societat en projectes d&#8217;investigaci\u00f3 i d&#8217;innovaci\u00f3. En 2024, la UPV a trav\u00e9s de l&#8217;\u00c0rea d&#8217;Acci\u00f3 cultural va llan\u00e7ar la seua primera convocat\u00f2ria de Ci\u00e8ncia Ciutadana, amb l&#8217;objectiu d&#8217;implicar la ciutadania en iniciatives que connecten el coneixement cient\u00edfic amb els reptes del nostre temps. En aquest marc naix SONAR-TE (Fusi\u00f3 de Ci\u00e8ncia, Lutieria i Tecnologia en Perfecta Harmonia), un projecte que uneix tradici\u00f3, m\u00fasica i tecnologia, i que es materialitza en una experi\u00e8ncia molt especial: el Taller de Lutieria i Ci\u00e8ncia, que tindr\u00e0 lloc al campus de Gandia del 29 de setembre al 2 d&#8217;octubre de 2025.<\/span><\/p>\n<p>\ud83d\udcc5 <span lang=\"ca-ES\">Dates del taller: del 29 de setembre al 2 d&#8217;octubre de 2025<\/span><\/p>\n<p>\ud83d\udccd <span lang=\"ca-ES\">Lloc: Campus de Gandia (Laboratori B009)<\/span><\/p>\n<p>\u23f0 <span lang=\"ca-ES\">Horari: de 15.30 a 18.30 h<\/span><\/p>\n<p>\ud83d\udcb6 <span lang=\"ca-ES\">Preu: gratu\u00eft<\/span><\/p>\n<p>\ud83d\udd17 <span lang=\"ca-ES\">Inscripci\u00f3: <\/span><u style=\"color: #0563c1;\"><a href=\"https:\/\/www.cfp.upv.es\/formacion-permanente\/curso\/taller-luteria-i-ciencia_101250.html?idioma=va\"><span style=\"font-size: medium;\">cfp.upv.es\/formacion-permanente\/curso\/taller-luteria-i-ciencia_101250.html?idioma=eshttps:\/\/www.cfp.upv.es\/formacion-permanente\/curso\/taller-luteria-i-ciencia_101250.html<\/span><\/a><\/u><\/p>\n<p><img loading=\"lazy\" decoding=\"async\" class=\"alignnone wp-image-21389 size-large\" src=\"https:\/\/cienciagandia.webs.upv.es\/wp-content\/uploads\/2025\/09\/cartel_luteria-1-250x500.webp\" alt=\"Taller de Luter\u00eda I Ciencia. Del 29 de septiembre al 2 de octubre de 2025, de 15:30 a 18:30 horas. En la Escola Polit\u00e8cnica Superior de Gandia, Campus de Gandia.\" width=\"250\" height=\"500\" \/><\/p>\n<p><span lang=\"ca-ES\">El taller ser\u00e0 impartit per <\/span><span style=\"color: #0563c1;\"><u><a href=\"https:\/\/www.upv.es\/pls\/oalu\/sic_person.Info?p_alias=rpico&amp;P_IDIOMA=v\" target=\"_blank\" rel=\"noopener\"><span lang=\"ca-ES\">Rub\u00e9n Pic\u00f3 Vila<\/span><\/a><\/u><\/span><span lang=\"ca-ES\">, professor i investigador expert en ac\u00fastica musical del Campus de Gandia i Lloren\u00e7 Fenollosa Gimeno, lutier del Conservatori Superior de M\u00fasica de Val\u00e8ncia.<\/span><\/p>\n<p><img loading=\"lazy\" decoding=\"async\" class=\"alignnone wp-image-21384 size-large\" src=\"https:\/\/cienciagandia.webs.upv.es\/wp-content\/uploads\/2025\/09\/Foto-Ruben-333x500.webp\" alt=\"Foto Rub\u00e9n Pic\u00f3\" width=\"333\" height=\"500\" \/><\/p>\n<p><strong><span lang=\"ca-ES\">Qu\u00e8 \u00e9s la ci\u00e8ncia ciutadana?<\/span><\/strong><\/p>\n<p align=\"justify\"><span lang=\"ca-ES\">La ci\u00e8ncia ciutadana \u00e9s una forma d&#8217;investigaci\u00f3 col\u00b7laborativa en la qual qualsevol persona interessada pot contribuir activament en projectes cient\u00edfics, independentment de la seua formaci\u00f3 acad\u00e8mica. Aquest enfocament democratitza l&#8217;acc\u00e9s al coneixement, permet que la societat participe en la generaci\u00f3 de dades i en la validaci\u00f3 d&#8217;hip\u00f2tesi, i potencia la relaci\u00f3 entre ci\u00e8ncia i ciutadania. Gr\u00e0cies a ella, es fomenta un di\u00e0leg m\u00e9s obert entre personal investigador i p\u00fablic general, promovent una societat m\u00e9s plural. La ci\u00e8ncia ciutadana no sols acosta la ci\u00e8ncia a la gent, sin\u00f3 que tamb\u00e9 enriqueix la investigaci\u00f3 amb noves perspectives i mirades.<\/span><\/p>\n<p><strong><span lang=\"ca-ES\">Lutieria: tradici\u00f3, artesania i ci\u00e8ncia<\/span><\/strong><\/p>\n<p><span lang=\"ca-ES\">La luter\u00eda \u00e9s l&#8217;art de construir i reparar instruments musicals de corda. Encara que sovint s&#8217;associa amb un saber artesanal transm\u00e8s de generaci\u00f3 en generaci\u00f3, tamb\u00e9 \u00e9s un camp on la ci\u00e8ncia exerceix un paper essencial. L&#8217;ac\u00fastica, la f\u00edsica de materials i la tecnologia es combinen amb la sensibilitat art\u00edstica del lutier per a donar vida a violins, violes o guitarres capaces de produir sons \u00fanics. En aquest taller, la luter\u00eda es presentar\u00e0 des d&#8217;un enfocament interdisciplinari, on la tradici\u00f3 es troba amb la innovaci\u00f3 cient\u00edfica, i on les persones que assisteixen podran experimentar en primera persona com les decisions estructurals i materials afecten la qualitat sonora d&#8217;un instrument.<\/span><\/p>\n<p><strong><span lang=\"ca-ES\">Un taller pr\u00e0ctic i participatiu<\/span><\/strong><\/p>\n<p align=\"justify\"><span lang=\"ca-ES\">El Taller de Luter\u00eda i Ci\u00e8ncia se celebrar\u00e0 de manera presencial en el Laboratori B009 del Campus de Gandia, en horari de vesprada (de 15.30 a 18.30 h). Amb una duraci\u00f3 total de 12 hores, est\u00e0 dissenyat per a combinar teoria i pr\u00e0ctica, en un entorn din\u00e0mic i participatiu<\/span><\/p>\n<p align=\"justify\"><span lang=\"ca-ES\">Cada sessi\u00f3 inclour\u00e0 una introducci\u00f3 te\u00f2rica breu, seguida d&#8217;experiments pr\u00e0ctics amb materials, instruments i t\u00e8cniques pr\u00f2pies de la luter\u00eda. Es treballar\u00e0 amb conceptes com els modes de vibraci\u00f3 en superf\u00edcies, la influ\u00e8ncia de la forma i el gruix en l&#8217;ac\u00fastica, i l&#8217;evoluci\u00f3 del so des d&#8217;una simple placa rectangular fins a un instrument complet. Els\/as assistents podran observar i mesurar fen\u00f2mens vibratoris amb eines de laboratori, i explorar com l&#8217;\u00e0nima, la barra harm\u00f2nica o el pont d&#8217;un instrument afecten les seues resson\u00e0ncies.<\/span><\/p>\n<p><strong><span lang=\"ca-ES\">Qui pot participar?<\/span><\/strong><\/p>\n<p><span lang=\"ca-ES\">Aquest taller est\u00e0 obert a totes les persones interessades en la relaci\u00f3 entre ci\u00e8ncia, m\u00fasica i construcci\u00f3 d&#8217;instruments, des d&#8217;estudiants universitaris de qualsevol disciplina fins a m\u00fasics, professorat, personal investigador, divulgadors i p\u00fablic en general amb curiositat per l&#8217;ac\u00fastica. No es requereixen coneixements previs espec\u00edfics, nom\u00e9s ganes d&#8217;aprendre i experimentar. <\/span><\/p>\n<p><span lang=\"ca-ES\">Amb aquesta mena d&#8217;iniciatives, se subratlla una vegada m\u00e9s el comprom\u00eds del Campus de Gandia amb l&#8217;avantguarda en l&#8217;\u00e0mbit sonor, fomentant la col\u00b7laboraci\u00f3 i el di\u00e0leg.<\/span><\/p>\n","protected":false},"excerpt":{"rendered":"<p>El Campus de Gandia (UPV) continua apostant per la participaci\u00f3 activa de la societat en projectes d&#8217;investigaci\u00f3 i d&#8217;innovaci\u00f3. En 2024, la UPV a trav\u00e9s &#8230; <a title=\"Inscriu-te en el Taller de Lutieria i Ci\u00e8ncia\" class=\"read-more\" href=\"https:\/\/cienciagandia.webs.upv.es\/ca\/2025\/09\/inscriu-te-taller-lutieria-ciencia\/\" aria-label=\"Read more about Inscriu-te en el Taller de Lutieria i Ci\u00e8ncia\">Llegir m\u00e9s<\/a><\/p>\n","protected":false},"author":15,"featured_media":24597,"comment_status":"closed","ping_status":"closed","sticky":false,"template":"","format":"standard","meta":{"footnotes":""},"categories":[2],"tags":[706,970],"class_list":["post-24381","post","type-post","status-publish","format-standard","has-post-thumbnail","hentry","category-divulgacion","tag-destacat-ca","tag-destacat","resize-featured-image"],"yoast_head":"<!-- This site is optimized with the Yoast SEO plugin v27.5 - https:\/\/yoast.com\/product\/yoast-seo-wordpress\/ -->\n<title>Inscriu-te en el Taller de Lutieria i Ci\u00e8ncia - Campus de Gandia Ciencia - UPV Universitat Polit\u00e8cnica de Val\u00e8ncia<\/title>\n<meta name=\"description\" content=\"El Taller de Lutheria i Ci\u00e8ncia tindr\u00e0 lloc al Campus de Gandia de la UPV del 29 de setembre al 2 d\u2019octubre de 2025.\" \/>\n<meta name=\"robots\" content=\"index, follow, max-snippet:-1, max-image-preview:large, max-video-preview:-1\" \/>\n<link rel=\"canonical\" href=\"https:\/\/cienciagandia.webs.upv.es\/ca\/2025\/09\/inscriu-te-taller-lutieria-ciencia\/\" \/>\n<meta property=\"og:locale\" content=\"en_US\" \/>\n<meta property=\"og:type\" content=\"article\" \/>\n<meta property=\"og:title\" content=\"Inscriu-te en el Taller de Lutieria i Ci\u00e8ncia - Campus de Gandia Ciencia - UPV Universitat Polit\u00e8cnica de Val\u00e8ncia\" \/>\n<meta property=\"og:description\" content=\"El Taller de Lutheria i Ci\u00e8ncia tindr\u00e0 lloc al Campus de Gandia de la UPV del 29 de setembre al 2 d\u2019octubre de 2025.\" \/>\n<meta property=\"og:url\" content=\"https:\/\/cienciagandia.webs.upv.es\/ca\/2025\/09\/inscriu-te-taller-lutieria-ciencia\/\" \/>\n<meta property=\"og:site_name\" content=\"Campus de Gandia Ciencia - UPV Universitat Polit\u00e8cnica de Val\u00e8ncia\" \/>\n<meta property=\"article:publisher\" content=\"https:\/\/www.facebook.com\/UPVCampusGandia\" \/>\n<meta property=\"article:published_time\" content=\"2025-09-15T09:41:45+00:00\" \/>\n<meta property=\"article:modified_time\" content=\"2025-10-02T08:41:04+00:00\" \/>\n<meta property=\"og:image\" content=\"https:\/\/cienciagandia.webs.upv.es\/wp-content\/uploads\/2025\/09\/portada-luteria-1273x500-1.webp\" \/>\n\t<meta property=\"og:image:width\" content=\"1273\" \/>\n\t<meta property=\"og:image:height\" content=\"500\" \/>\n\t<meta property=\"og:image:type\" content=\"image\/webp\" \/>\n<meta name=\"author\" content=\"Marcos\" \/>\n<meta name=\"twitter:card\" content=\"summary_large_image\" \/>\n<meta name=\"twitter:creator\" content=\"@UPVCampusGandia\" \/>\n<meta name=\"twitter:site\" content=\"@UPVCampusGandia\" \/>\n<meta name=\"twitter:label1\" content=\"Written by\" \/>\n\t<meta name=\"twitter:data1\" content=\"Marcos\" \/>\n\t<meta name=\"twitter:label2\" content=\"Est. reading time\" \/>\n\t<meta name=\"twitter:data2\" content=\"4 minutes\" \/>\n<script type=\"application\/ld+json\" class=\"yoast-schema-graph\">{\"@context\":\"https:\\\/\\\/schema.org\",\"@graph\":[{\"@type\":\"Article\",\"@id\":\"https:\\\/\\\/cienciagandia.webs.upv.es\\\/ca\\\/2025\\\/09\\\/inscriu-te-taller-lutieria-ciencia\\\/#article\",\"isPartOf\":{\"@id\":\"https:\\\/\\\/cienciagandia.webs.upv.es\\\/ca\\\/2025\\\/09\\\/inscriu-te-taller-lutieria-ciencia\\\/\"},\"author\":{\"name\":\"Marcos\",\"@id\":\"https:\\\/\\\/cienciagandia.webs.upv.es\\\/#\\\/schema\\\/person\\\/237d68837698c463ac861b301cb7e58d\"},\"headline\":\"Inscriu-te en el Taller de Lutieria i Ci\u00e8ncia\",\"datePublished\":\"2025-09-15T09:41:45+00:00\",\"dateModified\":\"2025-10-02T08:41:04+00:00\",\"mainEntityOfPage\":{\"@id\":\"https:\\\/\\\/cienciagandia.webs.upv.es\\\/ca\\\/2025\\\/09\\\/inscriu-te-taller-lutieria-ciencia\\\/\"},\"wordCount\":707,\"publisher\":{\"@id\":\"https:\\\/\\\/cienciagandia.webs.upv.es\\\/#organization\"},\"image\":{\"@id\":\"https:\\\/\\\/cienciagandia.webs.upv.es\\\/ca\\\/2025\\\/09\\\/inscriu-te-taller-lutieria-ciencia\\\/#primaryimage\"},\"thumbnailUrl\":\"https:\\\/\\\/cienciagandia.webs.upv.es\\\/wp-content\\\/uploads\\\/2025\\\/09\\\/portada-luteria-1273x500-1.webp\",\"keywords\":[\"Portada\",\"portada\"],\"articleSection\":[\"Ciencia y sociedad\"],\"inLanguage\":\"ca-CA\"},{\"@type\":\"WebPage\",\"@id\":\"https:\\\/\\\/cienciagandia.webs.upv.es\\\/ca\\\/2025\\\/09\\\/inscriu-te-taller-lutieria-ciencia\\\/\",\"url\":\"https:\\\/\\\/cienciagandia.webs.upv.es\\\/ca\\\/2025\\\/09\\\/inscriu-te-taller-lutieria-ciencia\\\/\",\"name\":\"Inscriu-te en el Taller de Lutieria i Ci\u00e8ncia - Campus de Gandia Ciencia - UPV Universitat Polit\u00e8cnica de Val\u00e8ncia\",\"isPartOf\":{\"@id\":\"https:\\\/\\\/cienciagandia.webs.upv.es\\\/#website\"},\"primaryImageOfPage\":{\"@id\":\"https:\\\/\\\/cienciagandia.webs.upv.es\\\/ca\\\/2025\\\/09\\\/inscriu-te-taller-lutieria-ciencia\\\/#primaryimage\"},\"image\":{\"@id\":\"https:\\\/\\\/cienciagandia.webs.upv.es\\\/ca\\\/2025\\\/09\\\/inscriu-te-taller-lutieria-ciencia\\\/#primaryimage\"},\"thumbnailUrl\":\"https:\\\/\\\/cienciagandia.webs.upv.es\\\/wp-content\\\/uploads\\\/2025\\\/09\\\/portada-luteria-1273x500-1.webp\",\"datePublished\":\"2025-09-15T09:41:45+00:00\",\"dateModified\":\"2025-10-02T08:41:04+00:00\",\"description\":\"El Taller de Lutheria i Ci\u00e8ncia tindr\u00e0 lloc al Campus de Gandia de la UPV del 29 de setembre al 2 d\u2019octubre de 2025.\",\"breadcrumb\":{\"@id\":\"https:\\\/\\\/cienciagandia.webs.upv.es\\\/ca\\\/2025\\\/09\\\/inscriu-te-taller-lutieria-ciencia\\\/#breadcrumb\"},\"inLanguage\":\"ca-CA\",\"potentialAction\":[{\"@type\":\"ReadAction\",\"target\":[\"https:\\\/\\\/cienciagandia.webs.upv.es\\\/ca\\\/2025\\\/09\\\/inscriu-te-taller-lutieria-ciencia\\\/\"]}]},{\"@type\":\"ImageObject\",\"inLanguage\":\"ca-CA\",\"@id\":\"https:\\\/\\\/cienciagandia.webs.upv.es\\\/ca\\\/2025\\\/09\\\/inscriu-te-taller-lutieria-ciencia\\\/#primaryimage\",\"url\":\"https:\\\/\\\/cienciagandia.webs.upv.es\\\/wp-content\\\/uploads\\\/2025\\\/09\\\/portada-luteria-1273x500-1.webp\",\"contentUrl\":\"https:\\\/\\\/cienciagandia.webs.upv.es\\\/wp-content\\\/uploads\\\/2025\\\/09\\\/portada-luteria-1273x500-1.webp\",\"width\":1273,\"height\":500,\"caption\":\"Cartel de la actividad\"},{\"@type\":\"BreadcrumbList\",\"@id\":\"https:\\\/\\\/cienciagandia.webs.upv.es\\\/ca\\\/2025\\\/09\\\/inscriu-te-taller-lutieria-ciencia\\\/#breadcrumb\",\"itemListElement\":[{\"@type\":\"ListItem\",\"position\":1,\"name\":\"Portada\",\"item\":\"https:\\\/\\\/cienciagandia.webs.upv.es\\\/ca\\\/\"},{\"@type\":\"ListItem\",\"position\":2,\"name\":\"Inscriu-te en el Taller de Lutieria i Ci\u00e8ncia\"}]},{\"@type\":\"WebSite\",\"@id\":\"https:\\\/\\\/cienciagandia.webs.upv.es\\\/#website\",\"url\":\"https:\\\/\\\/cienciagandia.webs.upv.es\\\/\",\"name\":\"Blog de Ciencia del Campus de Gandia de la Universitat Polit\u00e8cnica de Val\u00e8ncia UPV\",\"description\":\"Campus de Gandia Ciencia UPV\",\"publisher\":{\"@id\":\"https:\\\/\\\/cienciagandia.webs.upv.es\\\/#organization\"},\"potentialAction\":[{\"@type\":\"SearchAction\",\"target\":{\"@type\":\"EntryPoint\",\"urlTemplate\":\"https:\\\/\\\/cienciagandia.webs.upv.es\\\/?s={search_term_string}\"},\"query-input\":{\"@type\":\"PropertyValueSpecification\",\"valueRequired\":true,\"valueName\":\"search_term_string\"}}],\"inLanguage\":\"ca-CA\"},{\"@type\":\"Organization\",\"@id\":\"https:\\\/\\\/cienciagandia.webs.upv.es\\\/#organization\",\"name\":\"Campus de Gandia de la Universitat Polit\u00e8cnica de Val\u00e8ncia UPV\",\"alternateName\":\"Campus de Gandia UPV\",\"url\":\"https:\\\/\\\/cienciagandia.webs.upv.es\\\/\",\"logo\":{\"@type\":\"ImageObject\",\"inLanguage\":\"ca-CA\",\"@id\":\"https:\\\/\\\/cienciagandia.webs.upv.es\\\/#\\\/schema\\\/logo\\\/image\\\/\",\"url\":\"https:\\\/\\\/cienciagandia.webs.upv.es\\\/wp-content\\\/uploads\\\/2023\\\/10\\\/UPV-Gandia.jpg\",\"contentUrl\":\"https:\\\/\\\/cienciagandia.webs.upv.es\\\/wp-content\\\/uploads\\\/2023\\\/10\\\/UPV-Gandia.jpg\",\"width\":770,\"height\":366,\"caption\":\"Campus de Gandia de la Universitat Polit\u00e8cnica de Val\u00e8ncia UPV\"},\"image\":{\"@id\":\"https:\\\/\\\/cienciagandia.webs.upv.es\\\/#\\\/schema\\\/logo\\\/image\\\/\"},\"sameAs\":[\"https:\\\/\\\/www.facebook.com\\\/UPVCampusGandia\",\"https:\\\/\\\/x.com\\\/UPVCampusGandia\",\"https:\\\/\\\/www.instagram.com\\\/upvcampusgandia\\\/\",\"https:\\\/\\\/www.linkedin.com\\\/company\\\/upvcampusgandia\\\/\"]},{\"@type\":\"Person\",\"@id\":\"https:\\\/\\\/cienciagandia.webs.upv.es\\\/#\\\/schema\\\/person\\\/237d68837698c463ac861b301cb7e58d\",\"name\":\"Marcos\",\"image\":{\"@type\":\"ImageObject\",\"inLanguage\":\"ca-CA\",\"@id\":\"https:\\\/\\\/secure.gravatar.com\\\/avatar\\\/ef5d487a507989b641ed3189d44d0a093c52f15f8c3535c9a4720ad05e6da985?s=96&d=mm&r=g\",\"url\":\"https:\\\/\\\/secure.gravatar.com\\\/avatar\\\/ef5d487a507989b641ed3189d44d0a093c52f15f8c3535c9a4720ad05e6da985?s=96&d=mm&r=g\",\"contentUrl\":\"https:\\\/\\\/secure.gravatar.com\\\/avatar\\\/ef5d487a507989b641ed3189d44d0a093c52f15f8c3535c9a4720ad05e6da985?s=96&d=mm&r=g\",\"caption\":\"Marcos\"},\"url\":\"https:\\\/\\\/cienciagandia.webs.upv.es\\\/ca\\\/author\\\/marcos\\\/\"}]}<\/script>\n<!-- \/ Yoast SEO plugin. -->","yoast_head_json":{"title":"Inscriu-te en el Taller de Lutieria i Ci\u00e8ncia - Campus de Gandia Ciencia - UPV Universitat Polit\u00e8cnica de Val\u00e8ncia","description":"El Taller de Lutheria i Ci\u00e8ncia tindr\u00e0 lloc al Campus de Gandia de la UPV del 29 de setembre al 2 d\u2019octubre de 2025.","robots":{"index":"index","follow":"follow","max-snippet":"max-snippet:-1","max-image-preview":"max-image-preview:large","max-video-preview":"max-video-preview:-1"},"canonical":"https:\/\/cienciagandia.webs.upv.es\/ca\/2025\/09\/inscriu-te-taller-lutieria-ciencia\/","og_locale":"en_US","og_type":"article","og_title":"Inscriu-te en el Taller de Lutieria i Ci\u00e8ncia - Campus de Gandia Ciencia - UPV Universitat Polit\u00e8cnica de Val\u00e8ncia","og_description":"El Taller de Lutheria i Ci\u00e8ncia tindr\u00e0 lloc al Campus de Gandia de la UPV del 29 de setembre al 2 d\u2019octubre de 2025.","og_url":"https:\/\/cienciagandia.webs.upv.es\/ca\/2025\/09\/inscriu-te-taller-lutieria-ciencia\/","og_site_name":"Campus de Gandia Ciencia - UPV Universitat Polit\u00e8cnica de Val\u00e8ncia","article_publisher":"https:\/\/www.facebook.com\/UPVCampusGandia","article_published_time":"2025-09-15T09:41:45+00:00","article_modified_time":"2025-10-02T08:41:04+00:00","og_image":[{"width":1273,"height":500,"url":"https:\/\/cienciagandia.webs.upv.es\/wp-content\/uploads\/2025\/09\/portada-luteria-1273x500-1.webp","type":"image\/webp"}],"author":"Marcos","twitter_card":"summary_large_image","twitter_creator":"@UPVCampusGandia","twitter_site":"@UPVCampusGandia","twitter_misc":{"Written by":"Marcos","Est. reading time":"4 minutes"},"schema":{"@context":"https:\/\/schema.org","@graph":[{"@type":"Article","@id":"https:\/\/cienciagandia.webs.upv.es\/ca\/2025\/09\/inscriu-te-taller-lutieria-ciencia\/#article","isPartOf":{"@id":"https:\/\/cienciagandia.webs.upv.es\/ca\/2025\/09\/inscriu-te-taller-lutieria-ciencia\/"},"author":{"name":"Marcos","@id":"https:\/\/cienciagandia.webs.upv.es\/#\/schema\/person\/237d68837698c463ac861b301cb7e58d"},"headline":"Inscriu-te en el Taller de Lutieria i Ci\u00e8ncia","datePublished":"2025-09-15T09:41:45+00:00","dateModified":"2025-10-02T08:41:04+00:00","mainEntityOfPage":{"@id":"https:\/\/cienciagandia.webs.upv.es\/ca\/2025\/09\/inscriu-te-taller-lutieria-ciencia\/"},"wordCount":707,"publisher":{"@id":"https:\/\/cienciagandia.webs.upv.es\/#organization"},"image":{"@id":"https:\/\/cienciagandia.webs.upv.es\/ca\/2025\/09\/inscriu-te-taller-lutieria-ciencia\/#primaryimage"},"thumbnailUrl":"https:\/\/cienciagandia.webs.upv.es\/wp-content\/uploads\/2025\/09\/portada-luteria-1273x500-1.webp","keywords":["Portada","portada"],"articleSection":["Ciencia y sociedad"],"inLanguage":"ca-CA"},{"@type":"WebPage","@id":"https:\/\/cienciagandia.webs.upv.es\/ca\/2025\/09\/inscriu-te-taller-lutieria-ciencia\/","url":"https:\/\/cienciagandia.webs.upv.es\/ca\/2025\/09\/inscriu-te-taller-lutieria-ciencia\/","name":"Inscriu-te en el Taller de Lutieria i Ci\u00e8ncia - Campus de Gandia Ciencia - UPV Universitat Polit\u00e8cnica de Val\u00e8ncia","isPartOf":{"@id":"https:\/\/cienciagandia.webs.upv.es\/#website"},"primaryImageOfPage":{"@id":"https:\/\/cienciagandia.webs.upv.es\/ca\/2025\/09\/inscriu-te-taller-lutieria-ciencia\/#primaryimage"},"image":{"@id":"https:\/\/cienciagandia.webs.upv.es\/ca\/2025\/09\/inscriu-te-taller-lutieria-ciencia\/#primaryimage"},"thumbnailUrl":"https:\/\/cienciagandia.webs.upv.es\/wp-content\/uploads\/2025\/09\/portada-luteria-1273x500-1.webp","datePublished":"2025-09-15T09:41:45+00:00","dateModified":"2025-10-02T08:41:04+00:00","description":"El Taller de Lutheria i Ci\u00e8ncia tindr\u00e0 lloc al Campus de Gandia de la UPV del 29 de setembre al 2 d\u2019octubre de 2025.","breadcrumb":{"@id":"https:\/\/cienciagandia.webs.upv.es\/ca\/2025\/09\/inscriu-te-taller-lutieria-ciencia\/#breadcrumb"},"inLanguage":"ca-CA","potentialAction":[{"@type":"ReadAction","target":["https:\/\/cienciagandia.webs.upv.es\/ca\/2025\/09\/inscriu-te-taller-lutieria-ciencia\/"]}]},{"@type":"ImageObject","inLanguage":"ca-CA","@id":"https:\/\/cienciagandia.webs.upv.es\/ca\/2025\/09\/inscriu-te-taller-lutieria-ciencia\/#primaryimage","url":"https:\/\/cienciagandia.webs.upv.es\/wp-content\/uploads\/2025\/09\/portada-luteria-1273x500-1.webp","contentUrl":"https:\/\/cienciagandia.webs.upv.es\/wp-content\/uploads\/2025\/09\/portada-luteria-1273x500-1.webp","width":1273,"height":500,"caption":"Cartel de la actividad"},{"@type":"BreadcrumbList","@id":"https:\/\/cienciagandia.webs.upv.es\/ca\/2025\/09\/inscriu-te-taller-lutieria-ciencia\/#breadcrumb","itemListElement":[{"@type":"ListItem","position":1,"name":"Portada","item":"https:\/\/cienciagandia.webs.upv.es\/ca\/"},{"@type":"ListItem","position":2,"name":"Inscriu-te en el Taller de Lutieria i Ci\u00e8ncia"}]},{"@type":"WebSite","@id":"https:\/\/cienciagandia.webs.upv.es\/#website","url":"https:\/\/cienciagandia.webs.upv.es\/","name":"Blog de Ciencia del Campus de Gandia de la Universitat Polit\u00e8cnica de Val\u00e8ncia UPV","description":"Campus de Gandia Ciencia UPV","publisher":{"@id":"https:\/\/cienciagandia.webs.upv.es\/#organization"},"potentialAction":[{"@type":"SearchAction","target":{"@type":"EntryPoint","urlTemplate":"https:\/\/cienciagandia.webs.upv.es\/?s={search_term_string}"},"query-input":{"@type":"PropertyValueSpecification","valueRequired":true,"valueName":"search_term_string"}}],"inLanguage":"ca-CA"},{"@type":"Organization","@id":"https:\/\/cienciagandia.webs.upv.es\/#organization","name":"Campus de Gandia de la Universitat Polit\u00e8cnica de Val\u00e8ncia UPV","alternateName":"Campus de Gandia UPV","url":"https:\/\/cienciagandia.webs.upv.es\/","logo":{"@type":"ImageObject","inLanguage":"ca-CA","@id":"https:\/\/cienciagandia.webs.upv.es\/#\/schema\/logo\/image\/","url":"https:\/\/cienciagandia.webs.upv.es\/wp-content\/uploads\/2023\/10\/UPV-Gandia.jpg","contentUrl":"https:\/\/cienciagandia.webs.upv.es\/wp-content\/uploads\/2023\/10\/UPV-Gandia.jpg","width":770,"height":366,"caption":"Campus de Gandia de la Universitat Polit\u00e8cnica de Val\u00e8ncia UPV"},"image":{"@id":"https:\/\/cienciagandia.webs.upv.es\/#\/schema\/logo\/image\/"},"sameAs":["https:\/\/www.facebook.com\/UPVCampusGandia","https:\/\/x.com\/UPVCampusGandia","https:\/\/www.instagram.com\/upvcampusgandia\/","https:\/\/www.linkedin.com\/company\/upvcampusgandia\/"]},{"@type":"Person","@id":"https:\/\/cienciagandia.webs.upv.es\/#\/schema\/person\/237d68837698c463ac861b301cb7e58d","name":"Marcos","image":{"@type":"ImageObject","inLanguage":"ca-CA","@id":"https:\/\/secure.gravatar.com\/avatar\/ef5d487a507989b641ed3189d44d0a093c52f15f8c3535c9a4720ad05e6da985?s=96&d=mm&r=g","url":"https:\/\/secure.gravatar.com\/avatar\/ef5d487a507989b641ed3189d44d0a093c52f15f8c3535c9a4720ad05e6da985?s=96&d=mm&r=g","contentUrl":"https:\/\/secure.gravatar.com\/avatar\/ef5d487a507989b641ed3189d44d0a093c52f15f8c3535c9a4720ad05e6da985?s=96&d=mm&r=g","caption":"Marcos"},"url":"https:\/\/cienciagandia.webs.upv.es\/ca\/author\/marcos\/"}]}},"_links":{"self":[{"href":"https:\/\/cienciagandia.webs.upv.es\/ca\/wp-json\/wp\/v2\/posts\/24381","targetHints":{"allow":["GET"]}}],"collection":[{"href":"https:\/\/cienciagandia.webs.upv.es\/ca\/wp-json\/wp\/v2\/posts"}],"about":[{"href":"https:\/\/cienciagandia.webs.upv.es\/ca\/wp-json\/wp\/v2\/types\/post"}],"author":[{"embeddable":true,"href":"https:\/\/cienciagandia.webs.upv.es\/ca\/wp-json\/wp\/v2\/users\/15"}],"replies":[{"embeddable":true,"href":"https:\/\/cienciagandia.webs.upv.es\/ca\/wp-json\/wp\/v2\/comments?post=24381"}],"version-history":[{"count":1,"href":"https:\/\/cienciagandia.webs.upv.es\/ca\/wp-json\/wp\/v2\/posts\/24381\/revisions"}],"predecessor-version":[{"id":24565,"href":"https:\/\/cienciagandia.webs.upv.es\/ca\/wp-json\/wp\/v2\/posts\/24381\/revisions\/24565"}],"wp:featuredmedia":[{"embeddable":true,"href":"https:\/\/cienciagandia.webs.upv.es\/ca\/wp-json\/wp\/v2\/media\/24597"}],"wp:attachment":[{"href":"https:\/\/cienciagandia.webs.upv.es\/ca\/wp-json\/wp\/v2\/media?parent=24381"}],"wp:term":[{"taxonomy":"category","embeddable":true,"href":"https:\/\/cienciagandia.webs.upv.es\/ca\/wp-json\/wp\/v2\/categories?post=24381"},{"taxonomy":"post_tag","embeddable":true,"href":"https:\/\/cienciagandia.webs.upv.es\/ca\/wp-json\/wp\/v2\/tags?post=24381"}],"curies":[{"name":"wp","href":"https:\/\/api.w.org\/{rel}","templated":true}]}}