{"id":21234,"date":"2025-07-08T16:00:56","date_gmt":"2025-07-08T14:00:56","guid":{"rendered":"https:\/\/cienciagandia.webs.upv.es\/?p=21234"},"modified":"2025-07-08T17:56:52","modified_gmt":"2025-07-08T15:56:52","slug":"lacces-internet-no-esta-labast-tots-igual","status":"publish","type":"post","link":"https:\/\/cienciagandia.webs.upv.es\/ca\/2025\/07\/lacces-internet-no-esta-labast-tots-igual\/","title":{"rendered":"L&#8217;acc\u00e9s a internet no est\u00e0 a l&#8217;abast de tots per igual"},"content":{"rendered":"<p align=\"justify\"><span style=\"font-family: Times New Roman, serif;\"><span style=\"font-size: medium;\"><span style=\"color: #000000;\"><span style=\"font-family: Arial, serif;\"><span lang=\"ca-ES\">Al voltant de 2600 milions de persones, un ter\u00e7 de la poblaci\u00f3 mundial, no tenen acc\u00e9s a internet, segons l&#8217;\u00faltim <\/span><\/span><\/span><span style=\"color: #0000ff;\"><u><a href=\"https:\/\/www.itu.int\/itu-d\/reports\/statistics\/facts-figures-2024\/\" target=\"_blank\" rel=\"noopener\"><span style=\"color: #4b4b4e;\"><span style=\"font-family: Arial, serif;\"><span lang=\"ca-ES\">informe de la Uni\u00f3 Internacional de Telecomunicacions (UIT) sobre el desenvolupament digital<\/span><\/span><\/span><\/a><\/u><\/span><span style=\"color: #000000;\"><span style=\"font-family: Arial, serif;\"><span lang=\"ca-ES\">, de 2024.<\/span><\/span><\/span><\/span><\/span><\/p>\n<p align=\"justify\"><span style=\"font-family: Times New Roman, serif;\"><span style=\"font-size: medium;\"><span style=\"color: #000000;\"><span style=\"font-family: Arial, serif;\"><span lang=\"ca-ES\">Per\u00f2 mentre als pa\u00efsos rics el 93\u00a0% de les persones t\u00e9 acc\u00e9s a internet, la xifra es redueix a un 27\u00a0% als pa\u00efsos pobres. Aquesta falta de connexi\u00f3 afecta el desenvolupament personal, el creixement econ\u00f2mic i la inclusi\u00f3 social a tot el m\u00f3n.<\/span><\/span><\/span><\/span><\/span><\/p>\n<p align=\"justify\"><span style=\"font-family: Times New Roman, serif;\"><span style=\"font-size: medium;\"><span style=\"color: #000000;\"><span style=\"font-family: Arial, serif;\"><span lang=\"ca-ES\">Coses di\u00e0ries com pagar, demanar cita m\u00e8dica, fer transfer\u00e8ncies banc\u00e0ries, tr\u00e0mits o comunicar-se necessiten un dispositiu intel\u00b7ligent i connexi\u00f3 a internet. Encara que aix\u00f2 sembla obvi, les dades mostren que encara hi ha desigualtats en l&#8217;acc\u00e9s a la tecnologia. \u00c9s important parar atenci\u00f3 a persones amb pocs recursos, persones majors o amb discapacitat, que poden quedar excloses.<\/span><\/span><\/span><\/span><\/span><\/p>\n<p align=\"justify\"><img loading=\"lazy\" decoding=\"async\" class=\"alignnone size-full wp-image-21215\" src=\"https:\/\/cienciagandia.webs.upv.es\/wp-content\/uploads\/2025\/07\/Foto-1-scaled.webp\" alt=\"Acceso a internet\" width=\"2560\" height=\"1707\" srcset=\"https:\/\/cienciagandia.webs.upv.es\/wp-content\/uploads\/2025\/07\/Foto-1-scaled.webp 2560w, https:\/\/cienciagandia.webs.upv.es\/wp-content\/uploads\/2025\/07\/Foto-1-375x250.webp 375w, https:\/\/cienciagandia.webs.upv.es\/wp-content\/uploads\/2025\/07\/Foto-1-750x500.webp 750w, https:\/\/cienciagandia.webs.upv.es\/wp-content\/uploads\/2025\/07\/Foto-1-768x512.webp 768w, https:\/\/cienciagandia.webs.upv.es\/wp-content\/uploads\/2025\/07\/Foto-1-1536x1024.webp 1536w, https:\/\/cienciagandia.webs.upv.es\/wp-content\/uploads\/2025\/07\/Foto-1-2048x1365.webp 2048w, https:\/\/cienciagandia.webs.upv.es\/wp-content\/uploads\/2025\/07\/Foto-1-150x100.webp 150w\" sizes=\"auto, (max-width: 2560px) 100vw, 2560px\" \/><\/p>\n<p align=\"justify\"><span style=\"font-size: medium;\"><span style=\"color: #000000;\"><span style=\"font-family: Arial, serif;\"><span lang=\"ca-ES\"><b>Desigualtat tecnol\u00f2gica preocupant<\/b><\/span><\/span><\/span><\/span><\/p>\n<p align=\"justify\"><span style=\"color: #000000;\"><span style=\"font-family: Arial, serif;\"><span style=\"font-size: medium;\"><span lang=\"ca-ES\">En un m\u00f3n post pand\u00e8mia, l&#8217;informe <\/span><\/span><\/span><\/span><a href=\"https:\/\/www.weforum.org\/publications\/the-global-risks-report-2021\/\" target=\"_blank\" rel=\"noopener\"><span style=\"color: #4b4b4e;\"><span style=\"font-family: Arial, serif;\"><span style=\"font-size: medium;\"><span lang=\"ca-ES\"><u>de Riscos Globals del F\u00f2rum Econ\u00f2mic Mundial de <\/u><\/span><\/span><\/span><\/span><span style=\"color: #4b4b4e;\"><span style=\"font-family: Arial, serif;\"><span style=\"font-size: medium;\"><span lang=\"ca-ES\">2021<\/span><\/span><\/span><\/span><\/a> <span style=\"color: #000000;\"><span style=\"font-family: Arial, serif;\"><span style=\"font-size: medium;\"><span lang=\"ca-ES\">ja havia assenyalat la desigualtat tecnol\u00f2gica. Aix\u00f2 significa que moltes persones no tenen acc\u00e9s a recursos i habilitats necess\u00e0ries per a menejar-se en l&#8217;entorn digital.<\/span><\/span><\/span><\/span><\/p>\n<p align=\"justify\"><span style=\"font-family: Times New Roman, serif;\"><span style=\"font-size: medium;\"><span style=\"color: #000000;\"><span style=\"font-family: Arial, serif;\"><span lang=\"ca-ES\">D&#8217;altra banda, l&#8217;estudi <\/span><\/span><\/span><span style=\"color: #0000ff;\"><u><a href=\"https:\/\/publications.jrc.ec.europa.eu\/repository\/handle\/JRC140617\" target=\"_blank\" rel=\"noopener\"><span style=\"color: #4b4b4e;\"><span style=\"font-family: Arial, serif;\"><span lang=\"ca-ES\">Digital skills gaps: A closer look at the Digital Skills Index (DSI 2.0)<\/span><\/span><\/span><\/a><\/u><\/span><span style=\"color: #000000;\"><span style=\"font-family: Arial, serif;\"><span lang=\"ca-ES\"> assenyala que el 36% dels adults europeus encara manca de compet\u00e8ncies digitals b\u00e0siques i el 8\u00a0% utilitza internet rares vegades o mai.<\/span><\/span><\/span><\/span><\/span><\/p>\n<h2 class=\"western\" align=\"justify\"><span style=\"font-size: medium;\"><span style=\"color: #000000;\"><span style=\"font-family: Arial, serif;\"><span lang=\"ca-ES\">L&#8217;edat i la bretxa digital<\/span><\/span><\/span><\/span><\/h2>\n<p align=\"justify\"><span style=\"font-family: Times New Roman, serif;\"><span style=\"font-size: medium;\"><span style=\"color: #000000;\"><span style=\"font-family: Arial, serif;\"><span lang=\"ca-ES\">El descens de la natalitat i l&#8217;augment de l&#8217;esperan\u00e7a de vida, <\/span><\/span><\/span><span style=\"color: #0000ff;\"><u><a href=\"https:\/\/www.un.org\/es\/global-issues\/population\" target=\"_blank\" rel=\"noopener\"><span style=\"color: #4b4b4e;\"><span style=\"font-family: Arial, serif;\"><span lang=\"ca-ES\">segons les previsions de Nacions Unides<\/span><\/span><\/span><\/a><\/u><\/span><span style=\"color: #000000;\"><span style=\"font-family: Arial, serif;\"><span lang=\"ca-ES\">, ser\u00e0 de 80 o m\u00e9s anys en 2050. Aix\u00f2 suposa que la poblaci\u00f3 mundial cada vegada estar\u00e0 m\u00e9s envellida.<\/span><\/span><\/span><\/span><\/span><\/p>\n<p align=\"justify\"><span style=\"font-family: Times New Roman, serif;\"><span style=\"font-size: medium;\"><span style=\"color: #000000;\"><span style=\"font-family: Arial, serif;\"><span lang=\"ca-ES\">En aquest context, les dificultats amb la tecnologia de les persones majors constitueixen una circumst\u00e0ncia a tenir en compte per a evitar-ne l\u2019exclusi\u00f3 digital.<\/span><\/span><\/span><\/span><\/span><\/p>\n<p align=\"justify\"><span style=\"font-family: Times New Roman, serif;\"><span style=\"font-size: medium;\"><span style=\"color: #000000;\"><span style=\"font-family: Arial, serif;\"><span lang=\"ca-ES\">A Espanya, segons dades de l&#8217;INE<\/span><\/span><\/span><span lang=\"ca-ES\"> d<\/span><span style=\"color: #000000;\"><span style=\"font-family: Arial, serif;\"><span lang=\"ca-ES\">e 2024, <\/span><\/span><\/span><span style=\"color: #0000ff;\"><u><a href=\"https:\/\/ine.es\/jaxi\/Datos.htm?tpx=70460#_tabs-grafico\" target=\"_blank\" rel=\"noopener\"><span style=\"color: #4b4b4e;\"><span style=\"font-family: Arial, serif;\"><span lang=\"ca-ES\">menys de la meitat de les persones majors de 75 anys utilitza internet<\/span><\/span><\/span><\/a><\/u><\/span><span style=\"color: #000000;\"><span style=\"font-family: Arial, serif;\"><span lang=\"ca-ES\">. I ho fan fonamentalment per a serveis de missatgeria instant\u00e0nia, mentre que el percentatge descendeix en q\u00fcestions relacionades amb concertar una cita m\u00e8dica o accedir a historials de salut.<\/span><\/span><\/span><\/span><\/span><\/p>\n<p align=\"justify\"><span style=\"font-family: Times New Roman, serif;\"><span style=\"font-size: medium;\"><span style=\"color: #000000;\"><span style=\"font-family: Arial, serif;\"><span lang=\"ca-ES\">Si b\u00e9 \u00e9s cert que la pand\u00e8mia va accelerar la penetraci\u00f3 de dispositius intel\u00b7ligents i l&#8217;\u00fas d&#8217;internet entre les persones majors, la irrupci\u00f3 de la Intel\u00b7lig\u00e8ncia Artificial generativa i el r\u00e0pid desenvolupament de la tecnologia requereixen d&#8217;una actualitzaci\u00f3 constant.<\/span><\/span><\/span><\/span><\/span><\/p>\n<p align=\"justify\"><span style=\"font-family: Times New Roman, serif;\"><span style=\"font-size: medium;\"><span style=\"color: #000000;\"><span style=\"font-family: Arial, serif;\"><span lang=\"ca-ES\">De fet, moltes d&#8217;aquestes persones majors experimenten \u201cedatisme digital\u201d, una discriminaci\u00f3 basada en estereotips relacionats amb l&#8217;edat, que <\/span><\/span><\/span><span style=\"color: #0000ff;\"><u><a href=\"https:\/\/www.uoc.edu\/es\/news\/2025\/estereotipos-edadismo-digital\" target=\"_blank\" rel=\"noopener\"><span style=\"color: #4b4b4e;\"><span style=\"font-family: Arial, serif;\"><span lang=\"ca-ES\">limita la seua participaci\u00f3 activa en la vida digital<\/span><\/span><\/span><\/a><\/u><\/span><span style=\"color: #000000;\"><span style=\"font-family: Arial, serif;\"><span lang=\"ca-ES\">. Aix\u00f2 se suma a la falta d&#8217;adaptaci\u00f3 de plataformes digitals a les necessitats espec\u00edfiques d&#8217;aquesta poblaci\u00f3 i la manca de formaci\u00f3 adequada.<\/span><\/span><\/span><\/span><\/span><\/p>\n<h2 class=\"western\" align=\"justify\"><span style=\"font-size: medium;\"><span style=\"color: #000000;\"><span style=\"font-family: Arial, serif;\"><span lang=\"ca-ES\">Discapacitat i bretxa digital<\/span><\/span><\/span><\/span><\/h2>\n<p align=\"justify\"><span style=\"font-family: Times New Roman, serif;\"><span style=\"font-size: medium;\"><span style=\"color: #0000ff;\"><u><a href=\"https:\/\/social.desa.un.org\/issues\/disability\/crpd\/convention-on-the-rights-of-persons-with-disabilities-articles\" target=\"_blank\" rel=\"noopener\"><span style=\"color: #4b4b4e;\"><span style=\"font-family: Arial, serif;\"><span lang=\"ca-ES\">La Convenci\u00f3 sobre els Drets de les Persones amb Discapacitat de Nacions Unides<\/span><\/span><\/span><\/a><\/u><\/span><span style=\"color: #000000;\"><span style=\"font-family: Arial, serif;\"><span lang=\"ca-ES\"> refereix que en les persones amb discapacitat s&#8217;inclou a aquelles que \u201ctinguen defici\u00e8ncies f\u00edsiques, mentals, intel\u00b7lectuals o sensorials a llarg termini que, en interactuar amb diverses barreres, puguen impedir la seua participaci\u00f3 plena i efectiva en la societat, en igualtat de condicions amb les altres\u201d.<\/span><\/span><\/span><\/span><\/span><\/p>\n<p align=\"justify\"><span style=\"font-family: Times New Roman, serif;\"><span style=\"font-size: medium;\"><span style=\"color: #000000;\"><span style=\"font-family: Arial, serif;\"><span lang=\"ca-ES\">En l&#8217;\u00e0mbit digital, <\/span><\/span><\/span><span style=\"color: #0000ff;\"><u><a href=\"https:\/\/ec.europa.eu\/eurostat\/statistics-explained\/index.php?title=Disability_statistics_-_access_to_information_and_communication_technologies#Use_of_the_internet_in_general\" target=\"_blank\" rel=\"noopener\"><span style=\"color: #4b4b4e;\"><span style=\"font-family: Arial, serif;\"><span lang=\"ca-ES\">les dades d&#8217;Eurostat corresponents a 2024 <\/span><\/span><\/span><\/a><\/u><\/span><span style=\"color: #000000;\"><span style=\"font-family: Arial, serif;\"><span lang=\"ca-ES\"> mostren que les persones amb discapacitat utilitzen internet amb menor regularitat i que aquest \u00fas varia en funci\u00f3 de la gravetat i de l&#8217;edat. S&#8217;enfronten a barreres significatives en termes d&#8217;accessibilitat a continguts i serveis en l\u00ednia que poden repercutir negativament en les seues oportunitats laborals, socials i d&#8217;oci.<\/span><\/span><\/span><\/span><\/span><\/p>\n<p align=\"justify\"><span style=\"font-family: Times New Roman, serif;\"><span style=\"font-size: medium;\"><span style=\"color: #000000;\"><span style=\"font-family: Arial, serif;\"><span lang=\"ca-ES\">Per a abordar aquest obstacle, existeixen nombroses iniciatives des de l&#8217;\u00e0mbit institucional, acad\u00e8mic i empresarial destinades a fomentar la inclusi\u00f3 digital efectiva, proporcionant recursos formatius espec\u00edfics i adaptacions tecnol\u00f2giques.<\/span><\/span><\/span><\/span><\/span><\/p>\n<p align=\"justify\"><span style=\"font-family: Times New Roman, serif;\"><span style=\"font-size: medium;\"><span style=\"color: #000000;\"><span style=\"font-family: Arial, serif;\"><span lang=\"ca-ES\">\u00c9s el cas d\u2019<\/span><\/span><\/span><span style=\"color: #0000ff;\"><u><a href=\"https:\/\/www.brandingverse.org\/accessverse\"><span style=\"color: #4b4b4e;\"><span style=\"font-family: Arial, serif;\"><span lang=\"ca-ES\">Accesverse<\/span><\/span><\/span><\/a><\/u><\/span><span style=\"color: #000000;\"><span style=\"font-family: Arial, serif;\"><span lang=\"ca-ES\"> finan\u00e7at per la Universitat Internacional de La Rioja, dins de les iniciatives de l&#8217;Observatori <\/span><\/span><\/span><span style=\"color: #0000ff;\"><u><a href=\"https:\/\/www.brandingverse.org\/\" target=\"_blank\" rel=\"noopener\"><span style=\"color: #4b4b4e;\"><span style=\"font-family: Arial, serif;\"><span lang=\"ca-ES\">Internacional \u2018Brandingverse<\/span><\/span><\/span><\/a><\/u><\/span><span style=\"color: #000000;\"><span style=\"font-family: Arial, serif;\"><span lang=\"ca-ES\">\u2019. La seua finalitat \u00e9s analitzar l&#8217;ecosistema actual que determina el metavers i, amb aix\u00f2, delimitar les possibilitats d&#8217;accessibilitat i com, eventualment, corregir-les o incrementar-les per a reduir la bretxa digital esdevinguda per diverses discapacitats f\u00edsiques i intel\u00b7lectuals.<\/span><\/span><\/span><\/span><\/span><\/p>\n<p align=\"justify\"><span style=\"font-family: Times New Roman, serif;\"><span style=\"font-size: medium;\"><span style=\"color: #000000;\"><span style=\"font-family: Arial, serif;\"><span lang=\"ca-ES\">Aix\u00ed mateix, la <\/span><\/span><\/span><span style=\"color: #0000ff;\"><u><a href=\"https:\/\/brechadigital.gva.es\/es\/xarxa-de-catedres\" target=\"_blank\" rel=\"noopener\"><span style=\"color: #4b4b4e;\"><span style=\"font-family: Arial, serif;\"><span lang=\"ca-ES\">xarxa de C\u00e0tedres de Bretxa Digital de les universitats p\u00fabliques valencianes<\/span><\/span><\/span><\/a><\/u><\/span><span style=\"color: #000000;\"><span style=\"font-family: Arial, serif;\"><span lang=\"ca-ES\"> t\u00e9 l&#8217;objectiu d&#8217;analitzar el problema des de diferents perspectives. En aquest marc, un estudi recent de la Universitat Polit\u00e8cnica de Val\u00e8ncia es refereix a <\/span><\/span><\/span><span style=\"color: #0000ff;\"><u><a href=\"https:\/\/dicatic.webs.upv.es\/estudio-metaverso-personas-con-discapacidad\/\" target=\"_blank\" rel=\"noopener\"><span style=\"color: #4b4b4e;\"><span style=\"font-family: Arial, serif;\"><span lang=\"ca-ES\">l&#8217;accessibilitat en les plataformes de metavers per a les persones amb discapacitat<\/span><\/span><\/span><\/a><\/u><\/span><span style=\"color: #000000;\"><span style=\"font-family: Arial, serif;\"><span lang=\"ca-ES\">.<\/span><\/span><\/span><\/span><\/span><\/p>\n<p align=\"justify\"><span style=\"font-family: Times New Roman, serif;\"><span style=\"font-size: medium;\"><span style=\"color: #000000;\"><span style=\"font-family: Arial, serif;\"><span lang=\"ca-ES\">Quatre grups s\u00f3n importants per a reduir la bretxa digital: el govern, les organitzacions socials, el sistema educatiu i la fam\u00edlia. Hem d&#8217;acostumar-nos a aprendre i adaptar-nos als canvis tecnol\u00f2gics, ja que afecten moltes \u00e0rees de la vida.<\/span><\/span><\/span><\/span><\/span><\/p>\n<p align=\"justify\"><span style=\"font-family: Arial, serif;\"><span style=\"font-size: medium;\"><span lang=\"ca-ES\">Article publicat en <\/span><\/span><\/span><span style=\"color: #333333;\"><span style=\"font-family: Arial, serif;\"><span style=\"font-size: medium;\"><span lang=\"ca-ES\">theconversation.com<\/span><\/span><\/span><\/span><span style=\"font-family: Arial, serif;\"><span style=\"font-size: medium;\"><span lang=\"ca-ES\">: <\/span><\/span><\/span><span style=\"color: #0000ff;\"><u><a href=\"https:\/\/theconversation.com\/el-acceso-a-internet-no-esta-al-alcance-de-todos-por-igual-253862\" target=\"_blank\" rel=\"noopener\"><span style=\"font-family: Arial, serif;\"><span style=\"font-size: medium;\"><span lang=\"ca-ES\">https:\/\/theconversation.com\/el-acceso-a-internet-no-esta-al-alcance-de-todos-por-igual-253862<\/span><\/span><\/span><\/a><\/u><\/span><\/p>\n<hr \/>\n<p align=\"justify\"><img loading=\"lazy\" decoding=\"async\" class=\"alignnone size-full wp-image-21225\" src=\"https:\/\/cienciagandia.webs.upv.es\/wp-content\/uploads\/2025\/07\/NADIAPAVEL-scaled.webp\" alt=\"N\u00e0dia Alonso L\u00f3pez y Pavel Sidorenko Bautista\" width=\"2560\" height=\"759\" srcset=\"https:\/\/cienciagandia.webs.upv.es\/wp-content\/uploads\/2025\/07\/NADIAPAVEL-scaled.webp 2560w, https:\/\/cienciagandia.webs.upv.es\/wp-content\/uploads\/2025\/07\/NADIAPAVEL-600x178.webp 600w, https:\/\/cienciagandia.webs.upv.es\/wp-content\/uploads\/2025\/07\/NADIAPAVEL-1440x427.webp 1440w, https:\/\/cienciagandia.webs.upv.es\/wp-content\/uploads\/2025\/07\/NADIAPAVEL-768x228.webp 768w, https:\/\/cienciagandia.webs.upv.es\/wp-content\/uploads\/2025\/07\/NADIAPAVEL-1536x455.webp 1536w, https:\/\/cienciagandia.webs.upv.es\/wp-content\/uploads\/2025\/07\/NADIAPAVEL-2048x607.webp 2048w, https:\/\/cienciagandia.webs.upv.es\/wp-content\/uploads\/2025\/07\/NADIAPAVEL-150x44.webp 150w\" sizes=\"auto, (max-width: 2560px) 100vw, 2560px\" \/><\/p>\n<p align=\"justify\"><strong><span style=\"font-family: Arial, serif;\"><span style=\"font-size: medium;\">Autors:<\/span><\/span><\/strong><\/p>\n<p align=\"justify\"><span style=\"color: #0000ff;\"><u><a href=\"https:\/\/www.upv.es\/pls\/oalu\/sic_person.Info?p_alias=naallo1&amp;P_IDIOMA=c\" target=\"_blank\" rel=\"noopener\"><span style=\"font-family: Arial, serif;\"><span style=\"font-size: medium;\">N\u00e0dia Alonso L\u00f3pez<\/span><\/span><\/a><\/u><\/span><span style=\"font-family: Arial, serif;\"><span style=\"font-size: medium;\"><span lang=\"ca-ES\">, professora i investigadora del Campus de Gandia de la Universitat Polit\u00e8cnica de Val\u00e8ncia.<\/span><\/span><\/span><\/p>\n<p align=\"justify\"><span style=\"font-size: medium;\"><span style=\"font-family: Arial, serif;\"><span lang=\"ca-ES\">Pavel Sidorenko Bautista, professor de la Universitat Internacional de La Rioja.<\/span><\/span><\/span><\/p>\n","protected":false},"excerpt":{"rendered":"<p>Al voltant de 2600 milions de persones, un ter\u00e7 de la poblaci\u00f3 mundial, no tenen acc\u00e9s a internet, segons l&#8217;\u00faltim informe de la Uni\u00f3 Internacional &#8230; <a title=\"L&#8217;acc\u00e9s a internet no est\u00e0 a l&#8217;abast de tots per igual\" class=\"read-more\" href=\"https:\/\/cienciagandia.webs.upv.es\/ca\/2025\/07\/lacces-internet-no-esta-labast-tots-igual\/\" aria-label=\"Read more about L&#8217;acc\u00e9s a internet no est\u00e0 a l&#8217;abast de tots per igual\">Llegir m\u00e9s<\/a><\/p>\n","protected":false},"author":15,"featured_media":21229,"comment_status":"closed","ping_status":"closed","sticky":false,"template":"","format":"standard","meta":{"footnotes":""},"categories":[248],"tags":[706],"class_list":["post-21234","post","type-post","status-publish","format-standard","has-post-thumbnail","hentry","category-divulgacio","tag-destacat-ca","resize-featured-image"],"yoast_head":"<!-- This site is optimized with the Yoast SEO plugin v27.5 - https:\/\/yoast.com\/product\/yoast-seo-wordpress\/ -->\n<title>L&#039;acc\u00e9s a internet no est\u00e0 a l&#039;abast de tots per igual - Campus de Gandia Ciencia - UPV Universitat Polit\u00e8cnica de Val\u00e8ncia<\/title>\n<meta name=\"description\" content=\"Al voltant d\u2019un ter\u00e7 de la poblaci\u00f3 mundial no t\u00e9 acc\u00e9s a internet.\" \/>\n<meta name=\"robots\" content=\"index, follow, max-snippet:-1, max-image-preview:large, max-video-preview:-1\" \/>\n<link rel=\"canonical\" href=\"https:\/\/cienciagandia.webs.upv.es\/ca\/2025\/07\/lacces-internet-no-esta-labast-tots-igual\/\" \/>\n<meta property=\"og:locale\" content=\"en_US\" \/>\n<meta property=\"og:type\" content=\"article\" \/>\n<meta property=\"og:title\" content=\"L&#039;acc\u00e9s a internet no est\u00e0 a l&#039;abast de tots per igual - Campus de Gandia Ciencia - UPV Universitat Polit\u00e8cnica de Val\u00e8ncia\" \/>\n<meta property=\"og:description\" content=\"Al voltant d\u2019un ter\u00e7 de la poblaci\u00f3 mundial no t\u00e9 acc\u00e9s a internet.\" \/>\n<meta property=\"og:url\" content=\"https:\/\/cienciagandia.webs.upv.es\/ca\/2025\/07\/lacces-internet-no-esta-labast-tots-igual\/\" \/>\n<meta property=\"og:site_name\" content=\"Campus de Gandia Ciencia - UPV Universitat Polit\u00e8cnica de Val\u00e8ncia\" \/>\n<meta property=\"article:publisher\" content=\"https:\/\/www.facebook.com\/UPVCampusGandia\" \/>\n<meta property=\"article:published_time\" content=\"2025-07-08T14:00:56+00:00\" \/>\n<meta property=\"article:modified_time\" content=\"2025-07-08T15:56:52+00:00\" \/>\n<meta property=\"og:image\" content=\"https:\/\/cienciagandia.webs.upv.es\/wp-content\/uploads\/2025\/07\/PORTADA-BLOG-1.webp\" \/>\n\t<meta property=\"og:image:width\" content=\"1400\" \/>\n\t<meta property=\"og:image:height\" content=\"550\" \/>\n\t<meta property=\"og:image:type\" content=\"image\/png\" \/>\n<meta name=\"author\" content=\"Marcos\" \/>\n<meta name=\"twitter:card\" content=\"summary_large_image\" \/>\n<meta name=\"twitter:creator\" content=\"@UPVCampusGandia\" \/>\n<meta name=\"twitter:site\" content=\"@UPVCampusGandia\" \/>\n<meta name=\"twitter:label1\" content=\"Written by\" \/>\n\t<meta name=\"twitter:data1\" content=\"Marcos\" \/>\n\t<meta name=\"twitter:label2\" content=\"Est. reading time\" \/>\n\t<meta name=\"twitter:data2\" content=\"5 minutes\" \/>\n<script type=\"application\/ld+json\" class=\"yoast-schema-graph\">{\"@context\":\"https:\\\/\\\/schema.org\",\"@graph\":[{\"@type\":\"Article\",\"@id\":\"https:\\\/\\\/cienciagandia.webs.upv.es\\\/ca\\\/2025\\\/07\\\/lacces-internet-no-esta-labast-tots-igual\\\/#article\",\"isPartOf\":{\"@id\":\"https:\\\/\\\/cienciagandia.webs.upv.es\\\/ca\\\/2025\\\/07\\\/lacces-internet-no-esta-labast-tots-igual\\\/\"},\"author\":{\"name\":\"Marcos\",\"@id\":\"https:\\\/\\\/cienciagandia.webs.upv.es\\\/#\\\/schema\\\/person\\\/237d68837698c463ac861b301cb7e58d\"},\"headline\":\"L&#8217;acc\u00e9s a internet no est\u00e0 a l&#8217;abast de tots per igual\",\"datePublished\":\"2025-07-08T14:00:56+00:00\",\"dateModified\":\"2025-07-08T15:56:52+00:00\",\"mainEntityOfPage\":{\"@id\":\"https:\\\/\\\/cienciagandia.webs.upv.es\\\/ca\\\/2025\\\/07\\\/lacces-internet-no-esta-labast-tots-igual\\\/\"},\"wordCount\":842,\"publisher\":{\"@id\":\"https:\\\/\\\/cienciagandia.webs.upv.es\\\/#organization\"},\"image\":{\"@id\":\"https:\\\/\\\/cienciagandia.webs.upv.es\\\/ca\\\/2025\\\/07\\\/lacces-internet-no-esta-labast-tots-igual\\\/#primaryimage\"},\"thumbnailUrl\":\"https:\\\/\\\/cienciagandia.webs.upv.es\\\/wp-content\\\/uploads\\\/2025\\\/07\\\/PORTADA-BLOG-1.webp\",\"keywords\":[\"Portada\"],\"articleSection\":[\"Ci\u00e8ncia i societat\"],\"inLanguage\":\"ca-CA\"},{\"@type\":\"WebPage\",\"@id\":\"https:\\\/\\\/cienciagandia.webs.upv.es\\\/ca\\\/2025\\\/07\\\/lacces-internet-no-esta-labast-tots-igual\\\/\",\"url\":\"https:\\\/\\\/cienciagandia.webs.upv.es\\\/ca\\\/2025\\\/07\\\/lacces-internet-no-esta-labast-tots-igual\\\/\",\"name\":\"L'acc\u00e9s a internet no est\u00e0 a l'abast de tots per igual - Campus de Gandia Ciencia - UPV Universitat Polit\u00e8cnica de Val\u00e8ncia\",\"isPartOf\":{\"@id\":\"https:\\\/\\\/cienciagandia.webs.upv.es\\\/#website\"},\"primaryImageOfPage\":{\"@id\":\"https:\\\/\\\/cienciagandia.webs.upv.es\\\/ca\\\/2025\\\/07\\\/lacces-internet-no-esta-labast-tots-igual\\\/#primaryimage\"},\"image\":{\"@id\":\"https:\\\/\\\/cienciagandia.webs.upv.es\\\/ca\\\/2025\\\/07\\\/lacces-internet-no-esta-labast-tots-igual\\\/#primaryimage\"},\"thumbnailUrl\":\"https:\\\/\\\/cienciagandia.webs.upv.es\\\/wp-content\\\/uploads\\\/2025\\\/07\\\/PORTADA-BLOG-1.webp\",\"datePublished\":\"2025-07-08T14:00:56+00:00\",\"dateModified\":\"2025-07-08T15:56:52+00:00\",\"description\":\"Al voltant d\u2019un ter\u00e7 de la poblaci\u00f3 mundial no t\u00e9 acc\u00e9s a internet.\",\"breadcrumb\":{\"@id\":\"https:\\\/\\\/cienciagandia.webs.upv.es\\\/ca\\\/2025\\\/07\\\/lacces-internet-no-esta-labast-tots-igual\\\/#breadcrumb\"},\"inLanguage\":\"ca-CA\",\"potentialAction\":[{\"@type\":\"ReadAction\",\"target\":[\"https:\\\/\\\/cienciagandia.webs.upv.es\\\/ca\\\/2025\\\/07\\\/lacces-internet-no-esta-labast-tots-igual\\\/\"]}]},{\"@type\":\"ImageObject\",\"inLanguage\":\"ca-CA\",\"@id\":\"https:\\\/\\\/cienciagandia.webs.upv.es\\\/ca\\\/2025\\\/07\\\/lacces-internet-no-esta-labast-tots-igual\\\/#primaryimage\",\"url\":\"https:\\\/\\\/cienciagandia.webs.upv.es\\\/wp-content\\\/uploads\\\/2025\\\/07\\\/PORTADA-BLOG-1.webp\",\"contentUrl\":\"https:\\\/\\\/cienciagandia.webs.upv.es\\\/wp-content\\\/uploads\\\/2025\\\/07\\\/PORTADA-BLOG-1.webp\",\"width\":1400,\"height\":550,\"caption\":\"Portada art\u00edculo acceso a internet\"},{\"@type\":\"BreadcrumbList\",\"@id\":\"https:\\\/\\\/cienciagandia.webs.upv.es\\\/ca\\\/2025\\\/07\\\/lacces-internet-no-esta-labast-tots-igual\\\/#breadcrumb\",\"itemListElement\":[{\"@type\":\"ListItem\",\"position\":1,\"name\":\"Portada\",\"item\":\"https:\\\/\\\/cienciagandia.webs.upv.es\\\/ca\\\/\"},{\"@type\":\"ListItem\",\"position\":2,\"name\":\"L&#8217;acc\u00e9s a internet no est\u00e0 a l&#8217;abast de tots per igual\"}]},{\"@type\":\"WebSite\",\"@id\":\"https:\\\/\\\/cienciagandia.webs.upv.es\\\/#website\",\"url\":\"https:\\\/\\\/cienciagandia.webs.upv.es\\\/\",\"name\":\"Blog de Ciencia del Campus de Gandia de la Universitat Polit\u00e8cnica de Val\u00e8ncia UPV\",\"description\":\"Campus de Gandia Ciencia UPV\",\"publisher\":{\"@id\":\"https:\\\/\\\/cienciagandia.webs.upv.es\\\/#organization\"},\"potentialAction\":[{\"@type\":\"SearchAction\",\"target\":{\"@type\":\"EntryPoint\",\"urlTemplate\":\"https:\\\/\\\/cienciagandia.webs.upv.es\\\/?s={search_term_string}\"},\"query-input\":{\"@type\":\"PropertyValueSpecification\",\"valueRequired\":true,\"valueName\":\"search_term_string\"}}],\"inLanguage\":\"ca-CA\"},{\"@type\":\"Organization\",\"@id\":\"https:\\\/\\\/cienciagandia.webs.upv.es\\\/#organization\",\"name\":\"Campus de Gandia de la Universitat Polit\u00e8cnica de Val\u00e8ncia UPV\",\"alternateName\":\"Campus de Gandia UPV\",\"url\":\"https:\\\/\\\/cienciagandia.webs.upv.es\\\/\",\"logo\":{\"@type\":\"ImageObject\",\"inLanguage\":\"ca-CA\",\"@id\":\"https:\\\/\\\/cienciagandia.webs.upv.es\\\/#\\\/schema\\\/logo\\\/image\\\/\",\"url\":\"https:\\\/\\\/cienciagandia.webs.upv.es\\\/wp-content\\\/uploads\\\/2023\\\/10\\\/UPV-Gandia.jpg\",\"contentUrl\":\"https:\\\/\\\/cienciagandia.webs.upv.es\\\/wp-content\\\/uploads\\\/2023\\\/10\\\/UPV-Gandia.jpg\",\"width\":770,\"height\":366,\"caption\":\"Campus de Gandia de la Universitat Polit\u00e8cnica de Val\u00e8ncia UPV\"},\"image\":{\"@id\":\"https:\\\/\\\/cienciagandia.webs.upv.es\\\/#\\\/schema\\\/logo\\\/image\\\/\"},\"sameAs\":[\"https:\\\/\\\/www.facebook.com\\\/UPVCampusGandia\",\"https:\\\/\\\/x.com\\\/UPVCampusGandia\",\"https:\\\/\\\/www.instagram.com\\\/upvcampusgandia\\\/\",\"https:\\\/\\\/www.linkedin.com\\\/company\\\/upvcampusgandia\\\/\"]},{\"@type\":\"Person\",\"@id\":\"https:\\\/\\\/cienciagandia.webs.upv.es\\\/#\\\/schema\\\/person\\\/237d68837698c463ac861b301cb7e58d\",\"name\":\"Marcos\",\"image\":{\"@type\":\"ImageObject\",\"inLanguage\":\"ca-CA\",\"@id\":\"https:\\\/\\\/secure.gravatar.com\\\/avatar\\\/ef5d487a507989b641ed3189d44d0a093c52f15f8c3535c9a4720ad05e6da985?s=96&d=mm&r=g\",\"url\":\"https:\\\/\\\/secure.gravatar.com\\\/avatar\\\/ef5d487a507989b641ed3189d44d0a093c52f15f8c3535c9a4720ad05e6da985?s=96&d=mm&r=g\",\"contentUrl\":\"https:\\\/\\\/secure.gravatar.com\\\/avatar\\\/ef5d487a507989b641ed3189d44d0a093c52f15f8c3535c9a4720ad05e6da985?s=96&d=mm&r=g\",\"caption\":\"Marcos\"},\"url\":\"https:\\\/\\\/cienciagandia.webs.upv.es\\\/ca\\\/author\\\/marcos\\\/\"}]}<\/script>\n<!-- \/ Yoast SEO plugin. -->","yoast_head_json":{"title":"L'acc\u00e9s a internet no est\u00e0 a l'abast de tots per igual - Campus de Gandia Ciencia - UPV Universitat Polit\u00e8cnica de Val\u00e8ncia","description":"Al voltant d\u2019un ter\u00e7 de la poblaci\u00f3 mundial no t\u00e9 acc\u00e9s a internet.","robots":{"index":"index","follow":"follow","max-snippet":"max-snippet:-1","max-image-preview":"max-image-preview:large","max-video-preview":"max-video-preview:-1"},"canonical":"https:\/\/cienciagandia.webs.upv.es\/ca\/2025\/07\/lacces-internet-no-esta-labast-tots-igual\/","og_locale":"en_US","og_type":"article","og_title":"L'acc\u00e9s a internet no est\u00e0 a l'abast de tots per igual - Campus de Gandia Ciencia - UPV Universitat Polit\u00e8cnica de Val\u00e8ncia","og_description":"Al voltant d\u2019un ter\u00e7 de la poblaci\u00f3 mundial no t\u00e9 acc\u00e9s a internet.","og_url":"https:\/\/cienciagandia.webs.upv.es\/ca\/2025\/07\/lacces-internet-no-esta-labast-tots-igual\/","og_site_name":"Campus de Gandia Ciencia - UPV Universitat Polit\u00e8cnica de Val\u00e8ncia","article_publisher":"https:\/\/www.facebook.com\/UPVCampusGandia","article_published_time":"2025-07-08T14:00:56+00:00","article_modified_time":"2025-07-08T15:56:52+00:00","og_image":[{"width":1400,"height":550,"url":"https:\/\/cienciagandia.webs.upv.es\/wp-content\/uploads\/2025\/07\/PORTADA-BLOG-1.webp","type":"image\/png"}],"author":"Marcos","twitter_card":"summary_large_image","twitter_creator":"@UPVCampusGandia","twitter_site":"@UPVCampusGandia","twitter_misc":{"Written by":"Marcos","Est. reading time":"5 minutes"},"schema":{"@context":"https:\/\/schema.org","@graph":[{"@type":"Article","@id":"https:\/\/cienciagandia.webs.upv.es\/ca\/2025\/07\/lacces-internet-no-esta-labast-tots-igual\/#article","isPartOf":{"@id":"https:\/\/cienciagandia.webs.upv.es\/ca\/2025\/07\/lacces-internet-no-esta-labast-tots-igual\/"},"author":{"name":"Marcos","@id":"https:\/\/cienciagandia.webs.upv.es\/#\/schema\/person\/237d68837698c463ac861b301cb7e58d"},"headline":"L&#8217;acc\u00e9s a internet no est\u00e0 a l&#8217;abast de tots per igual","datePublished":"2025-07-08T14:00:56+00:00","dateModified":"2025-07-08T15:56:52+00:00","mainEntityOfPage":{"@id":"https:\/\/cienciagandia.webs.upv.es\/ca\/2025\/07\/lacces-internet-no-esta-labast-tots-igual\/"},"wordCount":842,"publisher":{"@id":"https:\/\/cienciagandia.webs.upv.es\/#organization"},"image":{"@id":"https:\/\/cienciagandia.webs.upv.es\/ca\/2025\/07\/lacces-internet-no-esta-labast-tots-igual\/#primaryimage"},"thumbnailUrl":"https:\/\/cienciagandia.webs.upv.es\/wp-content\/uploads\/2025\/07\/PORTADA-BLOG-1.webp","keywords":["Portada"],"articleSection":["Ci\u00e8ncia i societat"],"inLanguage":"ca-CA"},{"@type":"WebPage","@id":"https:\/\/cienciagandia.webs.upv.es\/ca\/2025\/07\/lacces-internet-no-esta-labast-tots-igual\/","url":"https:\/\/cienciagandia.webs.upv.es\/ca\/2025\/07\/lacces-internet-no-esta-labast-tots-igual\/","name":"L'acc\u00e9s a internet no est\u00e0 a l'abast de tots per igual - Campus de Gandia Ciencia - UPV Universitat Polit\u00e8cnica de Val\u00e8ncia","isPartOf":{"@id":"https:\/\/cienciagandia.webs.upv.es\/#website"},"primaryImageOfPage":{"@id":"https:\/\/cienciagandia.webs.upv.es\/ca\/2025\/07\/lacces-internet-no-esta-labast-tots-igual\/#primaryimage"},"image":{"@id":"https:\/\/cienciagandia.webs.upv.es\/ca\/2025\/07\/lacces-internet-no-esta-labast-tots-igual\/#primaryimage"},"thumbnailUrl":"https:\/\/cienciagandia.webs.upv.es\/wp-content\/uploads\/2025\/07\/PORTADA-BLOG-1.webp","datePublished":"2025-07-08T14:00:56+00:00","dateModified":"2025-07-08T15:56:52+00:00","description":"Al voltant d\u2019un ter\u00e7 de la poblaci\u00f3 mundial no t\u00e9 acc\u00e9s a internet.","breadcrumb":{"@id":"https:\/\/cienciagandia.webs.upv.es\/ca\/2025\/07\/lacces-internet-no-esta-labast-tots-igual\/#breadcrumb"},"inLanguage":"ca-CA","potentialAction":[{"@type":"ReadAction","target":["https:\/\/cienciagandia.webs.upv.es\/ca\/2025\/07\/lacces-internet-no-esta-labast-tots-igual\/"]}]},{"@type":"ImageObject","inLanguage":"ca-CA","@id":"https:\/\/cienciagandia.webs.upv.es\/ca\/2025\/07\/lacces-internet-no-esta-labast-tots-igual\/#primaryimage","url":"https:\/\/cienciagandia.webs.upv.es\/wp-content\/uploads\/2025\/07\/PORTADA-BLOG-1.webp","contentUrl":"https:\/\/cienciagandia.webs.upv.es\/wp-content\/uploads\/2025\/07\/PORTADA-BLOG-1.webp","width":1400,"height":550,"caption":"Portada art\u00edculo acceso a internet"},{"@type":"BreadcrumbList","@id":"https:\/\/cienciagandia.webs.upv.es\/ca\/2025\/07\/lacces-internet-no-esta-labast-tots-igual\/#breadcrumb","itemListElement":[{"@type":"ListItem","position":1,"name":"Portada","item":"https:\/\/cienciagandia.webs.upv.es\/ca\/"},{"@type":"ListItem","position":2,"name":"L&#8217;acc\u00e9s a internet no est\u00e0 a l&#8217;abast de tots per igual"}]},{"@type":"WebSite","@id":"https:\/\/cienciagandia.webs.upv.es\/#website","url":"https:\/\/cienciagandia.webs.upv.es\/","name":"Blog de Ciencia del Campus de Gandia de la Universitat Polit\u00e8cnica de Val\u00e8ncia UPV","description":"Campus de Gandia Ciencia UPV","publisher":{"@id":"https:\/\/cienciagandia.webs.upv.es\/#organization"},"potentialAction":[{"@type":"SearchAction","target":{"@type":"EntryPoint","urlTemplate":"https:\/\/cienciagandia.webs.upv.es\/?s={search_term_string}"},"query-input":{"@type":"PropertyValueSpecification","valueRequired":true,"valueName":"search_term_string"}}],"inLanguage":"ca-CA"},{"@type":"Organization","@id":"https:\/\/cienciagandia.webs.upv.es\/#organization","name":"Campus de Gandia de la Universitat Polit\u00e8cnica de Val\u00e8ncia UPV","alternateName":"Campus de Gandia UPV","url":"https:\/\/cienciagandia.webs.upv.es\/","logo":{"@type":"ImageObject","inLanguage":"ca-CA","@id":"https:\/\/cienciagandia.webs.upv.es\/#\/schema\/logo\/image\/","url":"https:\/\/cienciagandia.webs.upv.es\/wp-content\/uploads\/2023\/10\/UPV-Gandia.jpg","contentUrl":"https:\/\/cienciagandia.webs.upv.es\/wp-content\/uploads\/2023\/10\/UPV-Gandia.jpg","width":770,"height":366,"caption":"Campus de Gandia de la Universitat Polit\u00e8cnica de Val\u00e8ncia UPV"},"image":{"@id":"https:\/\/cienciagandia.webs.upv.es\/#\/schema\/logo\/image\/"},"sameAs":["https:\/\/www.facebook.com\/UPVCampusGandia","https:\/\/x.com\/UPVCampusGandia","https:\/\/www.instagram.com\/upvcampusgandia\/","https:\/\/www.linkedin.com\/company\/upvcampusgandia\/"]},{"@type":"Person","@id":"https:\/\/cienciagandia.webs.upv.es\/#\/schema\/person\/237d68837698c463ac861b301cb7e58d","name":"Marcos","image":{"@type":"ImageObject","inLanguage":"ca-CA","@id":"https:\/\/secure.gravatar.com\/avatar\/ef5d487a507989b641ed3189d44d0a093c52f15f8c3535c9a4720ad05e6da985?s=96&d=mm&r=g","url":"https:\/\/secure.gravatar.com\/avatar\/ef5d487a507989b641ed3189d44d0a093c52f15f8c3535c9a4720ad05e6da985?s=96&d=mm&r=g","contentUrl":"https:\/\/secure.gravatar.com\/avatar\/ef5d487a507989b641ed3189d44d0a093c52f15f8c3535c9a4720ad05e6da985?s=96&d=mm&r=g","caption":"Marcos"},"url":"https:\/\/cienciagandia.webs.upv.es\/ca\/author\/marcos\/"}]}},"_links":{"self":[{"href":"https:\/\/cienciagandia.webs.upv.es\/ca\/wp-json\/wp\/v2\/posts\/21234","targetHints":{"allow":["GET"]}}],"collection":[{"href":"https:\/\/cienciagandia.webs.upv.es\/ca\/wp-json\/wp\/v2\/posts"}],"about":[{"href":"https:\/\/cienciagandia.webs.upv.es\/ca\/wp-json\/wp\/v2\/types\/post"}],"author":[{"embeddable":true,"href":"https:\/\/cienciagandia.webs.upv.es\/ca\/wp-json\/wp\/v2\/users\/15"}],"replies":[{"embeddable":true,"href":"https:\/\/cienciagandia.webs.upv.es\/ca\/wp-json\/wp\/v2\/comments?post=21234"}],"version-history":[{"count":3,"href":"https:\/\/cienciagandia.webs.upv.es\/ca\/wp-json\/wp\/v2\/posts\/21234\/revisions"}],"predecessor-version":[{"id":21243,"href":"https:\/\/cienciagandia.webs.upv.es\/ca\/wp-json\/wp\/v2\/posts\/21234\/revisions\/21243"}],"wp:featuredmedia":[{"embeddable":true,"href":"https:\/\/cienciagandia.webs.upv.es\/ca\/wp-json\/wp\/v2\/media\/21229"}],"wp:attachment":[{"href":"https:\/\/cienciagandia.webs.upv.es\/ca\/wp-json\/wp\/v2\/media?parent=21234"}],"wp:term":[{"taxonomy":"category","embeddable":true,"href":"https:\/\/cienciagandia.webs.upv.es\/ca\/wp-json\/wp\/v2\/categories?post=21234"},{"taxonomy":"post_tag","embeddable":true,"href":"https:\/\/cienciagandia.webs.upv.es\/ca\/wp-json\/wp\/v2\/tags?post=21234"}],"curies":[{"name":"wp","href":"https:\/\/api.w.org\/{rel}","templated":true}]}}