{"id":1937,"date":"2014-03-28T08:52:09","date_gmt":"2014-03-28T07:52:09","guid":{"rendered":"http:\/\/cienciagandia.webs.upv.es\/?p=1937"},"modified":"2015-01-19T12:10:35","modified_gmt":"2015-01-19T11:10:35","slug":"investigant-en-comunicacio-audiovisual","status":"publish","type":"post","link":"https:\/\/cienciagandia.webs.upv.es\/ca\/2014\/03\/investigant-en-comunicacio-audiovisual\/","title":{"rendered":"Investigant en Comunicaci\u00f3 Audiovisual"},"content":{"rendered":"<p>Podem destacar tres grans \u00e0mbits de la comunicaci\u00f3 audiovisual en els quals actualment s&#8217;estan realitzant investigacions en el Campus de Gandia de la UPV: comunicaci\u00f3 digital i nous mitjans, videojocs i ludopublicitat; cinema, televisi\u00f3 i animaci\u00f3.<!--more--><\/p>\n<p>Dins de la <strong>comunicaci\u00f3 digital i nous mitjans<\/strong>, podem trobar diverses investigacions de professors del Campus i de doctorands que naixen de la titulaci\u00f3 de Comunicaci\u00f3 Audiovisual i del <a href=\"http:\/\/www.calsi.net\/\">M\u00e0ster oficial CALSI en Social Media.<\/a><\/p>\n<p><a href=\"https:\/\/www.flickr.com\/photos\/campusdegandiaupv\/8283900842\/in\/set-72157632024220404\">Marga Cabrera<\/a> \u00e9s professora, investigadora i coordinadora del m\u00e0ster CALSI que s\u2019imparteix al Campus de Gandia des d\u2019el 2011; les seues investigacions se centren en la comunicaci\u00f3 en nous mitjans. Recentment ha coordinat per a la <a href=\"http:\/\/www.fundeu.es\/\">Fund\u00e9u-BBVA<\/a> (Fundaci\u00f3 per a l\u2019espanyol urgent) el llibre <em>Escribir para internet: gu\u00eda para los nuevos medios y las redes sociales<\/em> dirigit per Mario Tasc\u00f3n i en el qual han col\u00b7laborat un nodrit grup de docents i investigadors de la Universitat Polit\u00e8cnica de Val\u00e8ncia. Juntament amb <a href=\"https:\/\/www.flickr.com\/photos\/campusdegandiaupv\/9151650200\/in\/set-72157632024220404\">Rebeca D\u00edez<\/a>, professora de <a href=\"http:\/\/www.upv.es\/titulaciones\/GCOA\/\">Comunicaci\u00f3 Audiovisual<\/a> del <a href=\"http:\/\/www.upv.es\/entidades\/EPSG\/indexc.html\">Campus de Gandia<\/a>, codirigeix el congr\u00e9s cient\u00edfic Comunica 2.0 que compleix en el 2014 la seua quarta edici\u00f3.<\/p>\n<p><a href=\"https:\/\/cienciagandia.webs.upv.es\/wp-content\/uploads\/2014\/03\/comunica-2013.jpg\"><img loading=\"lazy\" decoding=\"async\" class=\" wp-image-733 size-full aligncenter\" src=\"https:\/\/cienciagandia.webs.upv.es\/wp-content\/uploads\/2014\/03\/congreso-comunica-2013.jpg\" alt=\"Congreso Comunica 2013\" width=\"600\" height=\"400\" srcset=\"https:\/\/cienciagandia.webs.upv.es\/wp-content\/uploads\/2014\/03\/congreso-comunica-2013.jpg 600w, https:\/\/cienciagandia.webs.upv.es\/wp-content\/uploads\/2014\/03\/comunica-2013-375x250.jpg 375w, https:\/\/cienciagandia.webs.upv.es\/wp-content\/uploads\/2014\/03\/comunica-2013-150x100.jpg 150w\" sizes=\"auto, (max-width: 600px) 100vw, 600px\" \/><\/a><\/p>\n<p>El <strong>congr\u00e9s universitari sobre xarxes socials <a href=\"http:\/\/www.comunica2gandia.com\/\">Comunica 2.0<\/a><\/strong> t\u00e9 com a objectiu informar i orientar sobre les noves estrat\u00e8gies basades en els social m\u00e8dia. Aquest congr\u00e9s, ha reunit professionals de la comunicaci\u00f3 digital i els entorns 2.0 de primer nivell nacional com Dolors Reig, Marc Vidal, Xos\u00e9 Castro, Delia Rodr\u00edguez, Mario Tasc\u00f3n, Pablo Herreros o Gemma Mu\u00f1oz i <strong>ha perm\u00e9s situar el Campus i la ciutat de Gandia com un referent nacional en aquest sector<\/strong> (va arribar a ser trending topic nacional)<\/p>\n<p>D&#8217;altra banda, Rebeca D\u00edez, al costat d&#8217;altres professors del Campus de Gandia com <a href=\"https:\/\/www.flickr.com\/photos\/campusdegandiaupv\/9073057775\/in\/set-72157632024220404\">Francisco Zulueta<\/a>,\u00a0<a href=\"https:\/\/www.upv.es\/pls\/soalu\/sic_per.info_persona?PE=Z7a6R0gGVjWDAgiePot83Sx%2BkfUO1WOrh9G3jwPkuV30i7lVQyCjFXaFOtRc0p0z5k6eITqMb%2FqXynWGdsiDdNh3BDCFeeGAACIJ2KYvHB8mQMtQAGMHkw%3D%3D&amp;P_IDIOMA=c&amp;P_TIPOBUS=0&amp;P_VISTA=\">Daniel Palacio<\/a>,\u00a0Fernando Macias, Jos\u00e9 Luis Gim\u00e9nez, Ra\u00fal Gonz\u00e1lez i Francisco Javier Pastor\u00a0formen el grup <strong><a href=\"http:\/\/epsg-media.webs.upv.es\/blog\/\">EPSG Media<\/a><\/strong>. \u00a0Aquest grup, naix de les ganes de treballar, dissenyar projectes i aconseguir un mateix objectiu: donar a con\u00e8ixer les capacitats, habilitats i els treballs que es realitzen al Campus de Gandia. <strong>El grup de treball participa en projectes multim\u00e8dia, de videojocs i ludopublicitat<\/strong>. El seu primer treball \u00e9s el prototip d&#8217;un videojoc, <a href=\"https:\/\/www.facebook.com\/JumpinKaiser\">Jumpin\u2019 Kaiser<\/a>.<\/p>\n<p>Precisament, dins del sector en auge dels videojocs, el Campus va organitzar la <a href=\"http:\/\/gandiagamejam.webs.upv.es\/\">Gandia Game Jam<\/a>, trobada que se celebra simult\u00e0niament en m\u00e9s de 240 ciutats arreu del m\u00f3n on els participants tenen 48 hores per tractar de desenvolupar un videojoc.<\/p>\n<p>Finalment en l&#8217;\u00e0rea de <strong>cinema, televisi\u00f3 i animaci\u00f3<\/strong>, s&#8217;han dut a terme diversos congressos i jornades de car\u00e0cter cient\u00edfic com les Jornades cient\u00edfiques sobre transformacions de la ind\u00fastria i el mercat audiovisual davant de la conflu\u00e8ncia dels processos digitals. Aquestes jornades, organitzades per la professora del Campus de Gandia <a href=\"https:\/\/www.upv.es\/pls\/soalu\/sic_per.info_persona?PE=Z7a6R0gGVjWDAgiePot83ULQ7ClRiaoxMnANR%2FzLQqb0i7lVQyCjFXaFOtRc0p0zDtp9ie5xr4w77U0e%2FZF88OkkApvbeR2BQtDsKVGJqjHhyt%2FFoiUIfQ%3D%3D&amp;P_IDIOMA=c&amp;P_TIPOBUS=0&amp;P_VISTA=\">Marina Segarra<\/a>, es van celebrar l\u2019any 2004 i van acollir a m\u00e9s de 170 participants. En 2007, el Campus va celebrar les I Jornades d\u2019animaci\u00f3:<a href=\"https:\/\/www.youtube.com\/watch?v=uEVFGH9aKFM\"> Ganimatecnia<\/a>, esdeveniment que va reunir els professionals m\u00e9s destacats del m\u00f3n de l\u2019animaci\u00f3 al Pa\u00eds Valenci\u00e0, com l\u2019animador <a href=\"http:\/\/www.potensplastianimation.com\/\">Pablo Lloren\u00e7<\/a> (<em>El enigma del chico croqueta, Chocopulpitos<\/em>). Tamb\u00e9 existeix una l\u00ednia de recerca en <strong>comunicaci\u00f3 gr\u00e0fica de marques i productes a trav\u00e9s dels diferents sistemes publicitaris.<\/strong><!--:--><\/p>\n","protected":false},"excerpt":{"rendered":"<p>Podem destacar tres grans \u00e0mbits de la comunicaci\u00f3 audiovisual en els quals actualment s&#8217;estan realitzant investigacions en el Campus de Gandia de la UPV: comunicaci\u00f3 &#8230; <a title=\"Investigant en Comunicaci\u00f3 Audiovisual\" class=\"read-more\" href=\"https:\/\/cienciagandia.webs.upv.es\/ca\/2014\/03\/investigant-en-comunicacio-audiovisual\/\" aria-label=\"Read more about Investigant en Comunicaci\u00f3 Audiovisual\">Llegir m\u00e9s<\/a><\/p>\n","protected":false},"author":9,"featured_media":600,"comment_status":"open","ping_status":"closed","sticky":false,"template":"","format":"standard","meta":{"footnotes":""},"categories":[250],"tags":[402,403,404,366,395,405,407,723,726,408,409,410,354,724,412,413,414,415,725,416,417,418],"class_list":["post-1937","post","type-post","status-publish","format-standard","has-post-thumbnail","hentry","category-comunicacio","tag-animacion-ca","tag-audiovisual-ca","tag-cine-ca","tag-comunica-2-0-ca","tag-comunicacion-ca","tag-comunicacion-grafica-ca","tag-epsg-media-ca","tag-fernando-macias-ca","tag-francisco-javier-pastor-ca","tag-francisco-zulueta-ca","tag-gamificacion-ca","tag-ganimatecnia-ca","tag-innovacion-ca","tag-jose-luis-gimenez-ca","tag-marga-cabrera-ca","tag-marina-segarra-ca","tag-multimedia-ca","tag-publicidad-ca","tag-raul-gonzalez-ca","tag-rebeca-diez-ca","tag-social-media-ca","tag-videojuegos-ca","resize-featured-image"],"yoast_head":"<!-- This site is optimized with the Yoast SEO plugin v27.5 - https:\/\/yoast.com\/product\/yoast-seo-wordpress\/ -->\n<title>Investigant en Comunicaci\u00f3 Audiovisual - Campus de Gandia Ciencia - UPV Universitat Polit\u00e8cnica de Val\u00e8ncia<\/title>\n<meta name=\"robots\" content=\"index, follow, max-snippet:-1, max-image-preview:large, max-video-preview:-1\" \/>\n<link rel=\"canonical\" href=\"https:\/\/cienciagandia.webs.upv.es\/ca\/2014\/03\/investigant-en-comunicacio-audiovisual\/\" \/>\n<meta property=\"og:locale\" content=\"en_US\" \/>\n<meta property=\"og:type\" content=\"article\" \/>\n<meta property=\"og:title\" content=\"Investigant en Comunicaci\u00f3 Audiovisual - Campus de Gandia Ciencia - UPV Universitat Polit\u00e8cnica de Val\u00e8ncia\" \/>\n<meta property=\"og:description\" content=\"Podem destacar tres grans \u00e0mbits de la comunicaci\u00f3 audiovisual en els quals actualment s&#8217;estan realitzant investigacions en el Campus de Gandia de la UPV: comunicaci\u00f3 ... Llegir m\u00e9s\" \/>\n<meta property=\"og:url\" content=\"https:\/\/cienciagandia.webs.upv.es\/ca\/2014\/03\/investigant-en-comunicacio-audiovisual\/\" \/>\n<meta property=\"og:site_name\" content=\"Campus de Gandia Ciencia - UPV Universitat Polit\u00e8cnica de Val\u00e8ncia\" \/>\n<meta property=\"article:publisher\" content=\"https:\/\/www.facebook.com\/UPVCampusGandia\" \/>\n<meta property=\"article:published_time\" content=\"2014-03-28T07:52:09+00:00\" \/>\n<meta property=\"article:modified_time\" content=\"2015-01-19T11:10:35+00:00\" \/>\n<meta property=\"og:image\" content=\"https:\/\/cienciagandia.webs.upv.es\/wp-content\/uploads\/2014\/03\/caudiov.jpg\" \/>\n\t<meta property=\"og:image:width\" content=\"1440\" \/>\n\t<meta property=\"og:image:height\" content=\"500\" \/>\n\t<meta property=\"og:image:type\" content=\"image\/jpeg\" \/>\n<meta name=\"author\" content=\"JP\" \/>\n<meta name=\"twitter:card\" content=\"summary_large_image\" \/>\n<meta name=\"twitter:creator\" content=\"@UPVCampusGandia\" \/>\n<meta name=\"twitter:site\" content=\"@UPVCampusGandia\" \/>\n<meta name=\"twitter:label1\" content=\"Written by\" \/>\n\t<meta name=\"twitter:data1\" content=\"JP\" \/>\n\t<meta name=\"twitter:label2\" content=\"Est. reading time\" \/>\n\t<meta name=\"twitter:data2\" content=\"3 minutes\" \/>\n<script type=\"application\/ld+json\" class=\"yoast-schema-graph\">{\"@context\":\"https:\\\/\\\/schema.org\",\"@graph\":[{\"@type\":\"Article\",\"@id\":\"https:\\\/\\\/cienciagandia.webs.upv.es\\\/ca\\\/2014\\\/03\\\/investigant-en-comunicacio-audiovisual\\\/#article\",\"isPartOf\":{\"@id\":\"https:\\\/\\\/cienciagandia.webs.upv.es\\\/ca\\\/2014\\\/03\\\/investigant-en-comunicacio-audiovisual\\\/\"},\"author\":{\"name\":\"JP\",\"@id\":\"https:\\\/\\\/cienciagandia.webs.upv.es\\\/#\\\/schema\\\/person\\\/e5839c7b014a8c81160e23dd3edd3f1f\"},\"headline\":\"Investigant en Comunicaci\u00f3 Audiovisual\",\"datePublished\":\"2014-03-28T07:52:09+00:00\",\"dateModified\":\"2015-01-19T11:10:35+00:00\",\"mainEntityOfPage\":{\"@id\":\"https:\\\/\\\/cienciagandia.webs.upv.es\\\/ca\\\/2014\\\/03\\\/investigant-en-comunicacio-audiovisual\\\/\"},\"wordCount\":553,\"commentCount\":0,\"publisher\":{\"@id\":\"https:\\\/\\\/cienciagandia.webs.upv.es\\\/#organization\"},\"image\":{\"@id\":\"https:\\\/\\\/cienciagandia.webs.upv.es\\\/ca\\\/2014\\\/03\\\/investigant-en-comunicacio-audiovisual\\\/#primaryimage\"},\"thumbnailUrl\":\"https:\\\/\\\/cienciagandia.webs.upv.es\\\/wp-content\\\/uploads\\\/2014\\\/03\\\/audiovisual.jpg\",\"keywords\":[\"animaci\u00f3\",\"audiovisual\",\"cinema\",\"Comunica 2.0\",\"comunicaci\u00f3\",\"comunicaci\u00f3 gr\u00e0fica\",\"EPSG Media\",\"Fernando Macias\",\"Francisco Javier Pastor\",\"Francisco Zulueta\",\"gamificaci\u00f3\",\"Ganimatecnia\",\"innovaci\u00f3\",\"Jos\u00e9 Luis Gim\u00e9nez\",\"Marga Cabrera\",\"Marina Segarra\",\"multim\u00e8dia\",\"publicitat\",\"Ra\u00fal Gonz\u00e1lez\",\"Rebeca D\u00edez\",\"Social media\",\"videojocs\"],\"articleSection\":[\"Comunicaci\u00f3 Audiovisual\"],\"inLanguage\":\"ca-CA\",\"potentialAction\":[{\"@type\":\"CommentAction\",\"name\":\"Comment\",\"target\":[\"https:\\\/\\\/cienciagandia.webs.upv.es\\\/ca\\\/2014\\\/03\\\/investigant-en-comunicacio-audiovisual\\\/#respond\"]}]},{\"@type\":\"WebPage\",\"@id\":\"https:\\\/\\\/cienciagandia.webs.upv.es\\\/ca\\\/2014\\\/03\\\/investigant-en-comunicacio-audiovisual\\\/\",\"url\":\"https:\\\/\\\/cienciagandia.webs.upv.es\\\/ca\\\/2014\\\/03\\\/investigant-en-comunicacio-audiovisual\\\/\",\"name\":\"Investigant en Comunicaci\u00f3 Audiovisual - Campus de Gandia Ciencia - UPV Universitat Polit\u00e8cnica de Val\u00e8ncia\",\"isPartOf\":{\"@id\":\"https:\\\/\\\/cienciagandia.webs.upv.es\\\/#website\"},\"primaryImageOfPage\":{\"@id\":\"https:\\\/\\\/cienciagandia.webs.upv.es\\\/ca\\\/2014\\\/03\\\/investigant-en-comunicacio-audiovisual\\\/#primaryimage\"},\"image\":{\"@id\":\"https:\\\/\\\/cienciagandia.webs.upv.es\\\/ca\\\/2014\\\/03\\\/investigant-en-comunicacio-audiovisual\\\/#primaryimage\"},\"thumbnailUrl\":\"https:\\\/\\\/cienciagandia.webs.upv.es\\\/wp-content\\\/uploads\\\/2014\\\/03\\\/audiovisual.jpg\",\"datePublished\":\"2014-03-28T07:52:09+00:00\",\"dateModified\":\"2015-01-19T11:10:35+00:00\",\"breadcrumb\":{\"@id\":\"https:\\\/\\\/cienciagandia.webs.upv.es\\\/ca\\\/2014\\\/03\\\/investigant-en-comunicacio-audiovisual\\\/#breadcrumb\"},\"inLanguage\":\"ca-CA\",\"potentialAction\":[{\"@type\":\"ReadAction\",\"target\":[\"https:\\\/\\\/cienciagandia.webs.upv.es\\\/ca\\\/2014\\\/03\\\/investigant-en-comunicacio-audiovisual\\\/\"]}]},{\"@type\":\"ImageObject\",\"inLanguage\":\"ca-CA\",\"@id\":\"https:\\\/\\\/cienciagandia.webs.upv.es\\\/ca\\\/2014\\\/03\\\/investigant-en-comunicacio-audiovisual\\\/#primaryimage\",\"url\":\"https:\\\/\\\/cienciagandia.webs.upv.es\\\/wp-content\\\/uploads\\\/2014\\\/03\\\/audiovisual.jpg\",\"contentUrl\":\"https:\\\/\\\/cienciagandia.webs.upv.es\\\/wp-content\\\/uploads\\\/2014\\\/03\\\/audiovisual.jpg\",\"width\":1440,\"height\":500},{\"@type\":\"BreadcrumbList\",\"@id\":\"https:\\\/\\\/cienciagandia.webs.upv.es\\\/ca\\\/2014\\\/03\\\/investigant-en-comunicacio-audiovisual\\\/#breadcrumb\",\"itemListElement\":[{\"@type\":\"ListItem\",\"position\":1,\"name\":\"Portada\",\"item\":\"https:\\\/\\\/cienciagandia.webs.upv.es\\\/ca\\\/\"},{\"@type\":\"ListItem\",\"position\":2,\"name\":\"Investigant en Comunicaci\u00f3 Audiovisual\"}]},{\"@type\":\"WebSite\",\"@id\":\"https:\\\/\\\/cienciagandia.webs.upv.es\\\/#website\",\"url\":\"https:\\\/\\\/cienciagandia.webs.upv.es\\\/\",\"name\":\"Blog de Ciencia del Campus de Gandia de la Universitat Polit\u00e8cnica de Val\u00e8ncia UPV\",\"description\":\"Campus de Gandia Ciencia UPV\",\"publisher\":{\"@id\":\"https:\\\/\\\/cienciagandia.webs.upv.es\\\/#organization\"},\"potentialAction\":[{\"@type\":\"SearchAction\",\"target\":{\"@type\":\"EntryPoint\",\"urlTemplate\":\"https:\\\/\\\/cienciagandia.webs.upv.es\\\/?s={search_term_string}\"},\"query-input\":{\"@type\":\"PropertyValueSpecification\",\"valueRequired\":true,\"valueName\":\"search_term_string\"}}],\"inLanguage\":\"ca-CA\"},{\"@type\":\"Organization\",\"@id\":\"https:\\\/\\\/cienciagandia.webs.upv.es\\\/#organization\",\"name\":\"Campus de Gandia de la Universitat Polit\u00e8cnica de Val\u00e8ncia UPV\",\"alternateName\":\"Campus de Gandia UPV\",\"url\":\"https:\\\/\\\/cienciagandia.webs.upv.es\\\/\",\"logo\":{\"@type\":\"ImageObject\",\"inLanguage\":\"ca-CA\",\"@id\":\"https:\\\/\\\/cienciagandia.webs.upv.es\\\/#\\\/schema\\\/logo\\\/image\\\/\",\"url\":\"https:\\\/\\\/cienciagandia.webs.upv.es\\\/wp-content\\\/uploads\\\/2023\\\/10\\\/UPV-Gandia.jpg\",\"contentUrl\":\"https:\\\/\\\/cienciagandia.webs.upv.es\\\/wp-content\\\/uploads\\\/2023\\\/10\\\/UPV-Gandia.jpg\",\"width\":770,\"height\":366,\"caption\":\"Campus de Gandia de la Universitat Polit\u00e8cnica de Val\u00e8ncia UPV\"},\"image\":{\"@id\":\"https:\\\/\\\/cienciagandia.webs.upv.es\\\/#\\\/schema\\\/logo\\\/image\\\/\"},\"sameAs\":[\"https:\\\/\\\/www.facebook.com\\\/UPVCampusGandia\",\"https:\\\/\\\/x.com\\\/UPVCampusGandia\",\"https:\\\/\\\/www.instagram.com\\\/upvcampusgandia\\\/\",\"https:\\\/\\\/www.linkedin.com\\\/company\\\/upvcampusgandia\\\/\"]},{\"@type\":\"Person\",\"@id\":\"https:\\\/\\\/cienciagandia.webs.upv.es\\\/#\\\/schema\\\/person\\\/e5839c7b014a8c81160e23dd3edd3f1f\",\"name\":\"JP\",\"image\":{\"@type\":\"ImageObject\",\"inLanguage\":\"ca-CA\",\"@id\":\"https:\\\/\\\/secure.gravatar.com\\\/avatar\\\/f87e7247614a01397c805dc94eb077aa2c295664f8e3d9aec750ceabd3bac8ac?s=96&d=mm&r=g\",\"url\":\"https:\\\/\\\/secure.gravatar.com\\\/avatar\\\/f87e7247614a01397c805dc94eb077aa2c295664f8e3d9aec750ceabd3bac8ac?s=96&d=mm&r=g\",\"contentUrl\":\"https:\\\/\\\/secure.gravatar.com\\\/avatar\\\/f87e7247614a01397c805dc94eb077aa2c295664f8e3d9aec750ceabd3bac8ac?s=96&d=mm&r=g\",\"caption\":\"JP\"},\"url\":\"https:\\\/\\\/cienciagandia.webs.upv.es\\\/ca\\\/author\\\/jp\\\/\"}]}<\/script>\n<!-- \/ Yoast SEO plugin. -->","yoast_head_json":{"title":"Investigant en Comunicaci\u00f3 Audiovisual - Campus de Gandia Ciencia - UPV Universitat Polit\u00e8cnica de Val\u00e8ncia","robots":{"index":"index","follow":"follow","max-snippet":"max-snippet:-1","max-image-preview":"max-image-preview:large","max-video-preview":"max-video-preview:-1"},"canonical":"https:\/\/cienciagandia.webs.upv.es\/ca\/2014\/03\/investigant-en-comunicacio-audiovisual\/","og_locale":"en_US","og_type":"article","og_title":"Investigant en Comunicaci\u00f3 Audiovisual - Campus de Gandia Ciencia - UPV Universitat Polit\u00e8cnica de Val\u00e8ncia","og_description":"Podem destacar tres grans \u00e0mbits de la comunicaci\u00f3 audiovisual en els quals actualment s&#8217;estan realitzant investigacions en el Campus de Gandia de la UPV: comunicaci\u00f3 ... Llegir m\u00e9s","og_url":"https:\/\/cienciagandia.webs.upv.es\/ca\/2014\/03\/investigant-en-comunicacio-audiovisual\/","og_site_name":"Campus de Gandia Ciencia - UPV Universitat Polit\u00e8cnica de Val\u00e8ncia","article_publisher":"https:\/\/www.facebook.com\/UPVCampusGandia","article_published_time":"2014-03-28T07:52:09+00:00","article_modified_time":"2015-01-19T11:10:35+00:00","og_image":[{"width":1440,"height":500,"url":"https:\/\/cienciagandia.webs.upv.es\/wp-content\/uploads\/2014\/03\/caudiov.jpg","type":"image\/jpeg"}],"author":"JP","twitter_card":"summary_large_image","twitter_creator":"@UPVCampusGandia","twitter_site":"@UPVCampusGandia","twitter_misc":{"Written by":"JP","Est. reading time":"3 minutes"},"schema":{"@context":"https:\/\/schema.org","@graph":[{"@type":"Article","@id":"https:\/\/cienciagandia.webs.upv.es\/ca\/2014\/03\/investigant-en-comunicacio-audiovisual\/#article","isPartOf":{"@id":"https:\/\/cienciagandia.webs.upv.es\/ca\/2014\/03\/investigant-en-comunicacio-audiovisual\/"},"author":{"name":"JP","@id":"https:\/\/cienciagandia.webs.upv.es\/#\/schema\/person\/e5839c7b014a8c81160e23dd3edd3f1f"},"headline":"Investigant en Comunicaci\u00f3 Audiovisual","datePublished":"2014-03-28T07:52:09+00:00","dateModified":"2015-01-19T11:10:35+00:00","mainEntityOfPage":{"@id":"https:\/\/cienciagandia.webs.upv.es\/ca\/2014\/03\/investigant-en-comunicacio-audiovisual\/"},"wordCount":553,"commentCount":0,"publisher":{"@id":"https:\/\/cienciagandia.webs.upv.es\/#organization"},"image":{"@id":"https:\/\/cienciagandia.webs.upv.es\/ca\/2014\/03\/investigant-en-comunicacio-audiovisual\/#primaryimage"},"thumbnailUrl":"https:\/\/cienciagandia.webs.upv.es\/wp-content\/uploads\/2014\/03\/audiovisual.jpg","keywords":["animaci\u00f3","audiovisual","cinema","Comunica 2.0","comunicaci\u00f3","comunicaci\u00f3 gr\u00e0fica","EPSG Media","Fernando Macias","Francisco Javier Pastor","Francisco Zulueta","gamificaci\u00f3","Ganimatecnia","innovaci\u00f3","Jos\u00e9 Luis Gim\u00e9nez","Marga Cabrera","Marina Segarra","multim\u00e8dia","publicitat","Ra\u00fal Gonz\u00e1lez","Rebeca D\u00edez","Social media","videojocs"],"articleSection":["Comunicaci\u00f3 Audiovisual"],"inLanguage":"ca-CA","potentialAction":[{"@type":"CommentAction","name":"Comment","target":["https:\/\/cienciagandia.webs.upv.es\/ca\/2014\/03\/investigant-en-comunicacio-audiovisual\/#respond"]}]},{"@type":"WebPage","@id":"https:\/\/cienciagandia.webs.upv.es\/ca\/2014\/03\/investigant-en-comunicacio-audiovisual\/","url":"https:\/\/cienciagandia.webs.upv.es\/ca\/2014\/03\/investigant-en-comunicacio-audiovisual\/","name":"Investigant en Comunicaci\u00f3 Audiovisual - Campus de Gandia Ciencia - UPV Universitat Polit\u00e8cnica de Val\u00e8ncia","isPartOf":{"@id":"https:\/\/cienciagandia.webs.upv.es\/#website"},"primaryImageOfPage":{"@id":"https:\/\/cienciagandia.webs.upv.es\/ca\/2014\/03\/investigant-en-comunicacio-audiovisual\/#primaryimage"},"image":{"@id":"https:\/\/cienciagandia.webs.upv.es\/ca\/2014\/03\/investigant-en-comunicacio-audiovisual\/#primaryimage"},"thumbnailUrl":"https:\/\/cienciagandia.webs.upv.es\/wp-content\/uploads\/2014\/03\/audiovisual.jpg","datePublished":"2014-03-28T07:52:09+00:00","dateModified":"2015-01-19T11:10:35+00:00","breadcrumb":{"@id":"https:\/\/cienciagandia.webs.upv.es\/ca\/2014\/03\/investigant-en-comunicacio-audiovisual\/#breadcrumb"},"inLanguage":"ca-CA","potentialAction":[{"@type":"ReadAction","target":["https:\/\/cienciagandia.webs.upv.es\/ca\/2014\/03\/investigant-en-comunicacio-audiovisual\/"]}]},{"@type":"ImageObject","inLanguage":"ca-CA","@id":"https:\/\/cienciagandia.webs.upv.es\/ca\/2014\/03\/investigant-en-comunicacio-audiovisual\/#primaryimage","url":"https:\/\/cienciagandia.webs.upv.es\/wp-content\/uploads\/2014\/03\/audiovisual.jpg","contentUrl":"https:\/\/cienciagandia.webs.upv.es\/wp-content\/uploads\/2014\/03\/audiovisual.jpg","width":1440,"height":500},{"@type":"BreadcrumbList","@id":"https:\/\/cienciagandia.webs.upv.es\/ca\/2014\/03\/investigant-en-comunicacio-audiovisual\/#breadcrumb","itemListElement":[{"@type":"ListItem","position":1,"name":"Portada","item":"https:\/\/cienciagandia.webs.upv.es\/ca\/"},{"@type":"ListItem","position":2,"name":"Investigant en Comunicaci\u00f3 Audiovisual"}]},{"@type":"WebSite","@id":"https:\/\/cienciagandia.webs.upv.es\/#website","url":"https:\/\/cienciagandia.webs.upv.es\/","name":"Blog de Ciencia del Campus de Gandia de la Universitat Polit\u00e8cnica de Val\u00e8ncia UPV","description":"Campus de Gandia Ciencia UPV","publisher":{"@id":"https:\/\/cienciagandia.webs.upv.es\/#organization"},"potentialAction":[{"@type":"SearchAction","target":{"@type":"EntryPoint","urlTemplate":"https:\/\/cienciagandia.webs.upv.es\/?s={search_term_string}"},"query-input":{"@type":"PropertyValueSpecification","valueRequired":true,"valueName":"search_term_string"}}],"inLanguage":"ca-CA"},{"@type":"Organization","@id":"https:\/\/cienciagandia.webs.upv.es\/#organization","name":"Campus de Gandia de la Universitat Polit\u00e8cnica de Val\u00e8ncia UPV","alternateName":"Campus de Gandia UPV","url":"https:\/\/cienciagandia.webs.upv.es\/","logo":{"@type":"ImageObject","inLanguage":"ca-CA","@id":"https:\/\/cienciagandia.webs.upv.es\/#\/schema\/logo\/image\/","url":"https:\/\/cienciagandia.webs.upv.es\/wp-content\/uploads\/2023\/10\/UPV-Gandia.jpg","contentUrl":"https:\/\/cienciagandia.webs.upv.es\/wp-content\/uploads\/2023\/10\/UPV-Gandia.jpg","width":770,"height":366,"caption":"Campus de Gandia de la Universitat Polit\u00e8cnica de Val\u00e8ncia UPV"},"image":{"@id":"https:\/\/cienciagandia.webs.upv.es\/#\/schema\/logo\/image\/"},"sameAs":["https:\/\/www.facebook.com\/UPVCampusGandia","https:\/\/x.com\/UPVCampusGandia","https:\/\/www.instagram.com\/upvcampusgandia\/","https:\/\/www.linkedin.com\/company\/upvcampusgandia\/"]},{"@type":"Person","@id":"https:\/\/cienciagandia.webs.upv.es\/#\/schema\/person\/e5839c7b014a8c81160e23dd3edd3f1f","name":"JP","image":{"@type":"ImageObject","inLanguage":"ca-CA","@id":"https:\/\/secure.gravatar.com\/avatar\/f87e7247614a01397c805dc94eb077aa2c295664f8e3d9aec750ceabd3bac8ac?s=96&d=mm&r=g","url":"https:\/\/secure.gravatar.com\/avatar\/f87e7247614a01397c805dc94eb077aa2c295664f8e3d9aec750ceabd3bac8ac?s=96&d=mm&r=g","contentUrl":"https:\/\/secure.gravatar.com\/avatar\/f87e7247614a01397c805dc94eb077aa2c295664f8e3d9aec750ceabd3bac8ac?s=96&d=mm&r=g","caption":"JP"},"url":"https:\/\/cienciagandia.webs.upv.es\/ca\/author\/jp\/"}]}},"_links":{"self":[{"href":"https:\/\/cienciagandia.webs.upv.es\/ca\/wp-json\/wp\/v2\/posts\/1937","targetHints":{"allow":["GET"]}}],"collection":[{"href":"https:\/\/cienciagandia.webs.upv.es\/ca\/wp-json\/wp\/v2\/posts"}],"about":[{"href":"https:\/\/cienciagandia.webs.upv.es\/ca\/wp-json\/wp\/v2\/types\/post"}],"author":[{"embeddable":true,"href":"https:\/\/cienciagandia.webs.upv.es\/ca\/wp-json\/wp\/v2\/users\/9"}],"replies":[{"embeddable":true,"href":"https:\/\/cienciagandia.webs.upv.es\/ca\/wp-json\/wp\/v2\/comments?post=1937"}],"version-history":[{"count":3,"href":"https:\/\/cienciagandia.webs.upv.es\/ca\/wp-json\/wp\/v2\/posts\/1937\/revisions"}],"predecessor-version":[{"id":2268,"href":"https:\/\/cienciagandia.webs.upv.es\/ca\/wp-json\/wp\/v2\/posts\/1937\/revisions\/2268"}],"wp:featuredmedia":[{"embeddable":true,"href":"https:\/\/cienciagandia.webs.upv.es\/ca\/wp-json\/wp\/v2\/media\/600"}],"wp:attachment":[{"href":"https:\/\/cienciagandia.webs.upv.es\/ca\/wp-json\/wp\/v2\/media?parent=1937"}],"wp:term":[{"taxonomy":"category","embeddable":true,"href":"https:\/\/cienciagandia.webs.upv.es\/ca\/wp-json\/wp\/v2\/categories?post=1937"},{"taxonomy":"post_tag","embeddable":true,"href":"https:\/\/cienciagandia.webs.upv.es\/ca\/wp-json\/wp\/v2\/tags?post=1937"}],"curies":[{"name":"wp","href":"https:\/\/api.w.org\/{rel}","templated":true}]}}