{"id":19093,"date":"2024-04-09T16:00:18","date_gmt":"2024-04-09T14:00:18","guid":{"rendered":"https:\/\/cienciagandia.webs.upv.es\/?p=19093"},"modified":"2024-04-02T10:52:58","modified_gmt":"2024-04-02T08:52:58","slug":"intelligencia-artificial-aplicada-empreses","status":"publish","type":"post","link":"https:\/\/cienciagandia.webs.upv.es\/ca\/2024\/04\/intelligencia-artificial-aplicada-empreses\/","title":{"rendered":"Intel\u00b7lig\u00e8ncia artificial aplicada a les empreses"},"content":{"rendered":"<p>Amb la finalitat d&#8217;aportar informaci\u00f3 per a incentivar la proposta de projectes d&#8217;investigaci\u00f3 i innovaci\u00f3 col\u00b7laboratius, ARI Hub en col\u00b7laboraci\u00f3 amb el Campus de Gandia de la Universitat Polit\u00e8cnica de Val\u00e8ncia (UPV) i l&#8217;Ajuntament de Gandia, ha organitzat el V <strong>desdejuni tecnol\u00f2gic per a abordar els conceptes b\u00e0sics de la intel\u00b7lig\u00e8ncia artificial i la seua aplicaci\u00f3<\/strong> a l&#8217;entorn de les empreses i institucions.<\/p>\n<p><img loading=\"lazy\" decoding=\"async\" class=\"alignnone size-large wp-image-19058\" src=\"https:\/\/cienciagandia.webs.upv.es\/wp-content\/uploads\/2024\/04\/Cartel-V-desayuno-tecnologico-arihub-889x500.jpg\" alt=\"\" width=\"889\" height=\"500\" srcset=\"https:\/\/cienciagandia.webs.upv.es\/wp-content\/uploads\/2024\/04\/Cartel-V-desayuno-tecnologico-arihub-889x500.jpg 889w, https:\/\/cienciagandia.webs.upv.es\/wp-content\/uploads\/2024\/04\/Cartel-V-desayuno-tecnologico-arihub-444x250.jpg 444w, https:\/\/cienciagandia.webs.upv.es\/wp-content\/uploads\/2024\/04\/Cartel-V-desayuno-tecnologico-arihub-768x432.jpg 768w, https:\/\/cienciagandia.webs.upv.es\/wp-content\/uploads\/2024\/04\/Cartel-V-desayuno-tecnologico-arihub-1536x864.jpg 1536w, https:\/\/cienciagandia.webs.upv.es\/wp-content\/uploads\/2024\/04\/Cartel-V-desayuno-tecnologico-arihub-150x84.jpg 150w, https:\/\/cienciagandia.webs.upv.es\/wp-content\/uploads\/2024\/04\/Cartel-V-desayuno-tecnologico-arihub.jpg 1600w\" sizes=\"auto, (max-width: 889px) 100vw, 889px\" \/><\/p>\n<p>La Intel\u00b7lig\u00e8ncia Artificial \u00e9s una de les tecnologies que causar\u00e0 major impacte en la seua aplicaci\u00f3 al sector empresarial, i suposar\u00e0 una gran transformaci\u00f3. Aquesta innovaci\u00f3 disruptiva evoluciona r\u00e0pidament generant noves oportunitats que requereixen de la investigaci\u00f3 i de la innovaci\u00f3 per al desenvolupament de solucions tecnol\u00f2giques que n\u2019impulsen la implantaci\u00f3 en cadascun dels sectors als quals pertanyen les empreses i institucions s\u00f2cies d&#8217;ARI Hub.<\/p>\n<p>Durant la jornada es van tractar els conceptes b\u00e0sics de la Intel\u00b7lig\u00e8ncia Artificial en la seua \u00e0mplia accepci\u00f3 (incloent-hi machine learning, big data, etc.), s\u2019identificaren els camps de potencial aplicaci\u00f3 a l&#8217;entorn de les empreses i institucions ARI Hub i s\u2019analitzaren les restriccions de la seua aplicaci\u00f3 sobre dades, aportant experi\u00e8ncies de projectes reals d&#8217;aplicaci\u00f3 com a exemple inspirador per a la proposta de nous reptes i projectes.<\/p>\n<p>Aquesta sessi\u00f3 tecnol\u00f2gica s&#8217;ha desenvolupat al Campus de Gandia de la Universitat Polit\u00e8cnica de Val\u00e8ncia (UPV) i en la qual ha participat el professor i investigador del centre universitari, <a href=\"https:\/\/www.upv.es\/pls\/oalu\/sic_person.Info?p_alias=juaalol&amp;P_IDIOMA=v\" target=\"_blank\" rel=\"noopener\">Juan Miguel Alberola<\/a>, expert en intel\u00b7lig\u00e8ncia artificial. En la seua intervenci\u00f3, el professor Alberola ha sigut l&#8217;encarregat de presentar les principals aplicacions per a les empreses, avantatges i desafiaments.<\/p>\n<p><img loading=\"lazy\" decoding=\"async\" class=\"alignnone size-large wp-image-19085\" src=\"https:\/\/cienciagandia.webs.upv.es\/wp-content\/uploads\/2024\/04\/Juan-Miguel-Arberola-Arihub-4-1440x376.jpg\" alt=\"\" width=\"1440\" height=\"376\" srcset=\"https:\/\/cienciagandia.webs.upv.es\/wp-content\/uploads\/2024\/04\/Juan-Miguel-Arberola-Arihub-4-1440x376.jpg 1440w, https:\/\/cienciagandia.webs.upv.es\/wp-content\/uploads\/2024\/04\/Juan-Miguel-Arberola-Arihub-4-600x157.jpg 600w, https:\/\/cienciagandia.webs.upv.es\/wp-content\/uploads\/2024\/04\/Juan-Miguel-Arberola-Arihub-4-768x201.jpg 768w, https:\/\/cienciagandia.webs.upv.es\/wp-content\/uploads\/2024\/04\/Juan-Miguel-Arberola-Arihub-4-1536x402.jpg 1536w, https:\/\/cienciagandia.webs.upv.es\/wp-content\/uploads\/2024\/04\/Juan-Miguel-Arberola-Arihub-4-2048x535.jpg 2048w, https:\/\/cienciagandia.webs.upv.es\/wp-content\/uploads\/2024\/04\/Juan-Miguel-Arberola-Arihub-4-150x39.jpg 150w\" sizes=\"auto, (max-width: 1440px) 100vw, 1440px\" \/><\/p>\n<p>A la inauguraci\u00f3 de la jornada ha assistit l&#8217;alcalde de Gandia, Jos\u00e9 Manuel Prieto, qui ha valorat de forma molt positiva aquest tipus de trobades. \u201cSempre estarem al costat d&#8217;aquesta mena d&#8217;iniciatives, que serveixen de plataforma perqu\u00e8 les empreses puguen desenvolupar projectes innovadors que facen cr\u00e9ixer la nostra ciutat\u201d, ha apuntat. A m\u00e9s, en el cinqu\u00e8 desdejuni tecnol\u00f2gic ARI Hub tamb\u00e9 han participat Marta Armendia, Directora General de Formaci\u00f3 Professional; la secret\u00e0ria auton\u00f2mica d&#8217;Universitats, Esther G\u00f3mez; el vicerector d&#8217;Estudiants i Emprenedoria de la UPV, Alberto Conejero; Ram\u00f3n Bert\u00f3, vicepresident d&#8217;ARI HUB i Jes\u00fas Alba, el director del Campus de Gandia.<\/p>\n<p><img loading=\"lazy\" decoding=\"async\" class=\"alignnone size-large wp-image-19066\" src=\"https:\/\/cienciagandia.webs.upv.es\/wp-content\/uploads\/2024\/04\/grupo-mesa-arihub-1440x376.jpg\" alt=\"\" width=\"1440\" height=\"376\" srcset=\"https:\/\/cienciagandia.webs.upv.es\/wp-content\/uploads\/2024\/04\/grupo-mesa-arihub-1440x376.jpg 1440w, https:\/\/cienciagandia.webs.upv.es\/wp-content\/uploads\/2024\/04\/grupo-mesa-arihub-600x157.jpg 600w, https:\/\/cienciagandia.webs.upv.es\/wp-content\/uploads\/2024\/04\/grupo-mesa-arihub-768x201.jpg 768w, https:\/\/cienciagandia.webs.upv.es\/wp-content\/uploads\/2024\/04\/grupo-mesa-arihub-1536x402.jpg 1536w, https:\/\/cienciagandia.webs.upv.es\/wp-content\/uploads\/2024\/04\/grupo-mesa-arihub-2048x535.jpg 2048w, https:\/\/cienciagandia.webs.upv.es\/wp-content\/uploads\/2024\/04\/grupo-mesa-arihub-150x39.jpg 150w\" sizes=\"auto, (max-width: 1440px) 100vw, 1440px\" \/><\/p>\n<p>Al desdejuni han assistit els socis d&#8217;ARI Hub: ODEC, Tecatel, Tecnovill, VickyFoods, Universitat Polit\u00e8cnica de Val\u00e8ncia, Mancomunitat de municipis de la Safor, Guillem Export, Christeyns, Ajuntament de Vilallonga, Citrosol, Ajuntament de Gandia, i membres de les startups que participen en els programes d&#8217;incubaci\u00f3 i acceleraci\u00f3 de l&#8217;Eix Reptes d&#8217;Innovaci\u00f3 ARI Hub.<\/p>\n<p><img loading=\"lazy\" decoding=\"async\" class=\"alignnone size-large wp-image-19075\" src=\"https:\/\/cienciagandia.webs.upv.es\/wp-content\/uploads\/2024\/04\/mesa-trabajo-arihub-desayuno-1440x376.jpg\" alt=\"\" width=\"1440\" height=\"376\" srcset=\"https:\/\/cienciagandia.webs.upv.es\/wp-content\/uploads\/2024\/04\/mesa-trabajo-arihub-desayuno-1440x376.jpg 1440w, https:\/\/cienciagandia.webs.upv.es\/wp-content\/uploads\/2024\/04\/mesa-trabajo-arihub-desayuno-600x157.jpg 600w, https:\/\/cienciagandia.webs.upv.es\/wp-content\/uploads\/2024\/04\/mesa-trabajo-arihub-desayuno-768x201.jpg 768w, https:\/\/cienciagandia.webs.upv.es\/wp-content\/uploads\/2024\/04\/mesa-trabajo-arihub-desayuno-1536x402.jpg 1536w, https:\/\/cienciagandia.webs.upv.es\/wp-content\/uploads\/2024\/04\/mesa-trabajo-arihub-desayuno-2048x535.jpg 2048w, https:\/\/cienciagandia.webs.upv.es\/wp-content\/uploads\/2024\/04\/mesa-trabajo-arihub-desayuno-150x39.jpg 150w\" sizes=\"auto, (max-width: 1440px) 100vw, 1440px\" \/><\/p>\n<p><strong>Qu\u00e8 \u00e9s ARI Hub?<\/strong><\/p>\n<p>L&#8217;Agro-Rural\u00a0<a href=\"https:\/\/arihub.org\/\">Innovation Hub (ARI Hub)<\/a>\u00a0\u00e9s una iniciativa que naix a la comarca de la Safor amb l&#8217;objectiu d&#8217;impulsar projectes innovadors en l&#8217;\u00e0mbit del sector agroalimentari i enfocats en el desenvolupament rural, en el qual participa el Campus de Gandia (UPV) com a soci.<\/p>\n<p>ARI Hub s&#8217;estructura en tres eixos principals: incubadora i acceleradora per a empreses emergents, agrupaci\u00f3 d&#8217;empreses innovadores i entitat de formaci\u00f3. Eixos que tenen com a objectiu incentivar la cultura de l&#8217;emprenedoria, promocionar projectes innovadors, implicar diferents agents p\u00fablics i privats, generar sinergies i transferir coneixements.<\/p>\n<p>A m\u00e9s, recentment s&#8217;ha incorporat com a col\u00b7laborador del programa <a href=\"https:\/\/saforsalut.es\/ca\/\" target=\"_blank\" rel=\"noopener\">Safor Salut<\/a>, liderat pel Campus de Gandia.<\/p>\n<p><img loading=\"lazy\" decoding=\"async\" class=\"alignnone size-large wp-image-19078\" src=\"https:\/\/cienciagandia.webs.upv.es\/wp-content\/uploads\/2024\/04\/Foto_equipo_arihub-710x500.jpg\" alt=\"\" width=\"710\" height=\"500\" srcset=\"https:\/\/cienciagandia.webs.upv.es\/wp-content\/uploads\/2024\/04\/Foto_equipo_arihub-710x500.jpg 710w, https:\/\/cienciagandia.webs.upv.es\/wp-content\/uploads\/2024\/04\/Foto_equipo_arihub-355x250.jpg 355w, https:\/\/cienciagandia.webs.upv.es\/wp-content\/uploads\/2024\/04\/Foto_equipo_arihub-768x541.jpg 768w, https:\/\/cienciagandia.webs.upv.es\/wp-content\/uploads\/2024\/04\/Foto_equipo_arihub-1536x1081.jpg 1536w, https:\/\/cienciagandia.webs.upv.es\/wp-content\/uploads\/2024\/04\/Foto_equipo_arihub-2048x1442.jpg 2048w, https:\/\/cienciagandia.webs.upv.es\/wp-content\/uploads\/2024\/04\/Foto_equipo_arihub-150x106.jpg 150w\" sizes=\"auto, (max-width: 710px) 100vw, 710px\" \/><\/p>\n","protected":false},"excerpt":{"rendered":"<p>Amb la finalitat d&#8217;aportar informaci\u00f3 per a incentivar la proposta de projectes d&#8217;investigaci\u00f3 i innovaci\u00f3 col\u00b7laboratius, ARI Hub en col\u00b7laboraci\u00f3 amb el Campus de Gandia &#8230; <a title=\"Intel\u00b7lig\u00e8ncia artificial aplicada a les empreses\" class=\"read-more\" href=\"https:\/\/cienciagandia.webs.upv.es\/ca\/2024\/04\/intelligencia-artificial-aplicada-empreses\/\" aria-label=\"Read more about Intel\u00b7lig\u00e8ncia artificial aplicada a les empreses\">Llegir m\u00e9s<\/a><\/p>\n","protected":false},"author":11,"featured_media":19091,"comment_status":"open","ping_status":"closed","sticky":false,"template":"","format":"standard","meta":{"footnotes":""},"categories":[252],"tags":[706],"class_list":["post-19093","post","type-post","status-publish","format-standard","has-post-thumbnail","hentry","category-tecnologia","tag-destacat-ca","resize-featured-image"],"yoast_head":"<!-- This site is optimized with the Yoast SEO plugin v27.5 - https:\/\/yoast.com\/product\/yoast-seo-wordpress\/ -->\n<title>Intel\u00b7lig\u00e8ncia artificial aplicada a les empreses - Campus de Gandia Ciencia - UPV Universitat Polit\u00e8cnica de Val\u00e8ncia<\/title>\n<meta name=\"description\" content=\"ARI Hub ha organitzat el V desdejuni tecnol\u00f2gic sobre IA i la seua aplicaci\u00f3 empresarial i institucional al Campus de Gandia de la UPV.\" \/>\n<meta name=\"robots\" content=\"index, follow, max-snippet:-1, max-image-preview:large, max-video-preview:-1\" \/>\n<link rel=\"canonical\" href=\"https:\/\/cienciagandia.webs.upv.es\/ca\/2024\/04\/intelligencia-artificial-aplicada-empreses\/\" \/>\n<meta property=\"og:locale\" content=\"en_US\" \/>\n<meta property=\"og:type\" content=\"article\" \/>\n<meta property=\"og:title\" content=\"Intel\u00b7lig\u00e8ncia artificial aplicada a les empreses - Campus de Gandia Ciencia - UPV Universitat Polit\u00e8cnica de Val\u00e8ncia\" \/>\n<meta property=\"og:description\" content=\"ARI Hub ha organitzat el V desdejuni tecnol\u00f2gic sobre IA i la seua aplicaci\u00f3 empresarial i institucional al Campus de Gandia de la UPV.\" \/>\n<meta property=\"og:url\" content=\"https:\/\/cienciagandia.webs.upv.es\/ca\/2024\/04\/intelligencia-artificial-aplicada-empreses\/\" \/>\n<meta property=\"og:site_name\" content=\"Campus de Gandia Ciencia - UPV Universitat Polit\u00e8cnica de Val\u00e8ncia\" \/>\n<meta property=\"article:publisher\" content=\"https:\/\/www.facebook.com\/UPVCampusGandia\" \/>\n<meta property=\"article:published_time\" content=\"2024-04-09T14:00:18+00:00\" \/>\n<meta property=\"og:image\" content=\"https:\/\/cienciagandia.webs.upv.es\/wp-content\/uploads\/2024\/04\/desayuno-tecnologico-arihub-portada.png\" \/>\n\t<meta property=\"og:image:width\" content=\"1400\" \/>\n\t<meta property=\"og:image:height\" content=\"550\" \/>\n\t<meta property=\"og:image:type\" content=\"image\/png\" \/>\n<meta name=\"author\" content=\"Adrian\" \/>\n<meta name=\"twitter:card\" content=\"summary_large_image\" \/>\n<meta name=\"twitter:creator\" content=\"@UPVCampusGandia\" \/>\n<meta name=\"twitter:site\" content=\"@UPVCampusGandia\" \/>\n<meta name=\"twitter:label1\" content=\"Written by\" \/>\n\t<meta name=\"twitter:data1\" content=\"Adrian\" \/>\n\t<meta name=\"twitter:label2\" content=\"Est. reading time\" \/>\n\t<meta name=\"twitter:data2\" content=\"4 minutes\" \/>\n<script type=\"application\/ld+json\" class=\"yoast-schema-graph\">{\"@context\":\"https:\\\/\\\/schema.org\",\"@graph\":[{\"@type\":\"Article\",\"@id\":\"https:\\\/\\\/cienciagandia.webs.upv.es\\\/ca\\\/2024\\\/04\\\/intelligencia-artificial-aplicada-empreses\\\/#article\",\"isPartOf\":{\"@id\":\"https:\\\/\\\/cienciagandia.webs.upv.es\\\/ca\\\/2024\\\/04\\\/intelligencia-artificial-aplicada-empreses\\\/\"},\"author\":{\"name\":\"Adrian\",\"@id\":\"https:\\\/\\\/cienciagandia.webs.upv.es\\\/#\\\/schema\\\/person\\\/742fd5d9f31f95e7e2c053fd6f0bccb8\"},\"headline\":\"Intel\u00b7lig\u00e8ncia artificial aplicada a les empreses\",\"datePublished\":\"2024-04-09T14:00:18+00:00\",\"mainEntityOfPage\":{\"@id\":\"https:\\\/\\\/cienciagandia.webs.upv.es\\\/ca\\\/2024\\\/04\\\/intelligencia-artificial-aplicada-empreses\\\/\"},\"wordCount\":589,\"commentCount\":0,\"publisher\":{\"@id\":\"https:\\\/\\\/cienciagandia.webs.upv.es\\\/#organization\"},\"image\":{\"@id\":\"https:\\\/\\\/cienciagandia.webs.upv.es\\\/ca\\\/2024\\\/04\\\/intelligencia-artificial-aplicada-empreses\\\/#primaryimage\"},\"thumbnailUrl\":\"https:\\\/\\\/cienciagandia.webs.upv.es\\\/wp-content\\\/uploads\\\/2024\\\/04\\\/desayuno-tecnologico-arihub-portada.png\",\"keywords\":[\"Portada\"],\"articleSection\":[\"Tecnologia\"],\"inLanguage\":\"ca-CA\",\"potentialAction\":[{\"@type\":\"CommentAction\",\"name\":\"Comment\",\"target\":[\"https:\\\/\\\/cienciagandia.webs.upv.es\\\/ca\\\/2024\\\/04\\\/intelligencia-artificial-aplicada-empreses\\\/#respond\"]}]},{\"@type\":\"WebPage\",\"@id\":\"https:\\\/\\\/cienciagandia.webs.upv.es\\\/ca\\\/2024\\\/04\\\/intelligencia-artificial-aplicada-empreses\\\/\",\"url\":\"https:\\\/\\\/cienciagandia.webs.upv.es\\\/ca\\\/2024\\\/04\\\/intelligencia-artificial-aplicada-empreses\\\/\",\"name\":\"Intel\u00b7lig\u00e8ncia artificial aplicada a les empreses - Campus de Gandia Ciencia - UPV Universitat Polit\u00e8cnica de Val\u00e8ncia\",\"isPartOf\":{\"@id\":\"https:\\\/\\\/cienciagandia.webs.upv.es\\\/#website\"},\"primaryImageOfPage\":{\"@id\":\"https:\\\/\\\/cienciagandia.webs.upv.es\\\/ca\\\/2024\\\/04\\\/intelligencia-artificial-aplicada-empreses\\\/#primaryimage\"},\"image\":{\"@id\":\"https:\\\/\\\/cienciagandia.webs.upv.es\\\/ca\\\/2024\\\/04\\\/intelligencia-artificial-aplicada-empreses\\\/#primaryimage\"},\"thumbnailUrl\":\"https:\\\/\\\/cienciagandia.webs.upv.es\\\/wp-content\\\/uploads\\\/2024\\\/04\\\/desayuno-tecnologico-arihub-portada.png\",\"datePublished\":\"2024-04-09T14:00:18+00:00\",\"description\":\"ARI Hub ha organitzat el V desdejuni tecnol\u00f2gic sobre IA i la seua aplicaci\u00f3 empresarial i institucional al Campus de Gandia de la UPV.\",\"breadcrumb\":{\"@id\":\"https:\\\/\\\/cienciagandia.webs.upv.es\\\/ca\\\/2024\\\/04\\\/intelligencia-artificial-aplicada-empreses\\\/#breadcrumb\"},\"inLanguage\":\"ca-CA\",\"potentialAction\":[{\"@type\":\"ReadAction\",\"target\":[\"https:\\\/\\\/cienciagandia.webs.upv.es\\\/ca\\\/2024\\\/04\\\/intelligencia-artificial-aplicada-empreses\\\/\"]}]},{\"@type\":\"ImageObject\",\"inLanguage\":\"ca-CA\",\"@id\":\"https:\\\/\\\/cienciagandia.webs.upv.es\\\/ca\\\/2024\\\/04\\\/intelligencia-artificial-aplicada-empreses\\\/#primaryimage\",\"url\":\"https:\\\/\\\/cienciagandia.webs.upv.es\\\/wp-content\\\/uploads\\\/2024\\\/04\\\/desayuno-tecnologico-arihub-portada.png\",\"contentUrl\":\"https:\\\/\\\/cienciagandia.webs.upv.es\\\/wp-content\\\/uploads\\\/2024\\\/04\\\/desayuno-tecnologico-arihub-portada.png\",\"width\":1400,\"height\":550},{\"@type\":\"BreadcrumbList\",\"@id\":\"https:\\\/\\\/cienciagandia.webs.upv.es\\\/ca\\\/2024\\\/04\\\/intelligencia-artificial-aplicada-empreses\\\/#breadcrumb\",\"itemListElement\":[{\"@type\":\"ListItem\",\"position\":1,\"name\":\"Portada\",\"item\":\"https:\\\/\\\/cienciagandia.webs.upv.es\\\/ca\\\/\"},{\"@type\":\"ListItem\",\"position\":2,\"name\":\"Intel\u00b7lig\u00e8ncia artificial aplicada a les empreses\"}]},{\"@type\":\"WebSite\",\"@id\":\"https:\\\/\\\/cienciagandia.webs.upv.es\\\/#website\",\"url\":\"https:\\\/\\\/cienciagandia.webs.upv.es\\\/\",\"name\":\"Blog de Ciencia del Campus de Gandia de la Universitat Polit\u00e8cnica de Val\u00e8ncia UPV\",\"description\":\"Campus de Gandia Ciencia UPV\",\"publisher\":{\"@id\":\"https:\\\/\\\/cienciagandia.webs.upv.es\\\/#organization\"},\"potentialAction\":[{\"@type\":\"SearchAction\",\"target\":{\"@type\":\"EntryPoint\",\"urlTemplate\":\"https:\\\/\\\/cienciagandia.webs.upv.es\\\/?s={search_term_string}\"},\"query-input\":{\"@type\":\"PropertyValueSpecification\",\"valueRequired\":true,\"valueName\":\"search_term_string\"}}],\"inLanguage\":\"ca-CA\"},{\"@type\":\"Organization\",\"@id\":\"https:\\\/\\\/cienciagandia.webs.upv.es\\\/#organization\",\"name\":\"Campus de Gandia de la Universitat Polit\u00e8cnica de Val\u00e8ncia UPV\",\"alternateName\":\"Campus de Gandia UPV\",\"url\":\"https:\\\/\\\/cienciagandia.webs.upv.es\\\/\",\"logo\":{\"@type\":\"ImageObject\",\"inLanguage\":\"ca-CA\",\"@id\":\"https:\\\/\\\/cienciagandia.webs.upv.es\\\/#\\\/schema\\\/logo\\\/image\\\/\",\"url\":\"https:\\\/\\\/cienciagandia.webs.upv.es\\\/wp-content\\\/uploads\\\/2023\\\/10\\\/UPV-Gandia.jpg\",\"contentUrl\":\"https:\\\/\\\/cienciagandia.webs.upv.es\\\/wp-content\\\/uploads\\\/2023\\\/10\\\/UPV-Gandia.jpg\",\"width\":770,\"height\":366,\"caption\":\"Campus de Gandia de la Universitat Polit\u00e8cnica de Val\u00e8ncia UPV\"},\"image\":{\"@id\":\"https:\\\/\\\/cienciagandia.webs.upv.es\\\/#\\\/schema\\\/logo\\\/image\\\/\"},\"sameAs\":[\"https:\\\/\\\/www.facebook.com\\\/UPVCampusGandia\",\"https:\\\/\\\/x.com\\\/UPVCampusGandia\",\"https:\\\/\\\/www.instagram.com\\\/upvcampusgandia\\\/\",\"https:\\\/\\\/www.linkedin.com\\\/company\\\/upvcampusgandia\\\/\"]},{\"@type\":\"Person\",\"@id\":\"https:\\\/\\\/cienciagandia.webs.upv.es\\\/#\\\/schema\\\/person\\\/742fd5d9f31f95e7e2c053fd6f0bccb8\",\"name\":\"Adrian\",\"image\":{\"@type\":\"ImageObject\",\"inLanguage\":\"ca-CA\",\"@id\":\"https:\\\/\\\/secure.gravatar.com\\\/avatar\\\/38af482e48f5831dffeb8ca3b644d3d549e8f6d33a51c54f46e10fae2d11b208?s=96&d=mm&r=g\",\"url\":\"https:\\\/\\\/secure.gravatar.com\\\/avatar\\\/38af482e48f5831dffeb8ca3b644d3d549e8f6d33a51c54f46e10fae2d11b208?s=96&d=mm&r=g\",\"contentUrl\":\"https:\\\/\\\/secure.gravatar.com\\\/avatar\\\/38af482e48f5831dffeb8ca3b644d3d549e8f6d33a51c54f46e10fae2d11b208?s=96&d=mm&r=g\",\"caption\":\"Adrian\"},\"url\":\"https:\\\/\\\/cienciagandia.webs.upv.es\\\/ca\\\/author\\\/adrian\\\/\"}]}<\/script>\n<!-- \/ Yoast SEO plugin. -->","yoast_head_json":{"title":"Intel\u00b7lig\u00e8ncia artificial aplicada a les empreses - Campus de Gandia Ciencia - UPV Universitat Polit\u00e8cnica de Val\u00e8ncia","description":"ARI Hub ha organitzat el V desdejuni tecnol\u00f2gic sobre IA i la seua aplicaci\u00f3 empresarial i institucional al Campus de Gandia de la UPV.","robots":{"index":"index","follow":"follow","max-snippet":"max-snippet:-1","max-image-preview":"max-image-preview:large","max-video-preview":"max-video-preview:-1"},"canonical":"https:\/\/cienciagandia.webs.upv.es\/ca\/2024\/04\/intelligencia-artificial-aplicada-empreses\/","og_locale":"en_US","og_type":"article","og_title":"Intel\u00b7lig\u00e8ncia artificial aplicada a les empreses - Campus de Gandia Ciencia - UPV Universitat Polit\u00e8cnica de Val\u00e8ncia","og_description":"ARI Hub ha organitzat el V desdejuni tecnol\u00f2gic sobre IA i la seua aplicaci\u00f3 empresarial i institucional al Campus de Gandia de la UPV.","og_url":"https:\/\/cienciagandia.webs.upv.es\/ca\/2024\/04\/intelligencia-artificial-aplicada-empreses\/","og_site_name":"Campus de Gandia Ciencia - UPV Universitat Polit\u00e8cnica de Val\u00e8ncia","article_publisher":"https:\/\/www.facebook.com\/UPVCampusGandia","article_published_time":"2024-04-09T14:00:18+00:00","og_image":[{"width":1400,"height":550,"url":"https:\/\/cienciagandia.webs.upv.es\/wp-content\/uploads\/2024\/04\/desayuno-tecnologico-arihub-portada.png","type":"image\/png"}],"author":"Adrian","twitter_card":"summary_large_image","twitter_creator":"@UPVCampusGandia","twitter_site":"@UPVCampusGandia","twitter_misc":{"Written by":"Adrian","Est. reading time":"4 minutes"},"schema":{"@context":"https:\/\/schema.org","@graph":[{"@type":"Article","@id":"https:\/\/cienciagandia.webs.upv.es\/ca\/2024\/04\/intelligencia-artificial-aplicada-empreses\/#article","isPartOf":{"@id":"https:\/\/cienciagandia.webs.upv.es\/ca\/2024\/04\/intelligencia-artificial-aplicada-empreses\/"},"author":{"name":"Adrian","@id":"https:\/\/cienciagandia.webs.upv.es\/#\/schema\/person\/742fd5d9f31f95e7e2c053fd6f0bccb8"},"headline":"Intel\u00b7lig\u00e8ncia artificial aplicada a les empreses","datePublished":"2024-04-09T14:00:18+00:00","mainEntityOfPage":{"@id":"https:\/\/cienciagandia.webs.upv.es\/ca\/2024\/04\/intelligencia-artificial-aplicada-empreses\/"},"wordCount":589,"commentCount":0,"publisher":{"@id":"https:\/\/cienciagandia.webs.upv.es\/#organization"},"image":{"@id":"https:\/\/cienciagandia.webs.upv.es\/ca\/2024\/04\/intelligencia-artificial-aplicada-empreses\/#primaryimage"},"thumbnailUrl":"https:\/\/cienciagandia.webs.upv.es\/wp-content\/uploads\/2024\/04\/desayuno-tecnologico-arihub-portada.png","keywords":["Portada"],"articleSection":["Tecnologia"],"inLanguage":"ca-CA","potentialAction":[{"@type":"CommentAction","name":"Comment","target":["https:\/\/cienciagandia.webs.upv.es\/ca\/2024\/04\/intelligencia-artificial-aplicada-empreses\/#respond"]}]},{"@type":"WebPage","@id":"https:\/\/cienciagandia.webs.upv.es\/ca\/2024\/04\/intelligencia-artificial-aplicada-empreses\/","url":"https:\/\/cienciagandia.webs.upv.es\/ca\/2024\/04\/intelligencia-artificial-aplicada-empreses\/","name":"Intel\u00b7lig\u00e8ncia artificial aplicada a les empreses - Campus de Gandia Ciencia - UPV Universitat Polit\u00e8cnica de Val\u00e8ncia","isPartOf":{"@id":"https:\/\/cienciagandia.webs.upv.es\/#website"},"primaryImageOfPage":{"@id":"https:\/\/cienciagandia.webs.upv.es\/ca\/2024\/04\/intelligencia-artificial-aplicada-empreses\/#primaryimage"},"image":{"@id":"https:\/\/cienciagandia.webs.upv.es\/ca\/2024\/04\/intelligencia-artificial-aplicada-empreses\/#primaryimage"},"thumbnailUrl":"https:\/\/cienciagandia.webs.upv.es\/wp-content\/uploads\/2024\/04\/desayuno-tecnologico-arihub-portada.png","datePublished":"2024-04-09T14:00:18+00:00","description":"ARI Hub ha organitzat el V desdejuni tecnol\u00f2gic sobre IA i la seua aplicaci\u00f3 empresarial i institucional al Campus de Gandia de la UPV.","breadcrumb":{"@id":"https:\/\/cienciagandia.webs.upv.es\/ca\/2024\/04\/intelligencia-artificial-aplicada-empreses\/#breadcrumb"},"inLanguage":"ca-CA","potentialAction":[{"@type":"ReadAction","target":["https:\/\/cienciagandia.webs.upv.es\/ca\/2024\/04\/intelligencia-artificial-aplicada-empreses\/"]}]},{"@type":"ImageObject","inLanguage":"ca-CA","@id":"https:\/\/cienciagandia.webs.upv.es\/ca\/2024\/04\/intelligencia-artificial-aplicada-empreses\/#primaryimage","url":"https:\/\/cienciagandia.webs.upv.es\/wp-content\/uploads\/2024\/04\/desayuno-tecnologico-arihub-portada.png","contentUrl":"https:\/\/cienciagandia.webs.upv.es\/wp-content\/uploads\/2024\/04\/desayuno-tecnologico-arihub-portada.png","width":1400,"height":550},{"@type":"BreadcrumbList","@id":"https:\/\/cienciagandia.webs.upv.es\/ca\/2024\/04\/intelligencia-artificial-aplicada-empreses\/#breadcrumb","itemListElement":[{"@type":"ListItem","position":1,"name":"Portada","item":"https:\/\/cienciagandia.webs.upv.es\/ca\/"},{"@type":"ListItem","position":2,"name":"Intel\u00b7lig\u00e8ncia artificial aplicada a les empreses"}]},{"@type":"WebSite","@id":"https:\/\/cienciagandia.webs.upv.es\/#website","url":"https:\/\/cienciagandia.webs.upv.es\/","name":"Blog de Ciencia del Campus de Gandia de la Universitat Polit\u00e8cnica de Val\u00e8ncia UPV","description":"Campus de Gandia Ciencia UPV","publisher":{"@id":"https:\/\/cienciagandia.webs.upv.es\/#organization"},"potentialAction":[{"@type":"SearchAction","target":{"@type":"EntryPoint","urlTemplate":"https:\/\/cienciagandia.webs.upv.es\/?s={search_term_string}"},"query-input":{"@type":"PropertyValueSpecification","valueRequired":true,"valueName":"search_term_string"}}],"inLanguage":"ca-CA"},{"@type":"Organization","@id":"https:\/\/cienciagandia.webs.upv.es\/#organization","name":"Campus de Gandia de la Universitat Polit\u00e8cnica de Val\u00e8ncia UPV","alternateName":"Campus de Gandia UPV","url":"https:\/\/cienciagandia.webs.upv.es\/","logo":{"@type":"ImageObject","inLanguage":"ca-CA","@id":"https:\/\/cienciagandia.webs.upv.es\/#\/schema\/logo\/image\/","url":"https:\/\/cienciagandia.webs.upv.es\/wp-content\/uploads\/2023\/10\/UPV-Gandia.jpg","contentUrl":"https:\/\/cienciagandia.webs.upv.es\/wp-content\/uploads\/2023\/10\/UPV-Gandia.jpg","width":770,"height":366,"caption":"Campus de Gandia de la Universitat Polit\u00e8cnica de Val\u00e8ncia UPV"},"image":{"@id":"https:\/\/cienciagandia.webs.upv.es\/#\/schema\/logo\/image\/"},"sameAs":["https:\/\/www.facebook.com\/UPVCampusGandia","https:\/\/x.com\/UPVCampusGandia","https:\/\/www.instagram.com\/upvcampusgandia\/","https:\/\/www.linkedin.com\/company\/upvcampusgandia\/"]},{"@type":"Person","@id":"https:\/\/cienciagandia.webs.upv.es\/#\/schema\/person\/742fd5d9f31f95e7e2c053fd6f0bccb8","name":"Adrian","image":{"@type":"ImageObject","inLanguage":"ca-CA","@id":"https:\/\/secure.gravatar.com\/avatar\/38af482e48f5831dffeb8ca3b644d3d549e8f6d33a51c54f46e10fae2d11b208?s=96&d=mm&r=g","url":"https:\/\/secure.gravatar.com\/avatar\/38af482e48f5831dffeb8ca3b644d3d549e8f6d33a51c54f46e10fae2d11b208?s=96&d=mm&r=g","contentUrl":"https:\/\/secure.gravatar.com\/avatar\/38af482e48f5831dffeb8ca3b644d3d549e8f6d33a51c54f46e10fae2d11b208?s=96&d=mm&r=g","caption":"Adrian"},"url":"https:\/\/cienciagandia.webs.upv.es\/ca\/author\/adrian\/"}]}},"_links":{"self":[{"href":"https:\/\/cienciagandia.webs.upv.es\/ca\/wp-json\/wp\/v2\/posts\/19093","targetHints":{"allow":["GET"]}}],"collection":[{"href":"https:\/\/cienciagandia.webs.upv.es\/ca\/wp-json\/wp\/v2\/posts"}],"about":[{"href":"https:\/\/cienciagandia.webs.upv.es\/ca\/wp-json\/wp\/v2\/types\/post"}],"author":[{"embeddable":true,"href":"https:\/\/cienciagandia.webs.upv.es\/ca\/wp-json\/wp\/v2\/users\/11"}],"replies":[{"embeddable":true,"href":"https:\/\/cienciagandia.webs.upv.es\/ca\/wp-json\/wp\/v2\/comments?post=19093"}],"version-history":[{"count":6,"href":"https:\/\/cienciagandia.webs.upv.es\/ca\/wp-json\/wp\/v2\/posts\/19093\/revisions"}],"predecessor-version":[{"id":19106,"href":"https:\/\/cienciagandia.webs.upv.es\/ca\/wp-json\/wp\/v2\/posts\/19093\/revisions\/19106"}],"wp:featuredmedia":[{"embeddable":true,"href":"https:\/\/cienciagandia.webs.upv.es\/ca\/wp-json\/wp\/v2\/media\/19091"}],"wp:attachment":[{"href":"https:\/\/cienciagandia.webs.upv.es\/ca\/wp-json\/wp\/v2\/media?parent=19093"}],"wp:term":[{"taxonomy":"category","embeddable":true,"href":"https:\/\/cienciagandia.webs.upv.es\/ca\/wp-json\/wp\/v2\/categories?post=19093"},{"taxonomy":"post_tag","embeddable":true,"href":"https:\/\/cienciagandia.webs.upv.es\/ca\/wp-json\/wp\/v2\/tags?post=19093"}],"curies":[{"name":"wp","href":"https:\/\/api.w.org\/{rel}","templated":true}]}}