{"id":18395,"date":"2023-12-12T16:00:54","date_gmt":"2023-12-12T15:00:54","guid":{"rendered":"https:\/\/cienciagandia.webs.upv.es\/?p=18395"},"modified":"2023-12-04T13:05:24","modified_gmt":"2023-12-04T12:05:24","slug":"renovacio-conveni-safor-salut-quatre-anys-mes","status":"publish","type":"post","link":"https:\/\/cienciagandia.webs.upv.es\/ca\/2023\/12\/renovacio-conveni-safor-salut-quatre-anys-mes\/","title":{"rendered":"Renovaci\u00f3 del conveni Safor Salut per quatre anys m\u00e9s"},"content":{"rendered":"<p>El conveni de col\u00b7laboraci\u00f3 del programa <a href=\"https:\/\/saforsalut.es\/ca\/\" target=\"_blank\" rel=\"noopener\">Safor Salut<\/a> s&#8217;ha renovat per quatre anys m\u00e9s, un <strong>programa de cooperaci\u00f3 entre agents clau del sistema valenci\u00e0 d&#8217;innovaci\u00f3 en salut en l&#8217;\u00e0rea territorial de la Safor<\/strong> i el seu entorn.<\/p>\n<p>Aquests agents comprenen Fisabio juntament amb el Departament de Salut de Gandia i amb l&#8217;HACLE La Pedrera de D\u00e9nia, el Campus de Gandia de la Universitat Polit\u00e8cnica de Val\u00e8ncia (UPV) i la Federaci\u00f3 d&#8217;Associacions d&#8217;Empresaris de la Safor (FAES).<\/p>\n<p><img loading=\"lazy\" decoding=\"async\" class=\"alignnone size-large wp-image-18381\" src=\"https:\/\/cienciagandia.webs.upv.es\/wp-content\/uploads\/2023\/12\/Foto-firma-adenda-convenio-667x500.jpg\" alt=\"\" width=\"667\" height=\"500\" srcset=\"https:\/\/cienciagandia.webs.upv.es\/wp-content\/uploads\/2023\/12\/Foto-firma-adenda-convenio-667x500.jpg 667w, https:\/\/cienciagandia.webs.upv.es\/wp-content\/uploads\/2023\/12\/Foto-firma-adenda-convenio-333x250.jpg 333w, https:\/\/cienciagandia.webs.upv.es\/wp-content\/uploads\/2023\/12\/Foto-firma-adenda-convenio-768x576.jpg 768w, https:\/\/cienciagandia.webs.upv.es\/wp-content\/uploads\/2023\/12\/Foto-firma-adenda-convenio-1536x1152.jpg 1536w, https:\/\/cienciagandia.webs.upv.es\/wp-content\/uploads\/2023\/12\/Foto-firma-adenda-convenio-2048x1536.jpg 2048w, https:\/\/cienciagandia.webs.upv.es\/wp-content\/uploads\/2023\/12\/Foto-firma-adenda-convenio-150x113.jpg 150w\" sizes=\"auto, (max-width: 667px) 100vw, 667px\" \/><\/p>\n<p>A m\u00e9s, Safor Salut compta amb la col\u00b7laboraci\u00f3 d&#8217;institucions, associacions de persones, pacients i ajuntaments, amb la finalitat de desenvolupar en cooperaci\u00f3 innovaci\u00f3 en productes i serveis. Aix\u00ed, el principal objectiu d&#8217;aquest conveni que ara es renova \u00e9s generar idees i projectes d&#8217;innovaci\u00f3 en l&#8217;\u00e0mbit sanitari susceptibles de <strong>generar nous productes i serveis innovadors<\/strong>.<\/p>\n<p>L&#8217;acte de signatura va tenir lloc a l&#8217;Hospital Universitari Francesc de Borja de Gandia, amb l&#8217;assist\u00e8ncia de la gerent de Fisabio, M\u00f3nica Pont; el vicepresident de FAES, Ram\u00f3n Soler; el director del Campus de Gandia de la UPV, <a href=\"https:\/\/www.upv.es\/pls\/oalu\/sic_person.Info?p_alias=jesalba&amp;P_IDIOMA=v\">Jes\u00fas Alba<\/a>; el gerent del Departament de Salut de Gandia, Pedro Roll\u00e1n; el director de l&#8217;HACLE de La Pedrera, Jaume Morera i l&#8217;equip t\u00e8cnic del programa Safor Salut.<\/p>\n<p><img loading=\"lazy\" decoding=\"async\" class=\"alignnone size-large wp-image-18384\" src=\"https:\/\/cienciagandia.webs.upv.es\/wp-content\/uploads\/2023\/12\/Foto-firma-adenda-convenio-2-667x500.jpg\" alt=\"\" width=\"667\" height=\"500\" srcset=\"https:\/\/cienciagandia.webs.upv.es\/wp-content\/uploads\/2023\/12\/Foto-firma-adenda-convenio-2-667x500.jpg 667w, https:\/\/cienciagandia.webs.upv.es\/wp-content\/uploads\/2023\/12\/Foto-firma-adenda-convenio-2-333x250.jpg 333w, https:\/\/cienciagandia.webs.upv.es\/wp-content\/uploads\/2023\/12\/Foto-firma-adenda-convenio-2-768x576.jpg 768w, https:\/\/cienciagandia.webs.upv.es\/wp-content\/uploads\/2023\/12\/Foto-firma-adenda-convenio-2-1536x1152.jpg 1536w, https:\/\/cienciagandia.webs.upv.es\/wp-content\/uploads\/2023\/12\/Foto-firma-adenda-convenio-2-2048x1536.jpg 2048w, https:\/\/cienciagandia.webs.upv.es\/wp-content\/uploads\/2023\/12\/Foto-firma-adenda-convenio-2-150x113.jpg 150w\" sizes=\"auto, (max-width: 667px) 100vw, 667px\" \/><\/p>\n<p>El principal objectiu del programa \u00e9s la col\u00b7laboraci\u00f3 per a la <strong>generaci\u00f3 d&#8217;idees i projectes innovadors en l&#8217;\u00e0mbit sanitari<\/strong>. La signatura del conveni suposa la continu\u00eftat d&#8217;aquest programa de cooperaci\u00f3 gr\u00e0cies al qual s&#8217;estan gestant importants projectes d&#8217;innovaci\u00f3.<\/p>\n<p>Amb aix\u00f2, s&#8217;enforteix i promociona la cooperaci\u00f3 en recerca i desenvolupament entre el teixit industrial, el tecnol\u00f2gic, el sanitari i el social de l&#8217;\u00e0rea territorial de la comarca de la Safor i el seu entorn.<\/p>\n<p>El programa compta amb el suport de l&#8217;Ag\u00e8ncia\u00a0 Valenciana d&#8217;Innovaci\u00f3\u00a0 (AVI).<\/p>\n<p><strong>NOVES IDEES I REPTES<\/strong><\/p>\n<p>Si tens una\u00a0idea de projecte i necessites un soci de l&#8217;entorn sanitari, universitari, empresarial o social per a dur-lo a terme, introdueix la teua idea en\u00a0<a href=\"https:\/\/saforsalut.es\/ideas-retos\">saforsalut.es\/ideas-retos<\/a>\u00a0i t&#8217;ajudarem a trobar-lo. A m\u00e9s, <strong>pots veure les idees introdu\u00efdes<\/strong> i participar activament col\u00b7laborant en la seua posada en marxa.<\/p>\n<hr \/>\n<p><strong>EQUIP SAFOR SALUT<\/strong><\/p>\n<p><img loading=\"lazy\" decoding=\"async\" class=\"alignnone size-large wp-image-18388\" src=\"https:\/\/cienciagandia.webs.upv.es\/wp-content\/uploads\/2023\/12\/Foto-equipo-noviembre-2023-446x500.png\" alt=\"\" width=\"446\" height=\"500\" srcset=\"https:\/\/cienciagandia.webs.upv.es\/wp-content\/uploads\/2023\/12\/Foto-equipo-noviembre-2023-446x500.png 446w, https:\/\/cienciagandia.webs.upv.es\/wp-content\/uploads\/2023\/12\/Foto-equipo-noviembre-2023-223x250.png 223w, https:\/\/cienciagandia.webs.upv.es\/wp-content\/uploads\/2023\/12\/Foto-equipo-noviembre-2023-768x860.png 768w, https:\/\/cienciagandia.webs.upv.es\/wp-content\/uploads\/2023\/12\/Foto-equipo-noviembre-2023-134x150.png 134w, https:\/\/cienciagandia.webs.upv.es\/wp-content\/uploads\/2023\/12\/Foto-equipo-noviembre-2023.png 1022w\" sizes=\"auto, (max-width: 446px) 100vw, 446px\" \/><\/p>\n<p><a href=\"https:\/\/www.upv.es\/contenidos\/CGANDIA\/index-va.html\">Campus de Gandia (UPV)<\/a>:\u00a0Pilar S\u00e1nchez\u00a0|\u00a0<a href=\"mailto:psanche@upv.es\">psanche@upv.es<\/a><\/p>\n<p><a href=\"http:\/\/fisabio.san.gva.es\/inicio\">FISABIO<\/a>:\u00a0Mar\u00eda Prada\u00a0|\u00a0<a href=\"mailto:maria.prada@fisabio.es\">maria.prada@fisabio.es<\/a> ,\u00a0Amparo Arlandis\u00a0|\u00a0 <a href=\"mailto:amparo.arlandis@fisabio.es\">amparo.arlandis@fisabio.es<\/a><\/p>\n<p><a href=\"http:\/\/www.faesafor.com\/es\/\">Empresas-FAES<\/a>:\u00a0Josep Miquel Juan\u00a0|\u00a0<a href=\"mailto:mjuan@cev.es\">mjuan@cev.es<\/a> , Fina L\u00f3pez |\u00a0<a href=\"mailto:finalopez@faesafor.com\">finalopez@faesafor.com<\/a><\/p>\n<p><img loading=\"lazy\" decoding=\"async\" class=\"alignnone wp-image-18087 size-medium\" src=\"https:\/\/cienciagandia.webs.upv.es\/wp-content\/uploads\/2023\/10\/Banner-logos-socios-e1696422843765-600x61.png\" alt=\"\" width=\"600\" height=\"61\" srcset=\"https:\/\/cienciagandia.webs.upv.es\/wp-content\/uploads\/2023\/10\/Banner-logos-socios-e1696422843765-600x61.png 600w, https:\/\/cienciagandia.webs.upv.es\/wp-content\/uploads\/2023\/10\/Banner-logos-socios-e1696422843765-1440x147.png 1440w, https:\/\/cienciagandia.webs.upv.es\/wp-content\/uploads\/2023\/10\/Banner-logos-socios-e1696422843765-768x78.png 768w, https:\/\/cienciagandia.webs.upv.es\/wp-content\/uploads\/2023\/10\/Banner-logos-socios-e1696422843765-150x15.png 150w, https:\/\/cienciagandia.webs.upv.es\/wp-content\/uploads\/2023\/10\/Banner-logos-socios-e1696422843765.png 1503w\" sizes=\"auto, (max-width: 600px) 100vw, 600px\" \/><\/p>\n<p><strong>Col\u00b7labora<\/strong><\/p>\n<p><img loading=\"lazy\" decoding=\"async\" class=\"alignnone wp-image-18090 size-medium\" src=\"https:\/\/cienciagandia.webs.upv.es\/wp-content\/uploads\/2023\/10\/BANNER-LOGOSCOLAB-SAFOR-SALUT-scaled-e1696422924833-600x58.jpg\" alt=\"\" width=\"600\" height=\"58\" srcset=\"https:\/\/cienciagandia.webs.upv.es\/wp-content\/uploads\/2023\/10\/BANNER-LOGOSCOLAB-SAFOR-SALUT-scaled-e1696422924833-600x58.jpg 600w, https:\/\/cienciagandia.webs.upv.es\/wp-content\/uploads\/2023\/10\/BANNER-LOGOSCOLAB-SAFOR-SALUT-scaled-e1696422924833-1440x138.jpg 1440w, https:\/\/cienciagandia.webs.upv.es\/wp-content\/uploads\/2023\/10\/BANNER-LOGOSCOLAB-SAFOR-SALUT-scaled-e1696422924833-768x74.jpg 768w, https:\/\/cienciagandia.webs.upv.es\/wp-content\/uploads\/2023\/10\/BANNER-LOGOSCOLAB-SAFOR-SALUT-scaled-e1696422924833-1536x147.jpg 1536w, https:\/\/cienciagandia.webs.upv.es\/wp-content\/uploads\/2023\/10\/BANNER-LOGOSCOLAB-SAFOR-SALUT-scaled-e1696422924833-2048x196.jpg 2048w, https:\/\/cienciagandia.webs.upv.es\/wp-content\/uploads\/2023\/10\/BANNER-LOGOSCOLAB-SAFOR-SALUT-scaled-e1696422924833-150x14.jpg 150w\" sizes=\"auto, (max-width: 600px) 100vw, 600px\" \/><\/p>\n<p><img loading=\"lazy\" decoding=\"async\" class=\"alignnone wp-image-18093 size-medium\" src=\"https:\/\/cienciagandia.webs.upv.es\/wp-content\/uploads\/2023\/10\/DistritoReditCEV-e1696423246728-600x76.png\" alt=\"\" width=\"600\" height=\"76\" srcset=\"https:\/\/cienciagandia.webs.upv.es\/wp-content\/uploads\/2023\/10\/DistritoReditCEV-e1696423246728-600x76.png 600w, https:\/\/cienciagandia.webs.upv.es\/wp-content\/uploads\/2023\/10\/DistritoReditCEV-e1696423246728-1440x183.png 1440w, https:\/\/cienciagandia.webs.upv.es\/wp-content\/uploads\/2023\/10\/DistritoReditCEV-e1696423246728-768x98.png 768w, https:\/\/cienciagandia.webs.upv.es\/wp-content\/uploads\/2023\/10\/DistritoReditCEV-e1696423246728-1536x195.png 1536w, https:\/\/cienciagandia.webs.upv.es\/wp-content\/uploads\/2023\/10\/DistritoReditCEV-e1696423246728-150x19.png 150w, https:\/\/cienciagandia.webs.upv.es\/wp-content\/uploads\/2023\/10\/DistritoReditCEV-e1696423246728.png 1851w\" sizes=\"auto, (max-width: 600px) 100vw, 600px\" \/><\/p>\n<p><strong>Projecte finan\u00e7at per<\/strong><\/p>\n<p><img loading=\"lazy\" decoding=\"async\" class=\"alignnone wp-image-18096 size-medium\" src=\"https:\/\/cienciagandia.webs.upv.es\/wp-content\/uploads\/2023\/10\/logo-UE_FEDER_21_27_convivencia_AVI-600x55.png\" alt=\"\" width=\"600\" height=\"55\" srcset=\"https:\/\/cienciagandia.webs.upv.es\/wp-content\/uploads\/2023\/10\/logo-UE_FEDER_21_27_convivencia_AVI-600x55.png 600w, https:\/\/cienciagandia.webs.upv.es\/wp-content\/uploads\/2023\/10\/logo-UE_FEDER_21_27_convivencia_AVI-1440x133.png 1440w, https:\/\/cienciagandia.webs.upv.es\/wp-content\/uploads\/2023\/10\/logo-UE_FEDER_21_27_convivencia_AVI-768x71.png 768w, https:\/\/cienciagandia.webs.upv.es\/wp-content\/uploads\/2023\/10\/logo-UE_FEDER_21_27_convivencia_AVI-1536x142.png 1536w, https:\/\/cienciagandia.webs.upv.es\/wp-content\/uploads\/2023\/10\/logo-UE_FEDER_21_27_convivencia_AVI-2048x189.png 2048w, https:\/\/cienciagandia.webs.upv.es\/wp-content\/uploads\/2023\/10\/logo-UE_FEDER_21_27_convivencia_AVI-150x14.png 150w\" sizes=\"auto, (max-width: 600px) 100vw, 600px\" \/><\/p>\n","protected":false},"excerpt":{"rendered":"<p>El conveni de col\u00b7laboraci\u00f3 del programa Safor Salut s&#8217;ha renovat per quatre anys m\u00e9s, un programa de cooperaci\u00f3 entre agents clau del sistema valenci\u00e0 d&#8217;innovaci\u00f3 &#8230; <a title=\"Renovaci\u00f3 del conveni Safor Salut per quatre anys m\u00e9s\" class=\"read-more\" href=\"https:\/\/cienciagandia.webs.upv.es\/ca\/2023\/12\/renovacio-conveni-safor-salut-quatre-anys-mes\/\" aria-label=\"Read more about Renovaci\u00f3 del conveni Safor Salut per quatre anys m\u00e9s\">Llegir m\u00e9s<\/a><\/p>\n","protected":false},"author":11,"featured_media":18392,"comment_status":"open","ping_status":"closed","sticky":false,"template":"","format":"standard","meta":{"footnotes":""},"categories":[1154],"tags":[706],"class_list":["post-18395","post","type-post","status-publish","format-standard","has-post-thumbnail","hentry","category-safor-salut","tag-destacat-ca","resize-featured-image"],"yoast_head":"<!-- This site is optimized with the Yoast SEO plugin v27.5 - https:\/\/yoast.com\/product\/yoast-seo-wordpress\/ -->\n<title>Renovaci\u00f3 del conveni Safor Salut per quatre anys m\u00e9s - Campus de Gandia Ciencia - UPV Universitat Polit\u00e8cnica de Val\u00e8ncia<\/title>\n<meta name=\"description\" content=\"El conveni de col\u00b7laboraci\u00f3 del programa Safor Salut es renova per quatre anys m\u00e9s per a continuar fomentant la cooperaci\u00f3 entre agents clau del sistema valenci\u00e0 d&#039;innovaci\u00f3 en salut en l&#039;\u00e0rea territorial de La Safor i el seu entorn.\" \/>\n<meta name=\"robots\" content=\"index, follow, max-snippet:-1, max-image-preview:large, max-video-preview:-1\" \/>\n<link rel=\"canonical\" href=\"https:\/\/cienciagandia.webs.upv.es\/ca\/2023\/12\/renovacio-conveni-safor-salut-quatre-anys-mes\/\" \/>\n<meta property=\"og:locale\" content=\"en_US\" \/>\n<meta property=\"og:type\" content=\"article\" \/>\n<meta property=\"og:title\" content=\"Renovaci\u00f3 del conveni Safor Salut per quatre anys m\u00e9s - Campus de Gandia Ciencia - UPV Universitat Polit\u00e8cnica de Val\u00e8ncia\" \/>\n<meta property=\"og:description\" content=\"El conveni de col\u00b7laboraci\u00f3 del programa Safor Salut es renova per quatre anys m\u00e9s per a continuar fomentant la cooperaci\u00f3 entre agents clau del sistema valenci\u00e0 d&#039;innovaci\u00f3 en salut en l&#039;\u00e0rea territorial de La Safor i el seu entorn.\" \/>\n<meta property=\"og:url\" content=\"https:\/\/cienciagandia.webs.upv.es\/ca\/2023\/12\/renovacio-conveni-safor-salut-quatre-anys-mes\/\" \/>\n<meta property=\"og:site_name\" content=\"Campus de Gandia Ciencia - UPV Universitat Polit\u00e8cnica de Val\u00e8ncia\" \/>\n<meta property=\"article:publisher\" content=\"https:\/\/www.facebook.com\/UPVCampusGandia\" \/>\n<meta property=\"article:published_time\" content=\"2023-12-12T15:00:54+00:00\" \/>\n<meta property=\"og:image\" content=\"https:\/\/cienciagandia.webs.upv.es\/wp-content\/uploads\/2023\/12\/PORTADA-BLOG.png\" \/>\n\t<meta property=\"og:image:width\" content=\"1400\" \/>\n\t<meta property=\"og:image:height\" content=\"550\" \/>\n\t<meta property=\"og:image:type\" content=\"image\/png\" \/>\n<meta name=\"author\" content=\"Adrian\" \/>\n<meta name=\"twitter:card\" content=\"summary_large_image\" \/>\n<meta name=\"twitter:creator\" content=\"@UPVCampusGandia\" \/>\n<meta name=\"twitter:site\" content=\"@UPVCampusGandia\" \/>\n<meta name=\"twitter:label1\" content=\"Written by\" \/>\n\t<meta name=\"twitter:data1\" content=\"Adrian\" \/>\n\t<meta name=\"twitter:label2\" content=\"Est. reading time\" \/>\n\t<meta name=\"twitter:data2\" content=\"4 minutes\" \/>\n<script type=\"application\/ld+json\" class=\"yoast-schema-graph\">{\"@context\":\"https:\\\/\\\/schema.org\",\"@graph\":[{\"@type\":\"Article\",\"@id\":\"https:\\\/\\\/cienciagandia.webs.upv.es\\\/ca\\\/2023\\\/12\\\/renovacio-conveni-safor-salut-quatre-anys-mes\\\/#article\",\"isPartOf\":{\"@id\":\"https:\\\/\\\/cienciagandia.webs.upv.es\\\/ca\\\/2023\\\/12\\\/renovacio-conveni-safor-salut-quatre-anys-mes\\\/\"},\"author\":{\"name\":\"Adrian\",\"@id\":\"https:\\\/\\\/cienciagandia.webs.upv.es\\\/#\\\/schema\\\/person\\\/742fd5d9f31f95e7e2c053fd6f0bccb8\"},\"headline\":\"Renovaci\u00f3 del conveni Safor Salut per quatre anys m\u00e9s\",\"datePublished\":\"2023-12-12T15:00:54+00:00\",\"mainEntityOfPage\":{\"@id\":\"https:\\\/\\\/cienciagandia.webs.upv.es\\\/ca\\\/2023\\\/12\\\/renovacio-conveni-safor-salut-quatre-anys-mes\\\/\"},\"wordCount\":438,\"commentCount\":0,\"publisher\":{\"@id\":\"https:\\\/\\\/cienciagandia.webs.upv.es\\\/#organization\"},\"image\":{\"@id\":\"https:\\\/\\\/cienciagandia.webs.upv.es\\\/ca\\\/2023\\\/12\\\/renovacio-conveni-safor-salut-quatre-anys-mes\\\/#primaryimage\"},\"thumbnailUrl\":\"https:\\\/\\\/cienciagandia.webs.upv.es\\\/wp-content\\\/uploads\\\/2023\\\/12\\\/PORTADA-BLOG.png\",\"keywords\":[\"Portada\"],\"articleSection\":[\"Safor Salut\"],\"inLanguage\":\"ca-CA\",\"potentialAction\":[{\"@type\":\"CommentAction\",\"name\":\"Comment\",\"target\":[\"https:\\\/\\\/cienciagandia.webs.upv.es\\\/ca\\\/2023\\\/12\\\/renovacio-conveni-safor-salut-quatre-anys-mes\\\/#respond\"]}]},{\"@type\":\"WebPage\",\"@id\":\"https:\\\/\\\/cienciagandia.webs.upv.es\\\/ca\\\/2023\\\/12\\\/renovacio-conveni-safor-salut-quatre-anys-mes\\\/\",\"url\":\"https:\\\/\\\/cienciagandia.webs.upv.es\\\/ca\\\/2023\\\/12\\\/renovacio-conveni-safor-salut-quatre-anys-mes\\\/\",\"name\":\"Renovaci\u00f3 del conveni Safor Salut per quatre anys m\u00e9s - Campus de Gandia Ciencia - UPV Universitat Polit\u00e8cnica de Val\u00e8ncia\",\"isPartOf\":{\"@id\":\"https:\\\/\\\/cienciagandia.webs.upv.es\\\/#website\"},\"primaryImageOfPage\":{\"@id\":\"https:\\\/\\\/cienciagandia.webs.upv.es\\\/ca\\\/2023\\\/12\\\/renovacio-conveni-safor-salut-quatre-anys-mes\\\/#primaryimage\"},\"image\":{\"@id\":\"https:\\\/\\\/cienciagandia.webs.upv.es\\\/ca\\\/2023\\\/12\\\/renovacio-conveni-safor-salut-quatre-anys-mes\\\/#primaryimage\"},\"thumbnailUrl\":\"https:\\\/\\\/cienciagandia.webs.upv.es\\\/wp-content\\\/uploads\\\/2023\\\/12\\\/PORTADA-BLOG.png\",\"datePublished\":\"2023-12-12T15:00:54+00:00\",\"description\":\"El conveni de col\u00b7laboraci\u00f3 del programa Safor Salut es renova per quatre anys m\u00e9s per a continuar fomentant la cooperaci\u00f3 entre agents clau del sistema valenci\u00e0 d'innovaci\u00f3 en salut en l'\u00e0rea territorial de La Safor i el seu entorn.\",\"breadcrumb\":{\"@id\":\"https:\\\/\\\/cienciagandia.webs.upv.es\\\/ca\\\/2023\\\/12\\\/renovacio-conveni-safor-salut-quatre-anys-mes\\\/#breadcrumb\"},\"inLanguage\":\"ca-CA\",\"potentialAction\":[{\"@type\":\"ReadAction\",\"target\":[\"https:\\\/\\\/cienciagandia.webs.upv.es\\\/ca\\\/2023\\\/12\\\/renovacio-conveni-safor-salut-quatre-anys-mes\\\/\"]}]},{\"@type\":\"ImageObject\",\"inLanguage\":\"ca-CA\",\"@id\":\"https:\\\/\\\/cienciagandia.webs.upv.es\\\/ca\\\/2023\\\/12\\\/renovacio-conveni-safor-salut-quatre-anys-mes\\\/#primaryimage\",\"url\":\"https:\\\/\\\/cienciagandia.webs.upv.es\\\/wp-content\\\/uploads\\\/2023\\\/12\\\/PORTADA-BLOG.png\",\"contentUrl\":\"https:\\\/\\\/cienciagandia.webs.upv.es\\\/wp-content\\\/uploads\\\/2023\\\/12\\\/PORTADA-BLOG.png\",\"width\":1400,\"height\":550},{\"@type\":\"BreadcrumbList\",\"@id\":\"https:\\\/\\\/cienciagandia.webs.upv.es\\\/ca\\\/2023\\\/12\\\/renovacio-conveni-safor-salut-quatre-anys-mes\\\/#breadcrumb\",\"itemListElement\":[{\"@type\":\"ListItem\",\"position\":1,\"name\":\"Portada\",\"item\":\"https:\\\/\\\/cienciagandia.webs.upv.es\\\/ca\\\/\"},{\"@type\":\"ListItem\",\"position\":2,\"name\":\"Renovaci\u00f3 del conveni Safor Salut per quatre anys m\u00e9s\"}]},{\"@type\":\"WebSite\",\"@id\":\"https:\\\/\\\/cienciagandia.webs.upv.es\\\/#website\",\"url\":\"https:\\\/\\\/cienciagandia.webs.upv.es\\\/\",\"name\":\"Blog de Ciencia del Campus de Gandia de la Universitat Polit\u00e8cnica de Val\u00e8ncia UPV\",\"description\":\"Campus de Gandia Ciencia UPV\",\"publisher\":{\"@id\":\"https:\\\/\\\/cienciagandia.webs.upv.es\\\/#organization\"},\"potentialAction\":[{\"@type\":\"SearchAction\",\"target\":{\"@type\":\"EntryPoint\",\"urlTemplate\":\"https:\\\/\\\/cienciagandia.webs.upv.es\\\/?s={search_term_string}\"},\"query-input\":{\"@type\":\"PropertyValueSpecification\",\"valueRequired\":true,\"valueName\":\"search_term_string\"}}],\"inLanguage\":\"ca-CA\"},{\"@type\":\"Organization\",\"@id\":\"https:\\\/\\\/cienciagandia.webs.upv.es\\\/#organization\",\"name\":\"Campus de Gandia de la Universitat Polit\u00e8cnica de Val\u00e8ncia UPV\",\"alternateName\":\"Campus de Gandia UPV\",\"url\":\"https:\\\/\\\/cienciagandia.webs.upv.es\\\/\",\"logo\":{\"@type\":\"ImageObject\",\"inLanguage\":\"ca-CA\",\"@id\":\"https:\\\/\\\/cienciagandia.webs.upv.es\\\/#\\\/schema\\\/logo\\\/image\\\/\",\"url\":\"https:\\\/\\\/cienciagandia.webs.upv.es\\\/wp-content\\\/uploads\\\/2023\\\/10\\\/UPV-Gandia.jpg\",\"contentUrl\":\"https:\\\/\\\/cienciagandia.webs.upv.es\\\/wp-content\\\/uploads\\\/2023\\\/10\\\/UPV-Gandia.jpg\",\"width\":770,\"height\":366,\"caption\":\"Campus de Gandia de la Universitat Polit\u00e8cnica de Val\u00e8ncia UPV\"},\"image\":{\"@id\":\"https:\\\/\\\/cienciagandia.webs.upv.es\\\/#\\\/schema\\\/logo\\\/image\\\/\"},\"sameAs\":[\"https:\\\/\\\/www.facebook.com\\\/UPVCampusGandia\",\"https:\\\/\\\/x.com\\\/UPVCampusGandia\",\"https:\\\/\\\/www.instagram.com\\\/upvcampusgandia\\\/\",\"https:\\\/\\\/www.linkedin.com\\\/company\\\/upvcampusgandia\\\/\"]},{\"@type\":\"Person\",\"@id\":\"https:\\\/\\\/cienciagandia.webs.upv.es\\\/#\\\/schema\\\/person\\\/742fd5d9f31f95e7e2c053fd6f0bccb8\",\"name\":\"Adrian\",\"image\":{\"@type\":\"ImageObject\",\"inLanguage\":\"ca-CA\",\"@id\":\"https:\\\/\\\/secure.gravatar.com\\\/avatar\\\/38af482e48f5831dffeb8ca3b644d3d549e8f6d33a51c54f46e10fae2d11b208?s=96&d=mm&r=g\",\"url\":\"https:\\\/\\\/secure.gravatar.com\\\/avatar\\\/38af482e48f5831dffeb8ca3b644d3d549e8f6d33a51c54f46e10fae2d11b208?s=96&d=mm&r=g\",\"contentUrl\":\"https:\\\/\\\/secure.gravatar.com\\\/avatar\\\/38af482e48f5831dffeb8ca3b644d3d549e8f6d33a51c54f46e10fae2d11b208?s=96&d=mm&r=g\",\"caption\":\"Adrian\"},\"url\":\"https:\\\/\\\/cienciagandia.webs.upv.es\\\/ca\\\/author\\\/adrian\\\/\"}]}<\/script>\n<!-- \/ Yoast SEO plugin. -->","yoast_head_json":{"title":"Renovaci\u00f3 del conveni Safor Salut per quatre anys m\u00e9s - Campus de Gandia Ciencia - UPV Universitat Polit\u00e8cnica de Val\u00e8ncia","description":"El conveni de col\u00b7laboraci\u00f3 del programa Safor Salut es renova per quatre anys m\u00e9s per a continuar fomentant la cooperaci\u00f3 entre agents clau del sistema valenci\u00e0 d'innovaci\u00f3 en salut en l'\u00e0rea territorial de La Safor i el seu entorn.","robots":{"index":"index","follow":"follow","max-snippet":"max-snippet:-1","max-image-preview":"max-image-preview:large","max-video-preview":"max-video-preview:-1"},"canonical":"https:\/\/cienciagandia.webs.upv.es\/ca\/2023\/12\/renovacio-conveni-safor-salut-quatre-anys-mes\/","og_locale":"en_US","og_type":"article","og_title":"Renovaci\u00f3 del conveni Safor Salut per quatre anys m\u00e9s - Campus de Gandia Ciencia - UPV Universitat Polit\u00e8cnica de Val\u00e8ncia","og_description":"El conveni de col\u00b7laboraci\u00f3 del programa Safor Salut es renova per quatre anys m\u00e9s per a continuar fomentant la cooperaci\u00f3 entre agents clau del sistema valenci\u00e0 d'innovaci\u00f3 en salut en l'\u00e0rea territorial de La Safor i el seu entorn.","og_url":"https:\/\/cienciagandia.webs.upv.es\/ca\/2023\/12\/renovacio-conveni-safor-salut-quatre-anys-mes\/","og_site_name":"Campus de Gandia Ciencia - UPV Universitat Polit\u00e8cnica de Val\u00e8ncia","article_publisher":"https:\/\/www.facebook.com\/UPVCampusGandia","article_published_time":"2023-12-12T15:00:54+00:00","og_image":[{"width":1400,"height":550,"url":"https:\/\/cienciagandia.webs.upv.es\/wp-content\/uploads\/2023\/12\/PORTADA-BLOG.png","type":"image\/png"}],"author":"Adrian","twitter_card":"summary_large_image","twitter_creator":"@UPVCampusGandia","twitter_site":"@UPVCampusGandia","twitter_misc":{"Written by":"Adrian","Est. reading time":"4 minutes"},"schema":{"@context":"https:\/\/schema.org","@graph":[{"@type":"Article","@id":"https:\/\/cienciagandia.webs.upv.es\/ca\/2023\/12\/renovacio-conveni-safor-salut-quatre-anys-mes\/#article","isPartOf":{"@id":"https:\/\/cienciagandia.webs.upv.es\/ca\/2023\/12\/renovacio-conveni-safor-salut-quatre-anys-mes\/"},"author":{"name":"Adrian","@id":"https:\/\/cienciagandia.webs.upv.es\/#\/schema\/person\/742fd5d9f31f95e7e2c053fd6f0bccb8"},"headline":"Renovaci\u00f3 del conveni Safor Salut per quatre anys m\u00e9s","datePublished":"2023-12-12T15:00:54+00:00","mainEntityOfPage":{"@id":"https:\/\/cienciagandia.webs.upv.es\/ca\/2023\/12\/renovacio-conveni-safor-salut-quatre-anys-mes\/"},"wordCount":438,"commentCount":0,"publisher":{"@id":"https:\/\/cienciagandia.webs.upv.es\/#organization"},"image":{"@id":"https:\/\/cienciagandia.webs.upv.es\/ca\/2023\/12\/renovacio-conveni-safor-salut-quatre-anys-mes\/#primaryimage"},"thumbnailUrl":"https:\/\/cienciagandia.webs.upv.es\/wp-content\/uploads\/2023\/12\/PORTADA-BLOG.png","keywords":["Portada"],"articleSection":["Safor Salut"],"inLanguage":"ca-CA","potentialAction":[{"@type":"CommentAction","name":"Comment","target":["https:\/\/cienciagandia.webs.upv.es\/ca\/2023\/12\/renovacio-conveni-safor-salut-quatre-anys-mes\/#respond"]}]},{"@type":"WebPage","@id":"https:\/\/cienciagandia.webs.upv.es\/ca\/2023\/12\/renovacio-conveni-safor-salut-quatre-anys-mes\/","url":"https:\/\/cienciagandia.webs.upv.es\/ca\/2023\/12\/renovacio-conveni-safor-salut-quatre-anys-mes\/","name":"Renovaci\u00f3 del conveni Safor Salut per quatre anys m\u00e9s - Campus de Gandia Ciencia - UPV Universitat Polit\u00e8cnica de Val\u00e8ncia","isPartOf":{"@id":"https:\/\/cienciagandia.webs.upv.es\/#website"},"primaryImageOfPage":{"@id":"https:\/\/cienciagandia.webs.upv.es\/ca\/2023\/12\/renovacio-conveni-safor-salut-quatre-anys-mes\/#primaryimage"},"image":{"@id":"https:\/\/cienciagandia.webs.upv.es\/ca\/2023\/12\/renovacio-conveni-safor-salut-quatre-anys-mes\/#primaryimage"},"thumbnailUrl":"https:\/\/cienciagandia.webs.upv.es\/wp-content\/uploads\/2023\/12\/PORTADA-BLOG.png","datePublished":"2023-12-12T15:00:54+00:00","description":"El conveni de col\u00b7laboraci\u00f3 del programa Safor Salut es renova per quatre anys m\u00e9s per a continuar fomentant la cooperaci\u00f3 entre agents clau del sistema valenci\u00e0 d'innovaci\u00f3 en salut en l'\u00e0rea territorial de La Safor i el seu entorn.","breadcrumb":{"@id":"https:\/\/cienciagandia.webs.upv.es\/ca\/2023\/12\/renovacio-conveni-safor-salut-quatre-anys-mes\/#breadcrumb"},"inLanguage":"ca-CA","potentialAction":[{"@type":"ReadAction","target":["https:\/\/cienciagandia.webs.upv.es\/ca\/2023\/12\/renovacio-conveni-safor-salut-quatre-anys-mes\/"]}]},{"@type":"ImageObject","inLanguage":"ca-CA","@id":"https:\/\/cienciagandia.webs.upv.es\/ca\/2023\/12\/renovacio-conveni-safor-salut-quatre-anys-mes\/#primaryimage","url":"https:\/\/cienciagandia.webs.upv.es\/wp-content\/uploads\/2023\/12\/PORTADA-BLOG.png","contentUrl":"https:\/\/cienciagandia.webs.upv.es\/wp-content\/uploads\/2023\/12\/PORTADA-BLOG.png","width":1400,"height":550},{"@type":"BreadcrumbList","@id":"https:\/\/cienciagandia.webs.upv.es\/ca\/2023\/12\/renovacio-conveni-safor-salut-quatre-anys-mes\/#breadcrumb","itemListElement":[{"@type":"ListItem","position":1,"name":"Portada","item":"https:\/\/cienciagandia.webs.upv.es\/ca\/"},{"@type":"ListItem","position":2,"name":"Renovaci\u00f3 del conveni Safor Salut per quatre anys m\u00e9s"}]},{"@type":"WebSite","@id":"https:\/\/cienciagandia.webs.upv.es\/#website","url":"https:\/\/cienciagandia.webs.upv.es\/","name":"Blog de Ciencia del Campus de Gandia de la Universitat Polit\u00e8cnica de Val\u00e8ncia UPV","description":"Campus de Gandia Ciencia UPV","publisher":{"@id":"https:\/\/cienciagandia.webs.upv.es\/#organization"},"potentialAction":[{"@type":"SearchAction","target":{"@type":"EntryPoint","urlTemplate":"https:\/\/cienciagandia.webs.upv.es\/?s={search_term_string}"},"query-input":{"@type":"PropertyValueSpecification","valueRequired":true,"valueName":"search_term_string"}}],"inLanguage":"ca-CA"},{"@type":"Organization","@id":"https:\/\/cienciagandia.webs.upv.es\/#organization","name":"Campus de Gandia de la Universitat Polit\u00e8cnica de Val\u00e8ncia UPV","alternateName":"Campus de Gandia UPV","url":"https:\/\/cienciagandia.webs.upv.es\/","logo":{"@type":"ImageObject","inLanguage":"ca-CA","@id":"https:\/\/cienciagandia.webs.upv.es\/#\/schema\/logo\/image\/","url":"https:\/\/cienciagandia.webs.upv.es\/wp-content\/uploads\/2023\/10\/UPV-Gandia.jpg","contentUrl":"https:\/\/cienciagandia.webs.upv.es\/wp-content\/uploads\/2023\/10\/UPV-Gandia.jpg","width":770,"height":366,"caption":"Campus de Gandia de la Universitat Polit\u00e8cnica de Val\u00e8ncia UPV"},"image":{"@id":"https:\/\/cienciagandia.webs.upv.es\/#\/schema\/logo\/image\/"},"sameAs":["https:\/\/www.facebook.com\/UPVCampusGandia","https:\/\/x.com\/UPVCampusGandia","https:\/\/www.instagram.com\/upvcampusgandia\/","https:\/\/www.linkedin.com\/company\/upvcampusgandia\/"]},{"@type":"Person","@id":"https:\/\/cienciagandia.webs.upv.es\/#\/schema\/person\/742fd5d9f31f95e7e2c053fd6f0bccb8","name":"Adrian","image":{"@type":"ImageObject","inLanguage":"ca-CA","@id":"https:\/\/secure.gravatar.com\/avatar\/38af482e48f5831dffeb8ca3b644d3d549e8f6d33a51c54f46e10fae2d11b208?s=96&d=mm&r=g","url":"https:\/\/secure.gravatar.com\/avatar\/38af482e48f5831dffeb8ca3b644d3d549e8f6d33a51c54f46e10fae2d11b208?s=96&d=mm&r=g","contentUrl":"https:\/\/secure.gravatar.com\/avatar\/38af482e48f5831dffeb8ca3b644d3d549e8f6d33a51c54f46e10fae2d11b208?s=96&d=mm&r=g","caption":"Adrian"},"url":"https:\/\/cienciagandia.webs.upv.es\/ca\/author\/adrian\/"}]}},"_links":{"self":[{"href":"https:\/\/cienciagandia.webs.upv.es\/ca\/wp-json\/wp\/v2\/posts\/18395","targetHints":{"allow":["GET"]}}],"collection":[{"href":"https:\/\/cienciagandia.webs.upv.es\/ca\/wp-json\/wp\/v2\/posts"}],"about":[{"href":"https:\/\/cienciagandia.webs.upv.es\/ca\/wp-json\/wp\/v2\/types\/post"}],"author":[{"embeddable":true,"href":"https:\/\/cienciagandia.webs.upv.es\/ca\/wp-json\/wp\/v2\/users\/11"}],"replies":[{"embeddable":true,"href":"https:\/\/cienciagandia.webs.upv.es\/ca\/wp-json\/wp\/v2\/comments?post=18395"}],"version-history":[{"count":1,"href":"https:\/\/cienciagandia.webs.upv.es\/ca\/wp-json\/wp\/v2\/posts\/18395\/revisions"}],"predecessor-version":[{"id":18396,"href":"https:\/\/cienciagandia.webs.upv.es\/ca\/wp-json\/wp\/v2\/posts\/18395\/revisions\/18396"}],"wp:featuredmedia":[{"embeddable":true,"href":"https:\/\/cienciagandia.webs.upv.es\/ca\/wp-json\/wp\/v2\/media\/18392"}],"wp:attachment":[{"href":"https:\/\/cienciagandia.webs.upv.es\/ca\/wp-json\/wp\/v2\/media?parent=18395"}],"wp:term":[{"taxonomy":"category","embeddable":true,"href":"https:\/\/cienciagandia.webs.upv.es\/ca\/wp-json\/wp\/v2\/categories?post=18395"},{"taxonomy":"post_tag","embeddable":true,"href":"https:\/\/cienciagandia.webs.upv.es\/ca\/wp-json\/wp\/v2\/tags?post=18395"}],"curies":[{"name":"wp","href":"https:\/\/api.w.org\/{rel}","templated":true}]}}