{"id":18172,"date":"2023-10-17T16:02:33","date_gmt":"2023-10-17T14:02:33","guid":{"rendered":"https:\/\/cienciagandia.webs.upv.es\/?p=18172"},"modified":"2023-10-17T16:03:07","modified_gmt":"2023-10-17T14:03:07","slug":"campus-de-gandia-focus-nacional-investigacio-oceanografica","status":"publish","type":"post","link":"https:\/\/cienciagandia.webs.upv.es\/ca\/2023\/10\/campus-de-gandia-focus-nacional-investigacio-oceanografica\/","title":{"rendered":"El Campus de Gandia, focus nacional de la investigaci\u00f3 oceanogr\u00e1fica"},"content":{"rendered":"<p>L&#8217;Institut Espanyol d&#8217;Oceanografia (IEO), que pertany al Centre Superior d&#8217;Investigacions Cient\u00edfiques (CSIC), construir\u00e0 un nou centre d&#8217;investigaci\u00f3 a Gandia que aprofitar\u00e0 la traject\u00f2ria d&#8217;\u00e8xit de la Unitat Mixta en Tecnologia per a Estudis Marins (UTEM), que conformen l&#8217;IEO i el Campus de Gandia de la Universitat Polit\u00e8cnica de Val\u00e8ncia (UPV), des de fa 13 anys.<\/p>\n<p><img loading=\"lazy\" decoding=\"async\" class=\"alignnone wp-image-18150 size-large\" src=\"https:\/\/cienciagandia.webs.upv.es\/wp-content\/uploads\/2023\/10\/VisitaMorantFotos-625x500.jpg\" alt=\"\" width=\"625\" height=\"500\" srcset=\"https:\/\/cienciagandia.webs.upv.es\/wp-content\/uploads\/2023\/10\/VisitaMorantFotos-625x500.jpg 625w, https:\/\/cienciagandia.webs.upv.es\/wp-content\/uploads\/2023\/10\/VisitaMorantFotos-313x250.jpg 313w, https:\/\/cienciagandia.webs.upv.es\/wp-content\/uploads\/2023\/10\/VisitaMorantFotos-768x614.jpg 768w, https:\/\/cienciagandia.webs.upv.es\/wp-content\/uploads\/2023\/10\/VisitaMorantFotos-1536x1229.jpg 1536w, https:\/\/cienciagandia.webs.upv.es\/wp-content\/uploads\/2023\/10\/VisitaMorantFotos-150x120.jpg 150w, https:\/\/cienciagandia.webs.upv.es\/wp-content\/uploads\/2023\/10\/VisitaMorantFotos.jpg 2000w\" sizes=\"auto, (max-width: 625px) 100vw, 625px\" \/><\/p>\n<p>Aix\u00ed ho va anunciar la ministra de Ci\u00e8ncia i Innovaci\u00f3 en funcions del govern d&#8217;Espanya, Diana Morant, que va detallar que el termini previst per a la seua construcci\u00f3 s&#8217;iniciaria en 2024, amb la finalitat que estiga operatiu en 2025. Aix\u00ed mateix, va concretar que aquest centre tindr\u00e0 un cost de 16 milions d&#8217;euros i comportar\u00e0 la incorporaci\u00f3 de 50 noves persones entre personal investigador, t\u00e8cnic i administratiu.<\/p>\n<p><iframe loading=\"lazy\" style=\"border: none; overflow: hidden;\" src=\"https:\/\/www.facebook.com\/plugins\/video.php?height=314&amp;href=https%3A%2F%2Fwww.facebook.com%2Fjosemanuelprietopart%2Fvideos%2F286914220820375%2F&amp;show_text=false&amp;width=560&amp;t=0\" width=\"560\" height=\"314\" frameborder=\"0\" scrolling=\"no\" allowfullscreen=\"allowfullscreen\" data-mce-fragment=\"1\"><\/iframe><\/p>\n<p>Morant va avan\u00e7ar aquesta informaci\u00f3 durant la seua visita a les instal\u00b7lacions de Gandia, a la Unitat Mixta d&#8217;Investigaci\u00f3 que conformen l&#8217;IEO juntament amb la UPV. La ministra va assenyalar que aquest centre \u201caprofitar\u00e0 tota la traject\u00f2ria d&#8217;\u00e8xit de la Unitat Mixta en Tecnologia per a Estudis Marins entre l&#8217;Institut Espanyol d&#8217;Oceanografia i la Universitat Polit\u00e8cnica de Val\u00e8ncia, que porta 13 anys desenvolupant el seu treball a Gandia i \u00e9s la m\u00e9s antiga de l&#8217;IEO-CSIC a Espanya\u201d.<\/p>\n<audio class=\"wp-audio-shortcode\" id=\"audio-18172-1\" preload=\"none\" style=\"width: 100%;\" controls=\"controls\"><source type=\"audio\/mpeg\" src=\"https:\/\/cienciagandia.webs.upv.es\/wp-content\/uploads\/2023\/10\/1696574781433_1696574783_audio_128.mp3?_=1\" \/><a href=\"https:\/\/cienciagandia.webs.upv.es\/wp-content\/uploads\/2023\/10\/1696574781433_1696574783_audio_128.mp3\">https:\/\/cienciagandia.webs.upv.es\/wp-content\/uploads\/2023\/10\/1696574781433_1696574783_audio_128.mp3<\/a><\/audio>\n<p><span style=\"color: #808080;\">Declaracions de Diana Morant, Ministra de Ci\u00e8ncia i Innovaci\u00f3, a la Cadena Ser.<\/span><\/p>\n<p>Morant va estar acompanyada en la visita de l&#8217;alcalde de Gandia, Jos\u00e9 Manuel Prieto; la delegada del Govern, Pilar Bernab\u00e9; la presidenta del CSIC, Elo\u00edsa del Pi; el vicerector d&#8217;Estudiants i Emprenedoria de la UPV, Alberto Conejero; el director del Campus Gandia de la UPV, Jesus Alba; i el director de l&#8217;IEO-CSIC, Javier Ruiz; entre altres autoritats.<\/p>\n<p><img loading=\"lazy\" decoding=\"async\" class=\"alignnone wp-image-18161 size-large\" src=\"https:\/\/cienciagandia.webs.upv.es\/wp-content\/uploads\/2023\/10\/Foto-reunion-750x500.jpg\" alt=\"\" width=\"750\" height=\"500\" srcset=\"https:\/\/cienciagandia.webs.upv.es\/wp-content\/uploads\/2023\/10\/Foto-reunion-750x500.jpg 750w, https:\/\/cienciagandia.webs.upv.es\/wp-content\/uploads\/2023\/10\/Foto-reunion-375x250.jpg 375w, https:\/\/cienciagandia.webs.upv.es\/wp-content\/uploads\/2023\/10\/Foto-reunion-768x512.jpg 768w, https:\/\/cienciagandia.webs.upv.es\/wp-content\/uploads\/2023\/10\/Foto-reunion-1536x1024.jpg 1536w, https:\/\/cienciagandia.webs.upv.es\/wp-content\/uploads\/2023\/10\/Foto-reunion-150x100.jpg 150w, https:\/\/cienciagandia.webs.upv.es\/wp-content\/uploads\/2023\/10\/Foto-reunion.jpg 2048w\" sizes=\"auto, (max-width: 750px) 100vw, 750px\" \/><\/p>\n<p>L&#8217;alcalde tamb\u00e9 va destacar que l&#8217;anunci posiciona a Gandia com un \u201creferent en investigaci\u00f3 en l&#8217;\u00e0mbit nacional\u201d al mateix temps que transformem el port.<\/p>\n<audio class=\"wp-audio-shortcode\" id=\"audio-18172-2\" preload=\"none\" style=\"width: 100%;\" controls=\"controls\"><source type=\"audio\/mpeg\" src=\"https:\/\/cienciagandia.webs.upv.es\/wp-content\/uploads\/2023\/10\/1696574918144_1696574920_audio_128.mp3?_=2\" \/><a href=\"https:\/\/cienciagandia.webs.upv.es\/wp-content\/uploads\/2023\/10\/1696574918144_1696574920_audio_128.mp3\">https:\/\/cienciagandia.webs.upv.es\/wp-content\/uploads\/2023\/10\/1696574918144_1696574920_audio_128.mp3<\/a><\/audio>\n<p><span style=\"color: #808080;\">Declaracions de Jose Manuel Prieto, alcalde de Gandia, a la Cadena Ser.<\/span><\/p>\n<p>En l&#8217;actualitat, hi ha 9 centres de l&#8217;IEO en tota Espanya que treballen en xarxa, i aquest nou projectat es convertir\u00e0 en el primer a la Comunitat Valenciana.<\/p>\n<p><strong>Nova etapa<\/strong><\/p>\n<p>El rector de la UPV, Jos\u00e9 E. Capilla, va indicar en con\u00e8ixer-se l&#8217;anunci que \u201cel pr\u00f2xim establiment de la seu de l&#8217;IEO a Gandia suposa un impuls a la ci\u00e8ncia en la Comunitat Valenciana i un reconeixement de la fruct\u00edfera activitat de la unitat mixta UPV-IEO durant tretze anys. Obri una nova etapa per al nostre campus de Gandia perqu\u00e8 potenciar\u00e0 la formaci\u00f3, la investigaci\u00f3 i la innovaci\u00f3 en l&#8217;\u00e0mbit de les ci\u00e8ncies de la mar i l&#8217;oceanografia, en els quals la UPV compta amb un grup significatiu i excel\u00b7lent de professorat\u201d.<\/p>\n<p><strong>Multiplicar la capacitat investigadora<\/strong><\/p>\n<p>Per part seua, el director del Campus de Gandia, <a href=\"http:\/\/www.upv.es\/pls\/oalu\/sic_person.Info?p_alias=jesalba&amp;P_IDIOMA=v\">Jes\u00fas Alba<\/a>, va destacar que aquesta novetat ve a corroborar la \u201cgran tasca\u201d realitzada aquests anys al Campus, i va advertir que amb aquest projecte s&#8217;aconseguir\u00e0 \u201cmultiplicar la seua capacitat investigadora\u201d. Alba va afegir que aquesta \u00e9s \u201cuna gran not\u00edcia per a Gandia, per a la Safor, per a la UPV, per a l&#8217;IEO, per\u00f2 sobretot per als nostres fills i filles, que veuran potenciat la protecci\u00f3 dels mars i oceans que heretaran\u201d.<\/p>\n<p><strong>Instal\u00b7lacions dedicades a la investigaci\u00f3 marina<\/strong><\/p>\n<p>Al mar\u00e7 de 2022, <a href=\"https:\/\/cienciagandia.webs.upv.es\/ca\/2022\/05\/mes-instal%c2%b7lacions-per-a-la-investigacio-marina\/\">la UPV i l&#8217;Autoritat Portu\u00e0ria de Val\u00e8ncia (APV) van signar un conveni<\/a> per a l&#8217;ocupaci\u00f3, per part de la universitat, dels magatzems portuaris fruiters 6, 7 i 8. Aquest espai, que compta amb m\u00e9s de 900 m\u00b2 de superf\u00edcie, permetr\u00e0 l&#8217;ampliaci\u00f3 i millora de les instal\u00b7lacions universit\u00e0ries dedicades a la investigaci\u00f3 marina, que en aquests moments est\u00e0 realitzant els tr\u00e0mits per a l&#8217;execuci\u00f3 del projecte de condicionament dels nous espais.<\/p>\n<p>Aix\u00ed mateix, aquestes instal\u00b7lacions constitueixen la seu de la Unitat Mixta d&#8217;Investigaci\u00f3 en Tecnologia per a Estudis Marins. Aquesta seu va iniciar la seua activitat l&#8217;any 2010 amb la finalitat d&#8217;aprofitar les sinergies sorgides a partir dels interessos d&#8217;investigaci\u00f3 de l&#8217;IEO i les capacitats tecnol\u00f2giques dels grups de la UPV. Des de la qual es desenvolupen projectes i actuacions conjuntes a fi de promoure l&#8217;oceanografia, el medi ambient mar\u00ed i l&#8217;\u00fas eficient i sostenible dels recursos pesquers i aq\u00fc\u00edcoles.<\/p>\n<hr \/>\n<p>Font: \u00c0rea de comunicaci\u00f3 de la Universitat Polit\u00e8cnica de Val\u00e8ncia<\/p>\n","protected":false},"excerpt":{"rendered":"<p>L&#8217;Institut Espanyol d&#8217;Oceanografia (IEO), que pertany al Centre Superior d&#8217;Investigacions Cient\u00edfiques (CSIC), construir\u00e0 un nou centre d&#8217;investigaci\u00f3 a Gandia que aprofitar\u00e0 la traject\u00f2ria d&#8217;\u00e8xit de &#8230; <a title=\"El Campus de Gandia, focus nacional de la investigaci\u00f3 oceanogr\u00e1fica\" class=\"read-more\" href=\"https:\/\/cienciagandia.webs.upv.es\/ca\/2023\/10\/campus-de-gandia-focus-nacional-investigacio-oceanografica\/\" aria-label=\"Read more about El Campus de Gandia, focus nacional de la investigaci\u00f3 oceanogr\u00e1fica\">Llegir m\u00e9s<\/a><\/p>\n","protected":false},"author":11,"featured_media":18134,"comment_status":"open","ping_status":"closed","sticky":false,"template":"","format":"standard","meta":{"footnotes":""},"categories":[246],"tags":[706],"class_list":["post-18172","post","type-post","status-publish","format-standard","has-post-thumbnail","hentry","category-ambientals","tag-destacat-ca","resize-featured-image"],"yoast_head":"<!-- This site is optimized with the Yoast SEO plugin v27.5 - https:\/\/yoast.com\/product\/yoast-seo-wordpress\/ -->\n<title>El Campus de Gandia, focus nacional de la investigaci\u00f3 oceanogr\u00e1fica - Campus de Gandia Ciencia - UPV Universitat Polit\u00e8cnica de Val\u00e8ncia<\/title>\n<meta name=\"description\" content=\"La ministra de Ci\u00e8ncia i Innovaci\u00f3, Diana Morant, anuncia un nou centre d&#039;investigaci\u00f3 oceanogr\u00e0fica a Gandia.\" \/>\n<meta name=\"robots\" content=\"index, follow, max-snippet:-1, max-image-preview:large, max-video-preview:-1\" \/>\n<link rel=\"canonical\" href=\"https:\/\/cienciagandia.webs.upv.es\/ca\/2023\/10\/campus-de-gandia-focus-nacional-investigacio-oceanografica\/\" \/>\n<meta property=\"og:locale\" content=\"en_US\" \/>\n<meta property=\"og:type\" content=\"article\" \/>\n<meta property=\"og:title\" content=\"El Campus de Gandia, focus nacional de la investigaci\u00f3 oceanogr\u00e1fica - Campus de Gandia Ciencia - UPV Universitat Polit\u00e8cnica de Val\u00e8ncia\" \/>\n<meta property=\"og:description\" content=\"La ministra de Ci\u00e8ncia i Innovaci\u00f3, Diana Morant, anuncia un nou centre d&#039;investigaci\u00f3 oceanogr\u00e0fica a Gandia.\" \/>\n<meta property=\"og:url\" content=\"https:\/\/cienciagandia.webs.upv.es\/ca\/2023\/10\/campus-de-gandia-focus-nacional-investigacio-oceanografica\/\" \/>\n<meta property=\"og:site_name\" content=\"Campus de Gandia Ciencia - UPV Universitat Polit\u00e8cnica de Val\u00e8ncia\" \/>\n<meta property=\"article:publisher\" content=\"https:\/\/www.facebook.com\/UPVCampusGandia\" \/>\n<meta property=\"article:published_time\" content=\"2023-10-17T14:02:33+00:00\" \/>\n<meta property=\"article:modified_time\" content=\"2023-10-17T14:03:07+00:00\" \/>\n<meta property=\"og:image\" content=\"https:\/\/cienciagandia.webs.upv.es\/wp-content\/uploads\/2023\/10\/PORTADA-BLOG-1.jpg\" \/>\n\t<meta property=\"og:image:width\" content=\"1400\" \/>\n\t<meta property=\"og:image:height\" content=\"550\" \/>\n\t<meta property=\"og:image:type\" content=\"image\/jpeg\" \/>\n<meta name=\"author\" content=\"Adrian\" \/>\n<meta name=\"twitter:card\" content=\"summary_large_image\" \/>\n<meta name=\"twitter:creator\" content=\"@UPVCampusGandia\" \/>\n<meta name=\"twitter:site\" content=\"@UPVCampusGandia\" \/>\n<meta name=\"twitter:label1\" content=\"Written by\" \/>\n\t<meta name=\"twitter:data1\" content=\"Adrian\" \/>\n\t<meta name=\"twitter:label2\" content=\"Est. reading time\" \/>\n\t<meta name=\"twitter:data2\" content=\"4 minutes\" \/>\n<script type=\"application\/ld+json\" class=\"yoast-schema-graph\">{\"@context\":\"https:\\\/\\\/schema.org\",\"@graph\":[{\"@type\":\"Article\",\"@id\":\"https:\\\/\\\/cienciagandia.webs.upv.es\\\/ca\\\/2023\\\/10\\\/campus-de-gandia-focus-nacional-investigacio-oceanografica\\\/#article\",\"isPartOf\":{\"@id\":\"https:\\\/\\\/cienciagandia.webs.upv.es\\\/ca\\\/2023\\\/10\\\/campus-de-gandia-focus-nacional-investigacio-oceanografica\\\/\"},\"author\":{\"name\":\"Adrian\",\"@id\":\"https:\\\/\\\/cienciagandia.webs.upv.es\\\/#\\\/schema\\\/person\\\/742fd5d9f31f95e7e2c053fd6f0bccb8\"},\"headline\":\"El Campus de Gandia, focus nacional de la investigaci\u00f3 oceanogr\u00e1fica\",\"datePublished\":\"2023-10-17T14:02:33+00:00\",\"dateModified\":\"2023-10-17T14:03:07+00:00\",\"mainEntityOfPage\":{\"@id\":\"https:\\\/\\\/cienciagandia.webs.upv.es\\\/ca\\\/2023\\\/10\\\/campus-de-gandia-focus-nacional-investigacio-oceanografica\\\/\"},\"wordCount\":780,\"commentCount\":0,\"publisher\":{\"@id\":\"https:\\\/\\\/cienciagandia.webs.upv.es\\\/#organization\"},\"image\":{\"@id\":\"https:\\\/\\\/cienciagandia.webs.upv.es\\\/ca\\\/2023\\\/10\\\/campus-de-gandia-focus-nacional-investigacio-oceanografica\\\/#primaryimage\"},\"thumbnailUrl\":\"https:\\\/\\\/cienciagandia.webs.upv.es\\\/wp-content\\\/uploads\\\/2023\\\/10\\\/PORTADA-BLOG-1.jpg\",\"keywords\":[\"Portada\"],\"articleSection\":[\"Ambientals\"],\"inLanguage\":\"ca-CA\",\"potentialAction\":[{\"@type\":\"CommentAction\",\"name\":\"Comment\",\"target\":[\"https:\\\/\\\/cienciagandia.webs.upv.es\\\/ca\\\/2023\\\/10\\\/campus-de-gandia-focus-nacional-investigacio-oceanografica\\\/#respond\"]}]},{\"@type\":\"WebPage\",\"@id\":\"https:\\\/\\\/cienciagandia.webs.upv.es\\\/ca\\\/2023\\\/10\\\/campus-de-gandia-focus-nacional-investigacio-oceanografica\\\/\",\"url\":\"https:\\\/\\\/cienciagandia.webs.upv.es\\\/ca\\\/2023\\\/10\\\/campus-de-gandia-focus-nacional-investigacio-oceanografica\\\/\",\"name\":\"El Campus de Gandia, focus nacional de la investigaci\u00f3 oceanogr\u00e1fica - Campus de Gandia Ciencia - UPV Universitat Polit\u00e8cnica de Val\u00e8ncia\",\"isPartOf\":{\"@id\":\"https:\\\/\\\/cienciagandia.webs.upv.es\\\/#website\"},\"primaryImageOfPage\":{\"@id\":\"https:\\\/\\\/cienciagandia.webs.upv.es\\\/ca\\\/2023\\\/10\\\/campus-de-gandia-focus-nacional-investigacio-oceanografica\\\/#primaryimage\"},\"image\":{\"@id\":\"https:\\\/\\\/cienciagandia.webs.upv.es\\\/ca\\\/2023\\\/10\\\/campus-de-gandia-focus-nacional-investigacio-oceanografica\\\/#primaryimage\"},\"thumbnailUrl\":\"https:\\\/\\\/cienciagandia.webs.upv.es\\\/wp-content\\\/uploads\\\/2023\\\/10\\\/PORTADA-BLOG-1.jpg\",\"datePublished\":\"2023-10-17T14:02:33+00:00\",\"dateModified\":\"2023-10-17T14:03:07+00:00\",\"description\":\"La ministra de Ci\u00e8ncia i Innovaci\u00f3, Diana Morant, anuncia un nou centre d'investigaci\u00f3 oceanogr\u00e0fica a Gandia.\",\"breadcrumb\":{\"@id\":\"https:\\\/\\\/cienciagandia.webs.upv.es\\\/ca\\\/2023\\\/10\\\/campus-de-gandia-focus-nacional-investigacio-oceanografica\\\/#breadcrumb\"},\"inLanguage\":\"ca-CA\",\"potentialAction\":[{\"@type\":\"ReadAction\",\"target\":[\"https:\\\/\\\/cienciagandia.webs.upv.es\\\/ca\\\/2023\\\/10\\\/campus-de-gandia-focus-nacional-investigacio-oceanografica\\\/\"]}]},{\"@type\":\"ImageObject\",\"inLanguage\":\"ca-CA\",\"@id\":\"https:\\\/\\\/cienciagandia.webs.upv.es\\\/ca\\\/2023\\\/10\\\/campus-de-gandia-focus-nacional-investigacio-oceanografica\\\/#primaryimage\",\"url\":\"https:\\\/\\\/cienciagandia.webs.upv.es\\\/wp-content\\\/uploads\\\/2023\\\/10\\\/PORTADA-BLOG-1.jpg\",\"contentUrl\":\"https:\\\/\\\/cienciagandia.webs.upv.es\\\/wp-content\\\/uploads\\\/2023\\\/10\\\/PORTADA-BLOG-1.jpg\",\"width\":1400,\"height\":550},{\"@type\":\"BreadcrumbList\",\"@id\":\"https:\\\/\\\/cienciagandia.webs.upv.es\\\/ca\\\/2023\\\/10\\\/campus-de-gandia-focus-nacional-investigacio-oceanografica\\\/#breadcrumb\",\"itemListElement\":[{\"@type\":\"ListItem\",\"position\":1,\"name\":\"Portada\",\"item\":\"https:\\\/\\\/cienciagandia.webs.upv.es\\\/ca\\\/\"},{\"@type\":\"ListItem\",\"position\":2,\"name\":\"El Campus de Gandia, focus nacional de la investigaci\u00f3 oceanogr\u00e1fica\"}]},{\"@type\":\"WebSite\",\"@id\":\"https:\\\/\\\/cienciagandia.webs.upv.es\\\/#website\",\"url\":\"https:\\\/\\\/cienciagandia.webs.upv.es\\\/\",\"name\":\"Blog de Ciencia del Campus de Gandia de la Universitat Polit\u00e8cnica de Val\u00e8ncia UPV\",\"description\":\"Campus de Gandia Ciencia UPV\",\"publisher\":{\"@id\":\"https:\\\/\\\/cienciagandia.webs.upv.es\\\/#organization\"},\"potentialAction\":[{\"@type\":\"SearchAction\",\"target\":{\"@type\":\"EntryPoint\",\"urlTemplate\":\"https:\\\/\\\/cienciagandia.webs.upv.es\\\/?s={search_term_string}\"},\"query-input\":{\"@type\":\"PropertyValueSpecification\",\"valueRequired\":true,\"valueName\":\"search_term_string\"}}],\"inLanguage\":\"ca-CA\"},{\"@type\":\"Organization\",\"@id\":\"https:\\\/\\\/cienciagandia.webs.upv.es\\\/#organization\",\"name\":\"Campus de Gandia de la Universitat Polit\u00e8cnica de Val\u00e8ncia UPV\",\"alternateName\":\"Campus de Gandia UPV\",\"url\":\"https:\\\/\\\/cienciagandia.webs.upv.es\\\/\",\"logo\":{\"@type\":\"ImageObject\",\"inLanguage\":\"ca-CA\",\"@id\":\"https:\\\/\\\/cienciagandia.webs.upv.es\\\/#\\\/schema\\\/logo\\\/image\\\/\",\"url\":\"https:\\\/\\\/cienciagandia.webs.upv.es\\\/wp-content\\\/uploads\\\/2023\\\/10\\\/UPV-Gandia.jpg\",\"contentUrl\":\"https:\\\/\\\/cienciagandia.webs.upv.es\\\/wp-content\\\/uploads\\\/2023\\\/10\\\/UPV-Gandia.jpg\",\"width\":770,\"height\":366,\"caption\":\"Campus de Gandia de la Universitat Polit\u00e8cnica de Val\u00e8ncia UPV\"},\"image\":{\"@id\":\"https:\\\/\\\/cienciagandia.webs.upv.es\\\/#\\\/schema\\\/logo\\\/image\\\/\"},\"sameAs\":[\"https:\\\/\\\/www.facebook.com\\\/UPVCampusGandia\",\"https:\\\/\\\/x.com\\\/UPVCampusGandia\",\"https:\\\/\\\/www.instagram.com\\\/upvcampusgandia\\\/\",\"https:\\\/\\\/www.linkedin.com\\\/company\\\/upvcampusgandia\\\/\"]},{\"@type\":\"Person\",\"@id\":\"https:\\\/\\\/cienciagandia.webs.upv.es\\\/#\\\/schema\\\/person\\\/742fd5d9f31f95e7e2c053fd6f0bccb8\",\"name\":\"Adrian\",\"image\":{\"@type\":\"ImageObject\",\"inLanguage\":\"ca-CA\",\"@id\":\"https:\\\/\\\/secure.gravatar.com\\\/avatar\\\/38af482e48f5831dffeb8ca3b644d3d549e8f6d33a51c54f46e10fae2d11b208?s=96&d=mm&r=g\",\"url\":\"https:\\\/\\\/secure.gravatar.com\\\/avatar\\\/38af482e48f5831dffeb8ca3b644d3d549e8f6d33a51c54f46e10fae2d11b208?s=96&d=mm&r=g\",\"contentUrl\":\"https:\\\/\\\/secure.gravatar.com\\\/avatar\\\/38af482e48f5831dffeb8ca3b644d3d549e8f6d33a51c54f46e10fae2d11b208?s=96&d=mm&r=g\",\"caption\":\"Adrian\"},\"url\":\"https:\\\/\\\/cienciagandia.webs.upv.es\\\/ca\\\/author\\\/adrian\\\/\"}]}<\/script>\n<!-- \/ Yoast SEO plugin. -->","yoast_head_json":{"title":"El Campus de Gandia, focus nacional de la investigaci\u00f3 oceanogr\u00e1fica - Campus de Gandia Ciencia - UPV Universitat Polit\u00e8cnica de Val\u00e8ncia","description":"La ministra de Ci\u00e8ncia i Innovaci\u00f3, Diana Morant, anuncia un nou centre d'investigaci\u00f3 oceanogr\u00e0fica a Gandia.","robots":{"index":"index","follow":"follow","max-snippet":"max-snippet:-1","max-image-preview":"max-image-preview:large","max-video-preview":"max-video-preview:-1"},"canonical":"https:\/\/cienciagandia.webs.upv.es\/ca\/2023\/10\/campus-de-gandia-focus-nacional-investigacio-oceanografica\/","og_locale":"en_US","og_type":"article","og_title":"El Campus de Gandia, focus nacional de la investigaci\u00f3 oceanogr\u00e1fica - Campus de Gandia Ciencia - UPV Universitat Polit\u00e8cnica de Val\u00e8ncia","og_description":"La ministra de Ci\u00e8ncia i Innovaci\u00f3, Diana Morant, anuncia un nou centre d'investigaci\u00f3 oceanogr\u00e0fica a Gandia.","og_url":"https:\/\/cienciagandia.webs.upv.es\/ca\/2023\/10\/campus-de-gandia-focus-nacional-investigacio-oceanografica\/","og_site_name":"Campus de Gandia Ciencia - UPV Universitat Polit\u00e8cnica de Val\u00e8ncia","article_publisher":"https:\/\/www.facebook.com\/UPVCampusGandia","article_published_time":"2023-10-17T14:02:33+00:00","article_modified_time":"2023-10-17T14:03:07+00:00","og_image":[{"width":1400,"height":550,"url":"https:\/\/cienciagandia.webs.upv.es\/wp-content\/uploads\/2023\/10\/PORTADA-BLOG-1.jpg","type":"image\/jpeg"}],"author":"Adrian","twitter_card":"summary_large_image","twitter_creator":"@UPVCampusGandia","twitter_site":"@UPVCampusGandia","twitter_misc":{"Written by":"Adrian","Est. reading time":"4 minutes"},"schema":{"@context":"https:\/\/schema.org","@graph":[{"@type":"Article","@id":"https:\/\/cienciagandia.webs.upv.es\/ca\/2023\/10\/campus-de-gandia-focus-nacional-investigacio-oceanografica\/#article","isPartOf":{"@id":"https:\/\/cienciagandia.webs.upv.es\/ca\/2023\/10\/campus-de-gandia-focus-nacional-investigacio-oceanografica\/"},"author":{"name":"Adrian","@id":"https:\/\/cienciagandia.webs.upv.es\/#\/schema\/person\/742fd5d9f31f95e7e2c053fd6f0bccb8"},"headline":"El Campus de Gandia, focus nacional de la investigaci\u00f3 oceanogr\u00e1fica","datePublished":"2023-10-17T14:02:33+00:00","dateModified":"2023-10-17T14:03:07+00:00","mainEntityOfPage":{"@id":"https:\/\/cienciagandia.webs.upv.es\/ca\/2023\/10\/campus-de-gandia-focus-nacional-investigacio-oceanografica\/"},"wordCount":780,"commentCount":0,"publisher":{"@id":"https:\/\/cienciagandia.webs.upv.es\/#organization"},"image":{"@id":"https:\/\/cienciagandia.webs.upv.es\/ca\/2023\/10\/campus-de-gandia-focus-nacional-investigacio-oceanografica\/#primaryimage"},"thumbnailUrl":"https:\/\/cienciagandia.webs.upv.es\/wp-content\/uploads\/2023\/10\/PORTADA-BLOG-1.jpg","keywords":["Portada"],"articleSection":["Ambientals"],"inLanguage":"ca-CA","potentialAction":[{"@type":"CommentAction","name":"Comment","target":["https:\/\/cienciagandia.webs.upv.es\/ca\/2023\/10\/campus-de-gandia-focus-nacional-investigacio-oceanografica\/#respond"]}]},{"@type":"WebPage","@id":"https:\/\/cienciagandia.webs.upv.es\/ca\/2023\/10\/campus-de-gandia-focus-nacional-investigacio-oceanografica\/","url":"https:\/\/cienciagandia.webs.upv.es\/ca\/2023\/10\/campus-de-gandia-focus-nacional-investigacio-oceanografica\/","name":"El Campus de Gandia, focus nacional de la investigaci\u00f3 oceanogr\u00e1fica - Campus de Gandia Ciencia - UPV Universitat Polit\u00e8cnica de Val\u00e8ncia","isPartOf":{"@id":"https:\/\/cienciagandia.webs.upv.es\/#website"},"primaryImageOfPage":{"@id":"https:\/\/cienciagandia.webs.upv.es\/ca\/2023\/10\/campus-de-gandia-focus-nacional-investigacio-oceanografica\/#primaryimage"},"image":{"@id":"https:\/\/cienciagandia.webs.upv.es\/ca\/2023\/10\/campus-de-gandia-focus-nacional-investigacio-oceanografica\/#primaryimage"},"thumbnailUrl":"https:\/\/cienciagandia.webs.upv.es\/wp-content\/uploads\/2023\/10\/PORTADA-BLOG-1.jpg","datePublished":"2023-10-17T14:02:33+00:00","dateModified":"2023-10-17T14:03:07+00:00","description":"La ministra de Ci\u00e8ncia i Innovaci\u00f3, Diana Morant, anuncia un nou centre d'investigaci\u00f3 oceanogr\u00e0fica a Gandia.","breadcrumb":{"@id":"https:\/\/cienciagandia.webs.upv.es\/ca\/2023\/10\/campus-de-gandia-focus-nacional-investigacio-oceanografica\/#breadcrumb"},"inLanguage":"ca-CA","potentialAction":[{"@type":"ReadAction","target":["https:\/\/cienciagandia.webs.upv.es\/ca\/2023\/10\/campus-de-gandia-focus-nacional-investigacio-oceanografica\/"]}]},{"@type":"ImageObject","inLanguage":"ca-CA","@id":"https:\/\/cienciagandia.webs.upv.es\/ca\/2023\/10\/campus-de-gandia-focus-nacional-investigacio-oceanografica\/#primaryimage","url":"https:\/\/cienciagandia.webs.upv.es\/wp-content\/uploads\/2023\/10\/PORTADA-BLOG-1.jpg","contentUrl":"https:\/\/cienciagandia.webs.upv.es\/wp-content\/uploads\/2023\/10\/PORTADA-BLOG-1.jpg","width":1400,"height":550},{"@type":"BreadcrumbList","@id":"https:\/\/cienciagandia.webs.upv.es\/ca\/2023\/10\/campus-de-gandia-focus-nacional-investigacio-oceanografica\/#breadcrumb","itemListElement":[{"@type":"ListItem","position":1,"name":"Portada","item":"https:\/\/cienciagandia.webs.upv.es\/ca\/"},{"@type":"ListItem","position":2,"name":"El Campus de Gandia, focus nacional de la investigaci\u00f3 oceanogr\u00e1fica"}]},{"@type":"WebSite","@id":"https:\/\/cienciagandia.webs.upv.es\/#website","url":"https:\/\/cienciagandia.webs.upv.es\/","name":"Blog de Ciencia del Campus de Gandia de la Universitat Polit\u00e8cnica de Val\u00e8ncia UPV","description":"Campus de Gandia Ciencia UPV","publisher":{"@id":"https:\/\/cienciagandia.webs.upv.es\/#organization"},"potentialAction":[{"@type":"SearchAction","target":{"@type":"EntryPoint","urlTemplate":"https:\/\/cienciagandia.webs.upv.es\/?s={search_term_string}"},"query-input":{"@type":"PropertyValueSpecification","valueRequired":true,"valueName":"search_term_string"}}],"inLanguage":"ca-CA"},{"@type":"Organization","@id":"https:\/\/cienciagandia.webs.upv.es\/#organization","name":"Campus de Gandia de la Universitat Polit\u00e8cnica de Val\u00e8ncia UPV","alternateName":"Campus de Gandia UPV","url":"https:\/\/cienciagandia.webs.upv.es\/","logo":{"@type":"ImageObject","inLanguage":"ca-CA","@id":"https:\/\/cienciagandia.webs.upv.es\/#\/schema\/logo\/image\/","url":"https:\/\/cienciagandia.webs.upv.es\/wp-content\/uploads\/2023\/10\/UPV-Gandia.jpg","contentUrl":"https:\/\/cienciagandia.webs.upv.es\/wp-content\/uploads\/2023\/10\/UPV-Gandia.jpg","width":770,"height":366,"caption":"Campus de Gandia de la Universitat Polit\u00e8cnica de Val\u00e8ncia UPV"},"image":{"@id":"https:\/\/cienciagandia.webs.upv.es\/#\/schema\/logo\/image\/"},"sameAs":["https:\/\/www.facebook.com\/UPVCampusGandia","https:\/\/x.com\/UPVCampusGandia","https:\/\/www.instagram.com\/upvcampusgandia\/","https:\/\/www.linkedin.com\/company\/upvcampusgandia\/"]},{"@type":"Person","@id":"https:\/\/cienciagandia.webs.upv.es\/#\/schema\/person\/742fd5d9f31f95e7e2c053fd6f0bccb8","name":"Adrian","image":{"@type":"ImageObject","inLanguage":"ca-CA","@id":"https:\/\/secure.gravatar.com\/avatar\/38af482e48f5831dffeb8ca3b644d3d549e8f6d33a51c54f46e10fae2d11b208?s=96&d=mm&r=g","url":"https:\/\/secure.gravatar.com\/avatar\/38af482e48f5831dffeb8ca3b644d3d549e8f6d33a51c54f46e10fae2d11b208?s=96&d=mm&r=g","contentUrl":"https:\/\/secure.gravatar.com\/avatar\/38af482e48f5831dffeb8ca3b644d3d549e8f6d33a51c54f46e10fae2d11b208?s=96&d=mm&r=g","caption":"Adrian"},"url":"https:\/\/cienciagandia.webs.upv.es\/ca\/author\/adrian\/"}]}},"_links":{"self":[{"href":"https:\/\/cienciagandia.webs.upv.es\/ca\/wp-json\/wp\/v2\/posts\/18172","targetHints":{"allow":["GET"]}}],"collection":[{"href":"https:\/\/cienciagandia.webs.upv.es\/ca\/wp-json\/wp\/v2\/posts"}],"about":[{"href":"https:\/\/cienciagandia.webs.upv.es\/ca\/wp-json\/wp\/v2\/types\/post"}],"author":[{"embeddable":true,"href":"https:\/\/cienciagandia.webs.upv.es\/ca\/wp-json\/wp\/v2\/users\/11"}],"replies":[{"embeddable":true,"href":"https:\/\/cienciagandia.webs.upv.es\/ca\/wp-json\/wp\/v2\/comments?post=18172"}],"version-history":[{"count":3,"href":"https:\/\/cienciagandia.webs.upv.es\/ca\/wp-json\/wp\/v2\/posts\/18172\/revisions"}],"predecessor-version":[{"id":18178,"href":"https:\/\/cienciagandia.webs.upv.es\/ca\/wp-json\/wp\/v2\/posts\/18172\/revisions\/18178"}],"wp:featuredmedia":[{"embeddable":true,"href":"https:\/\/cienciagandia.webs.upv.es\/ca\/wp-json\/wp\/v2\/media\/18134"}],"wp:attachment":[{"href":"https:\/\/cienciagandia.webs.upv.es\/ca\/wp-json\/wp\/v2\/media?parent=18172"}],"wp:term":[{"taxonomy":"category","embeddable":true,"href":"https:\/\/cienciagandia.webs.upv.es\/ca\/wp-json\/wp\/v2\/categories?post=18172"},{"taxonomy":"post_tag","embeddable":true,"href":"https:\/\/cienciagandia.webs.upv.es\/ca\/wp-json\/wp\/v2\/tags?post=18172"}],"curies":[{"name":"wp","href":"https:\/\/api.w.org\/{rel}","templated":true}]}}