{"id":17826,"date":"2023-07-18T17:17:24","date_gmt":"2023-07-18T15:17:24","guid":{"rendered":"https:\/\/cienciagandia.webs.upv.es\/?p=17826"},"modified":"2023-07-18T17:17:45","modified_gmt":"2023-07-18T15:17:45","slug":"record-de-nius-de-tortugues-marines","status":"publish","type":"post","link":"https:\/\/cienciagandia.webs.upv.es\/ca\/2023\/07\/record-de-nius-de-tortugues-marines\/","title":{"rendered":"R\u00e8cord de nius de tortugues marines"},"content":{"rendered":"<p>En l&#8217;\u00faltima d\u00e8cada, les platges del Mediterrani occidental experimenten un <strong>increment en la freq\u00fc\u00e8ncia de nius de tortuga careta o tortuga babaua<\/strong> (<em>Caretta caretta<\/em>). Aquest increment pot correspondre amb un proc\u00e9s de colonitzaci\u00f3 de l&#8217;esp\u00e8cie a conseq\u00fc\u00e8ncia del canvi clim\u00e0tic, alguna cosa que es considera de gran import\u00e0ncia per a la seua superviv\u00e8ncia a causa de les evid\u00e8ncies i prediccions de feminitzaci\u00f3 i reducci\u00f3 de la viabilitat de les cries a les platges de posta de les seues \u00e0rees de nidificaci\u00f3 originals.<\/p>\n<p><img loading=\"lazy\" decoding=\"async\" class=\"alignnone size-full wp-image-17802\" src=\"https:\/\/cienciagandia.webs.upv.es\/wp-content\/uploads\/2023\/07\/Foto-nido-1-1.jpg\" alt=\"\" width=\"640\" height=\"480\" srcset=\"https:\/\/cienciagandia.webs.upv.es\/wp-content\/uploads\/2023\/07\/Foto-nido-1-1.jpg 640w, https:\/\/cienciagandia.webs.upv.es\/wp-content\/uploads\/2023\/07\/Foto-nido-1-1-333x250.jpg 333w, https:\/\/cienciagandia.webs.upv.es\/wp-content\/uploads\/2023\/07\/Foto-nido-1-1-150x113.jpg 150w\" sizes=\"auto, (max-width: 640px) 100vw, 640px\" \/><\/p>\n<p>No obstant aix\u00f2, aquesta colonitzaci\u00f3 emergent s&#8217;estaria produint en espais amb una elevada ocupaci\u00f3 humana, com succeeix en el litoral espanyol, per la qual cosa <strong>\u00e9s necess\u00e0ria una gesti\u00f3 adequada per a afavorir l&#8217;\u00e8xit<\/strong> d&#8217;aquestes postes en conviv\u00e8ncia amb la pres\u00e8ncia humana.<\/p>\n<p>La recent aparici\u00f3 d&#8217;aquest proc\u00e9s de colonitzaci\u00f3 implica que, al llarg dels \u00faltims anys, haja sigut necessari desenvolupar noves capacitats per part de tots els agents implicats, tant en l\u2019\u00e0mbit cient\u00edfic com de les administracions p\u00fabliques. Els principals factors que poden afectar negativament aquesta creixent poblaci\u00f3 s\u00f3n el desconeixement ciutad\u00e0, l&#8217;escassetat d&#8217;informaci\u00f3 cient\u00edfica, l&#8217;alteraci\u00f3 de les platges de posta per a la incubaci\u00f3 reeixida dels ous i l&#8217;efectivitat de les mesures de gesti\u00f3 que s&#8217;estan implementant.<\/p>\n<p><img loading=\"lazy\" decoding=\"async\" class=\"alignnone size-full wp-image-17799\" src=\"https:\/\/cienciagandia.webs.upv.es\/wp-content\/uploads\/2023\/07\/Foto-nido-2-1.jpg\" alt=\"\" width=\"640\" height=\"480\" srcset=\"https:\/\/cienciagandia.webs.upv.es\/wp-content\/uploads\/2023\/07\/Foto-nido-2-1.jpg 640w, https:\/\/cienciagandia.webs.upv.es\/wp-content\/uploads\/2023\/07\/Foto-nido-2-1-333x250.jpg 333w, https:\/\/cienciagandia.webs.upv.es\/wp-content\/uploads\/2023\/07\/Foto-nido-2-1-150x113.jpg 150w\" sizes=\"auto, (max-width: 640px) 100vw, 640px\" \/><\/p>\n<p>En les \u00faltimes setmanes <strong>almenys uns quinze nius de tortuga s&#8217;han detectat en les costes espanyoles<\/strong>, que se sumen al centenar d&#8217;esdeveniments detectats a It\u00e0lia. Aquestes xifres suposen ja el r\u00e8cord de nidificacions detectades en una sola temporada.<\/p>\n<p><img loading=\"lazy\" decoding=\"async\" class=\"alignnone wp-image-17819\" src=\"https:\/\/cienciagandia.webs.upv.es\/wp-content\/uploads\/2023\/07\/Foto-tortuga-2-copia.jpg\" alt=\"\" width=\"1070\" height=\"395\" srcset=\"https:\/\/cienciagandia.webs.upv.es\/wp-content\/uploads\/2023\/07\/Foto-tortuga-2-copia.jpg 1301w, https:\/\/cienciagandia.webs.upv.es\/wp-content\/uploads\/2023\/07\/Foto-tortuga-2-copia-600x221.jpg 600w, https:\/\/cienciagandia.webs.upv.es\/wp-content\/uploads\/2023\/07\/Foto-tortuga-2-copia-768x283.jpg 768w, https:\/\/cienciagandia.webs.upv.es\/wp-content\/uploads\/2023\/07\/Foto-tortuga-2-copia-150x55.jpg 150w\" sizes=\"auto, (max-width: 1070px) 100vw, 1070px\" \/><\/p>\n<p><a href=\"https:\/\/fundacion-biodiversidad.es\/proyecto_prtr\/investigacion-para-la-gestion-y-proteccion-de-la-nidificacion-de-tortugas-marinas-colonizacion-de-la-tortuga-careta-caretta-caretta-en-el-mediterraneo-occidental-ingeni-caretta\/\">InGeNi-Caretta<\/a>, un nou projecte finan\u00e7at per Fundaci\u00f3 Biodiversitat contribuir\u00e0 a generar els coneixements cient\u00edfics necessaris per a saber per qu\u00e8 est\u00e0 succeint aquesta colonitzaci\u00f3, per a facilitar la presa de decisions en la planificaci\u00f3 i gesti\u00f3 d&#8217;aquesta esp\u00e8cie amena\u00e7ada.<\/p>\n<p>Es tracta d&#8217;un fenomen recent molt possiblement causat per l&#8217;augment <strong>de temperatura de la Mar Mediterr\u00e0nia i de l&#8217;arena de les seues platges<\/strong>, a causa del canvi clim\u00e0tic, una hip\u00f2tesi a la qual InGeNi-Caretta contribuir\u00e0 a respondre. Aquest augment est\u00e0 modificant l&#8217;\u00e0rea de nidificaci\u00f3 de la tortuga careta, portant-la a nidificar en regions on aparentment no ho havia fet abans, la qual cosa suposa nous reptes de gesti\u00f3 de la biodiversitat en aquests territoris.<\/p>\n<p><strong>Inici molt actiu de la temporada 2023<\/strong><\/p>\n<p>El primer niu de tortuga marina detectat aquesta temporada en una platja espanyola va apar\u00e8ixer a principis de juny a la platja de Ca Pere Toni de Palma, a les Illes Balears. En poques setmanes va ser r\u00e0pidament seguit per m\u00e9s nius detectats en platges de Catalunya, Comunitat Valenciana, M\u00farcia i Andalusia. Tamb\u00e9 s&#8217;han detectat alguns intents de nidificaci\u00f3.<\/p>\n<p>A Catalunya, tres dels nius s&#8217;han localitzat en el Delta de l&#8217;Ebre, la qual cosa pot estar indicant la import\u00e0ncia creixent d&#8217;aquest espai natural com a nou punt de nidificaci\u00f3.<\/p>\n<p>Tota aquesta activitat est\u00e0 suposant un <strong>repte molt gran per a les xarxes de seguiment, governs locals i regionals i institucions acad\u00e8miques<\/strong> implicades, que activen en cada cas els protocols de recent elaboraci\u00f3 en les comunitats costaneres espanyoles per a la seua conservaci\u00f3 i per a la presa de dades cient\u00edfiques.<\/p>\n<p><img loading=\"lazy\" decoding=\"async\" class=\"alignnone size-full wp-image-17805\" src=\"https:\/\/cienciagandia.webs.upv.es\/wp-content\/uploads\/2023\/07\/Foto-nido-3-1.jpg\" alt=\"\" width=\"640\" height=\"480\" srcset=\"https:\/\/cienciagandia.webs.upv.es\/wp-content\/uploads\/2023\/07\/Foto-nido-3-1.jpg 640w, https:\/\/cienciagandia.webs.upv.es\/wp-content\/uploads\/2023\/07\/Foto-nido-3-1-333x250.jpg 333w, https:\/\/cienciagandia.webs.upv.es\/wp-content\/uploads\/2023\/07\/Foto-nido-3-1-150x113.jpg 150w\" sizes=\"auto, (max-width: 640px) 100vw, 640px\" \/><\/p>\n<p>Aquest increment d&#8217;activitat de nidificaci\u00f3 a les platges espanyoles s&#8217;alinea amb el que <strong>est\u00e0 succeint tamb\u00e9 en altres zones del Mediterrani Occidental<\/strong>, sent It\u00e0lia el cas paradigm\u00e0tic: en les primeres setmanes de temporada s&#8217;ha detectat prop de 100 nius. Regions com la de Camp\u00e0nia han detectat increments de m\u00e9s del 50% respecte a anys anteriors.<\/p>\n<p><strong>Inici del projecte InGeNi-Caretta<\/strong><\/p>\n<p>Gr\u00e0cies al finan\u00e7ament de la Fundaci\u00f3 Biodiversitat, un consorci format pel Centre Tecnol\u00f2gic BETA de la Universitat de Vic-Universitat Central de Catalunya, la Universitat de Barcelona i l&#8217;Institut d&#8217;Investigaci\u00f3 de la Biodiversitat (IRBio) de la UB, la Universitat Polit\u00e8cnica de Val\u00e8ncia (equip liderat al Campus de Gandia per <a href=\"http:\/\/www.upv.es\/ficha-personal\/edbelpe\">Eduardo Belda<\/a>, expert en seguiment satel\u00b7litari d&#8217;esp\u00e8cies marines), amb la col\u00b7laboraci\u00f3 de la Universitat de Val\u00e8ncia, i l&#8217;Estaci\u00f3 Biol\u00f2gica de Do\u00f1ana ha comen\u00e7at a treballar en InGeNi-Caretta.<\/p>\n<p><img loading=\"lazy\" decoding=\"async\" class=\"alignnone wp-image-17814\" src=\"https:\/\/cienciagandia.webs.upv.es\/wp-content\/uploads\/2023\/07\/Foto-Eduardo-Belda-1-1.jpg\" alt=\"\" width=\"432\" height=\"649\" srcset=\"https:\/\/cienciagandia.webs.upv.es\/wp-content\/uploads\/2023\/07\/Foto-Eduardo-Belda-1-1.jpg 640w, https:\/\/cienciagandia.webs.upv.es\/wp-content\/uploads\/2023\/07\/Foto-Eduardo-Belda-1-1-166x250.jpg 166w, https:\/\/cienciagandia.webs.upv.es\/wp-content\/uploads\/2023\/07\/Foto-Eduardo-Belda-1-1-333x500.jpg 333w, https:\/\/cienciagandia.webs.upv.es\/wp-content\/uploads\/2023\/07\/Foto-Eduardo-Belda-1-1-100x150.jpg 100w\" sizes=\"auto, (max-width: 432px) 100vw, 432px\" \/><\/p>\n<p>El projecte abasta diverses accions. Permetr\u00e0 realitzar un estudi detallat sobre la <strong>idone\u00eftat potencial de les platges del litoral espanyol per a la nidificaci\u00f3 de tortugues marines<\/strong>, considerant-ne les caracter\u00edstiques fisicoqu\u00edmiques i definint millor els par\u00e0metres ambientals a les platges de nidificaci\u00f3. D&#8217;altra banda, permetr\u00e0 analitzar el nombre, origen i comportament dels individus reproductors mitjan\u00e7ant estudis gen\u00f2mics dels nius, aix\u00ed com la seua efic\u00e0cia biol\u00f2gica, el nombre d&#8217;ous, la taxa de desenvolupament embrionari i la viabilitat de les cries. Finalment, combinant totes les dades obtingudes, tamb\u00e9 es podr\u00e0 avaluar l&#8217;impacte del genotip de les cries en la seua dispersi\u00f3, viabilitat i creixement.<\/p>\n<p><img loading=\"lazy\" decoding=\"async\" class=\"alignnone size-full wp-image-17808\" src=\"https:\/\/cienciagandia.webs.upv.es\/wp-content\/uploads\/2023\/07\/Foto-nido-4-1.jpg\" alt=\"\" width=\"640\" height=\"480\" srcset=\"https:\/\/cienciagandia.webs.upv.es\/wp-content\/uploads\/2023\/07\/Foto-nido-4-1.jpg 640w, https:\/\/cienciagandia.webs.upv.es\/wp-content\/uploads\/2023\/07\/Foto-nido-4-1-333x250.jpg 333w, https:\/\/cienciagandia.webs.upv.es\/wp-content\/uploads\/2023\/07\/Foto-nido-4-1-150x113.jpg 150w\" sizes=\"auto, (max-width: 640px) 100vw, 640px\" \/><\/p>\n<p>El consorci tamb\u00e9 espera examinar el <strong>comportament de les femelles i les cries mitjan\u00e7ant l&#8217;\u00fas de telemetria satel\u00b7lit\u00e0ria<\/strong> i l&#8217;estudi d&#8217;is\u00f2tops estables. Aix\u00f2 permetr\u00e0 inferir, a partir dels seus moviments, les \u00e0rees d&#8217;alimentaci\u00f3 i \u00fas de l&#8217;h\u00e0bitat de les femelles abans de la posta i la seua dispersi\u00f3 posterior, per a determinar les \u00e0rees importants per a la seua nidificaci\u00f3. Finalment, s&#8217;estudiar\u00e0 l&#8217;\u00e8xit de la conservaci\u00f3 ex situ, per a avaluar el percentatge d&#8217;eclosi\u00f3 i els par\u00e0metres de creixement i viabilitat de les cries en captivitat per a facilitar pr\u00e0ctiques de head-starting.<\/p>\n<p><img loading=\"lazy\" decoding=\"async\" class=\"alignnone wp-image-17822\" src=\"https:\/\/cienciagandia.webs.upv.es\/wp-content\/uploads\/2023\/07\/Foto-tortuga-3.jpg\" alt=\"\" width=\"472\" height=\"560\" srcset=\"https:\/\/cienciagandia.webs.upv.es\/wp-content\/uploads\/2023\/07\/Foto-tortuga-3.jpg 721w, https:\/\/cienciagandia.webs.upv.es\/wp-content\/uploads\/2023\/07\/Foto-tortuga-3-211x250.jpg 211w, https:\/\/cienciagandia.webs.upv.es\/wp-content\/uploads\/2023\/07\/Foto-tortuga-3-421x500.jpg 421w, https:\/\/cienciagandia.webs.upv.es\/wp-content\/uploads\/2023\/07\/Foto-tortuga-3-126x150.jpg 126w\" sizes=\"auto, (max-width: 472px) 100vw, 472px\" \/><\/p>\n<p>InGeNi-Caretta compta amb el suport de la Fundaci\u00f3 Biodiversitat del Ministeri per a la Transici\u00f3 Ecol\u00f2gica i el Repte Demogr\u00e0fic (MITECO) en el marc del Pla de Recuperaci\u00f3, Transformaci\u00f3 i Resili\u00e8ncia (PRTR), finan\u00e7at per la Uni\u00f3 Europea &#8211; NextGenerationEU.<\/p>\n<p>&nbsp;<\/p>\n<p><img loading=\"lazy\" decoding=\"async\" class=\"alignnone wp-image-17796\" src=\"https:\/\/cienciagandia.webs.upv.es\/wp-content\/uploads\/2023\/07\/Logos-amb1.jpg\" alt=\"\" width=\"694\" height=\"52\" srcset=\"https:\/\/cienciagandia.webs.upv.es\/wp-content\/uploads\/2023\/07\/Logos-amb1.jpg 1301w, https:\/\/cienciagandia.webs.upv.es\/wp-content\/uploads\/2023\/07\/Logos-amb1-600x45.jpg 600w, https:\/\/cienciagandia.webs.upv.es\/wp-content\/uploads\/2023\/07\/Logos-amb1-768x57.jpg 768w, https:\/\/cienciagandia.webs.upv.es\/wp-content\/uploads\/2023\/07\/Logos-amb1-150x11.jpg 150w\" sizes=\"auto, (max-width: 694px) 100vw, 694px\" \/><\/p>\n<p>Institucions participants:<\/p>\n<p><img loading=\"lazy\" decoding=\"async\" class=\"alignnone wp-image-17793\" src=\"https:\/\/cienciagandia.webs.upv.es\/wp-content\/uploads\/2023\/07\/Logos-amb2.png\" alt=\"\" width=\"488\" height=\"204\" srcset=\"https:\/\/cienciagandia.webs.upv.es\/wp-content\/uploads\/2023\/07\/Logos-amb2.png 1148w, https:\/\/cienciagandia.webs.upv.es\/wp-content\/uploads\/2023\/07\/Logos-amb2-598x250.png 598w, https:\/\/cienciagandia.webs.upv.es\/wp-content\/uploads\/2023\/07\/Logos-amb2-768x321.png 768w, https:\/\/cienciagandia.webs.upv.es\/wp-content\/uploads\/2023\/07\/Logos-amb2-150x63.png 150w\" sizes=\"auto, (max-width: 488px) 100vw, 488px\" \/><\/p>\n","protected":false},"excerpt":{"rendered":"<p>En l&#8217;\u00faltima d\u00e8cada, les platges del Mediterrani occidental experimenten un increment en la freq\u00fc\u00e8ncia de nius de tortuga careta o tortuga babaua (Caretta caretta). Aquest &#8230; <a title=\"R\u00e8cord de nius de tortugues marines\" class=\"read-more\" href=\"https:\/\/cienciagandia.webs.upv.es\/ca\/2023\/07\/record-de-nius-de-tortugues-marines\/\" aria-label=\"Read more about R\u00e8cord de nius de tortugues marines\">Llegir m\u00e9s<\/a><\/p>\n","protected":false},"author":11,"featured_media":17791,"comment_status":"open","ping_status":"closed","sticky":false,"template":"","format":"standard","meta":{"footnotes":""},"categories":[246],"tags":[706],"class_list":["post-17826","post","type-post","status-publish","format-standard","has-post-thumbnail","hentry","category-ambientals","tag-destacat-ca","resize-featured-image"],"yoast_head":"<!-- This site is optimized with the Yoast SEO plugin v27.5 - https:\/\/yoast.com\/product\/yoast-seo-wordpress\/ -->\n<title>R\u00e8cord de nius de tortugues marines - Campus de Gandia Ciencia - UPV Universitat Polit\u00e8cnica de Val\u00e8ncia<\/title>\n<meta name=\"description\" content=\"El rojecte contribuir\u00e0 a generar els coneixements cient\u00edfics necessaris per a saber per qu\u00e8 est\u00e0 succeint aquesta colonitzaci\u00f3, per a facilitar la presa de decisions en la planificaci\u00f3 i gesti\u00f3 d&#039;aquesta esp\u00e8cie amena\u00e7ada.\" \/>\n<meta name=\"robots\" content=\"index, follow, max-snippet:-1, max-image-preview:large, max-video-preview:-1\" \/>\n<link rel=\"canonical\" href=\"https:\/\/cienciagandia.webs.upv.es\/ca\/2023\/07\/record-de-nius-de-tortugues-marines\/\" \/>\n<meta property=\"og:locale\" content=\"en_US\" \/>\n<meta property=\"og:type\" content=\"article\" \/>\n<meta property=\"og:title\" content=\"R\u00e8cord de nius de tortugues marines - Campus de Gandia Ciencia - UPV Universitat Polit\u00e8cnica de Val\u00e8ncia\" \/>\n<meta property=\"og:description\" content=\"El rojecte contribuir\u00e0 a generar els coneixements cient\u00edfics necessaris per a saber per qu\u00e8 est\u00e0 succeint aquesta colonitzaci\u00f3, per a facilitar la presa de decisions en la planificaci\u00f3 i gesti\u00f3 d&#039;aquesta esp\u00e8cie amena\u00e7ada.\" \/>\n<meta property=\"og:url\" content=\"https:\/\/cienciagandia.webs.upv.es\/ca\/2023\/07\/record-de-nius-de-tortugues-marines\/\" \/>\n<meta property=\"og:site_name\" content=\"Campus de Gandia Ciencia - UPV Universitat Polit\u00e8cnica de Val\u00e8ncia\" \/>\n<meta property=\"article:publisher\" content=\"https:\/\/www.facebook.com\/UPVCampusGandia\" \/>\n<meta property=\"article:published_time\" content=\"2023-07-18T15:17:24+00:00\" \/>\n<meta property=\"article:modified_time\" content=\"2023-07-18T15:17:45+00:00\" \/>\n<meta property=\"og:image\" content=\"https:\/\/cienciagandia.webs.upv.es\/wp-content\/uploads\/2023\/07\/Entrada-amb.jpg\" \/>\n\t<meta property=\"og:image:width\" content=\"1400\" \/>\n\t<meta property=\"og:image:height\" content=\"550\" \/>\n\t<meta property=\"og:image:type\" content=\"image\/jpeg\" \/>\n<meta name=\"author\" content=\"Adrian\" \/>\n<meta name=\"twitter:card\" content=\"summary_large_image\" \/>\n<meta name=\"twitter:creator\" content=\"@UPVCampusGandia\" \/>\n<meta name=\"twitter:site\" content=\"@UPVCampusGandia\" \/>\n<meta name=\"twitter:label1\" content=\"Written by\" \/>\n\t<meta name=\"twitter:data1\" content=\"Adrian\" \/>\n\t<meta name=\"twitter:label2\" content=\"Est. reading time\" \/>\n\t<meta name=\"twitter:data2\" content=\"6 minutes\" \/>\n<script type=\"application\/ld+json\" class=\"yoast-schema-graph\">{\"@context\":\"https:\\\/\\\/schema.org\",\"@graph\":[{\"@type\":\"Article\",\"@id\":\"https:\\\/\\\/cienciagandia.webs.upv.es\\\/ca\\\/2023\\\/07\\\/record-de-nius-de-tortugues-marines\\\/#article\",\"isPartOf\":{\"@id\":\"https:\\\/\\\/cienciagandia.webs.upv.es\\\/ca\\\/2023\\\/07\\\/record-de-nius-de-tortugues-marines\\\/\"},\"author\":{\"name\":\"Adrian\",\"@id\":\"https:\\\/\\\/cienciagandia.webs.upv.es\\\/#\\\/schema\\\/person\\\/742fd5d9f31f95e7e2c053fd6f0bccb8\"},\"headline\":\"R\u00e8cord de nius de tortugues marines\",\"datePublished\":\"2023-07-18T15:17:24+00:00\",\"dateModified\":\"2023-07-18T15:17:45+00:00\",\"mainEntityOfPage\":{\"@id\":\"https:\\\/\\\/cienciagandia.webs.upv.es\\\/ca\\\/2023\\\/07\\\/record-de-nius-de-tortugues-marines\\\/\"},\"wordCount\":981,\"commentCount\":0,\"publisher\":{\"@id\":\"https:\\\/\\\/cienciagandia.webs.upv.es\\\/#organization\"},\"image\":{\"@id\":\"https:\\\/\\\/cienciagandia.webs.upv.es\\\/ca\\\/2023\\\/07\\\/record-de-nius-de-tortugues-marines\\\/#primaryimage\"},\"thumbnailUrl\":\"https:\\\/\\\/cienciagandia.webs.upv.es\\\/wp-content\\\/uploads\\\/2023\\\/07\\\/Entrada-amb.jpg\",\"keywords\":[\"Portada\"],\"articleSection\":[\"Ambientals\"],\"inLanguage\":\"ca-CA\",\"potentialAction\":[{\"@type\":\"CommentAction\",\"name\":\"Comment\",\"target\":[\"https:\\\/\\\/cienciagandia.webs.upv.es\\\/ca\\\/2023\\\/07\\\/record-de-nius-de-tortugues-marines\\\/#respond\"]}]},{\"@type\":\"WebPage\",\"@id\":\"https:\\\/\\\/cienciagandia.webs.upv.es\\\/ca\\\/2023\\\/07\\\/record-de-nius-de-tortugues-marines\\\/\",\"url\":\"https:\\\/\\\/cienciagandia.webs.upv.es\\\/ca\\\/2023\\\/07\\\/record-de-nius-de-tortugues-marines\\\/\",\"name\":\"R\u00e8cord de nius de tortugues marines - Campus de Gandia Ciencia - UPV Universitat Polit\u00e8cnica de Val\u00e8ncia\",\"isPartOf\":{\"@id\":\"https:\\\/\\\/cienciagandia.webs.upv.es\\\/#website\"},\"primaryImageOfPage\":{\"@id\":\"https:\\\/\\\/cienciagandia.webs.upv.es\\\/ca\\\/2023\\\/07\\\/record-de-nius-de-tortugues-marines\\\/#primaryimage\"},\"image\":{\"@id\":\"https:\\\/\\\/cienciagandia.webs.upv.es\\\/ca\\\/2023\\\/07\\\/record-de-nius-de-tortugues-marines\\\/#primaryimage\"},\"thumbnailUrl\":\"https:\\\/\\\/cienciagandia.webs.upv.es\\\/wp-content\\\/uploads\\\/2023\\\/07\\\/Entrada-amb.jpg\",\"datePublished\":\"2023-07-18T15:17:24+00:00\",\"dateModified\":\"2023-07-18T15:17:45+00:00\",\"description\":\"El rojecte contribuir\u00e0 a generar els coneixements cient\u00edfics necessaris per a saber per qu\u00e8 est\u00e0 succeint aquesta colonitzaci\u00f3, per a facilitar la presa de decisions en la planificaci\u00f3 i gesti\u00f3 d'aquesta esp\u00e8cie amena\u00e7ada.\",\"breadcrumb\":{\"@id\":\"https:\\\/\\\/cienciagandia.webs.upv.es\\\/ca\\\/2023\\\/07\\\/record-de-nius-de-tortugues-marines\\\/#breadcrumb\"},\"inLanguage\":\"ca-CA\",\"potentialAction\":[{\"@type\":\"ReadAction\",\"target\":[\"https:\\\/\\\/cienciagandia.webs.upv.es\\\/ca\\\/2023\\\/07\\\/record-de-nius-de-tortugues-marines\\\/\"]}]},{\"@type\":\"ImageObject\",\"inLanguage\":\"ca-CA\",\"@id\":\"https:\\\/\\\/cienciagandia.webs.upv.es\\\/ca\\\/2023\\\/07\\\/record-de-nius-de-tortugues-marines\\\/#primaryimage\",\"url\":\"https:\\\/\\\/cienciagandia.webs.upv.es\\\/wp-content\\\/uploads\\\/2023\\\/07\\\/Entrada-amb.jpg\",\"contentUrl\":\"https:\\\/\\\/cienciagandia.webs.upv.es\\\/wp-content\\\/uploads\\\/2023\\\/07\\\/Entrada-amb.jpg\",\"width\":1400,\"height\":550},{\"@type\":\"BreadcrumbList\",\"@id\":\"https:\\\/\\\/cienciagandia.webs.upv.es\\\/ca\\\/2023\\\/07\\\/record-de-nius-de-tortugues-marines\\\/#breadcrumb\",\"itemListElement\":[{\"@type\":\"ListItem\",\"position\":1,\"name\":\"Portada\",\"item\":\"https:\\\/\\\/cienciagandia.webs.upv.es\\\/ca\\\/\"},{\"@type\":\"ListItem\",\"position\":2,\"name\":\"R\u00e8cord de nius de tortugues marines\"}]},{\"@type\":\"WebSite\",\"@id\":\"https:\\\/\\\/cienciagandia.webs.upv.es\\\/#website\",\"url\":\"https:\\\/\\\/cienciagandia.webs.upv.es\\\/\",\"name\":\"Blog de Ciencia del Campus de Gandia de la Universitat Polit\u00e8cnica de Val\u00e8ncia UPV\",\"description\":\"Campus de Gandia Ciencia UPV\",\"publisher\":{\"@id\":\"https:\\\/\\\/cienciagandia.webs.upv.es\\\/#organization\"},\"potentialAction\":[{\"@type\":\"SearchAction\",\"target\":{\"@type\":\"EntryPoint\",\"urlTemplate\":\"https:\\\/\\\/cienciagandia.webs.upv.es\\\/?s={search_term_string}\"},\"query-input\":{\"@type\":\"PropertyValueSpecification\",\"valueRequired\":true,\"valueName\":\"search_term_string\"}}],\"inLanguage\":\"ca-CA\"},{\"@type\":\"Organization\",\"@id\":\"https:\\\/\\\/cienciagandia.webs.upv.es\\\/#organization\",\"name\":\"Campus de Gandia de la Universitat Polit\u00e8cnica de Val\u00e8ncia UPV\",\"alternateName\":\"Campus de Gandia UPV\",\"url\":\"https:\\\/\\\/cienciagandia.webs.upv.es\\\/\",\"logo\":{\"@type\":\"ImageObject\",\"inLanguage\":\"ca-CA\",\"@id\":\"https:\\\/\\\/cienciagandia.webs.upv.es\\\/#\\\/schema\\\/logo\\\/image\\\/\",\"url\":\"https:\\\/\\\/cienciagandia.webs.upv.es\\\/wp-content\\\/uploads\\\/2023\\\/10\\\/UPV-Gandia.jpg\",\"contentUrl\":\"https:\\\/\\\/cienciagandia.webs.upv.es\\\/wp-content\\\/uploads\\\/2023\\\/10\\\/UPV-Gandia.jpg\",\"width\":770,\"height\":366,\"caption\":\"Campus de Gandia de la Universitat Polit\u00e8cnica de Val\u00e8ncia UPV\"},\"image\":{\"@id\":\"https:\\\/\\\/cienciagandia.webs.upv.es\\\/#\\\/schema\\\/logo\\\/image\\\/\"},\"sameAs\":[\"https:\\\/\\\/www.facebook.com\\\/UPVCampusGandia\",\"https:\\\/\\\/x.com\\\/UPVCampusGandia\",\"https:\\\/\\\/www.instagram.com\\\/upvcampusgandia\\\/\",\"https:\\\/\\\/www.linkedin.com\\\/company\\\/upvcampusgandia\\\/\"]},{\"@type\":\"Person\",\"@id\":\"https:\\\/\\\/cienciagandia.webs.upv.es\\\/#\\\/schema\\\/person\\\/742fd5d9f31f95e7e2c053fd6f0bccb8\",\"name\":\"Adrian\",\"image\":{\"@type\":\"ImageObject\",\"inLanguage\":\"ca-CA\",\"@id\":\"https:\\\/\\\/secure.gravatar.com\\\/avatar\\\/38af482e48f5831dffeb8ca3b644d3d549e8f6d33a51c54f46e10fae2d11b208?s=96&d=mm&r=g\",\"url\":\"https:\\\/\\\/secure.gravatar.com\\\/avatar\\\/38af482e48f5831dffeb8ca3b644d3d549e8f6d33a51c54f46e10fae2d11b208?s=96&d=mm&r=g\",\"contentUrl\":\"https:\\\/\\\/secure.gravatar.com\\\/avatar\\\/38af482e48f5831dffeb8ca3b644d3d549e8f6d33a51c54f46e10fae2d11b208?s=96&d=mm&r=g\",\"caption\":\"Adrian\"},\"url\":\"https:\\\/\\\/cienciagandia.webs.upv.es\\\/ca\\\/author\\\/adrian\\\/\"}]}<\/script>\n<!-- \/ Yoast SEO plugin. -->","yoast_head_json":{"title":"R\u00e8cord de nius de tortugues marines - Campus de Gandia Ciencia - UPV Universitat Polit\u00e8cnica de Val\u00e8ncia","description":"El rojecte contribuir\u00e0 a generar els coneixements cient\u00edfics necessaris per a saber per qu\u00e8 est\u00e0 succeint aquesta colonitzaci\u00f3, per a facilitar la presa de decisions en la planificaci\u00f3 i gesti\u00f3 d'aquesta esp\u00e8cie amena\u00e7ada.","robots":{"index":"index","follow":"follow","max-snippet":"max-snippet:-1","max-image-preview":"max-image-preview:large","max-video-preview":"max-video-preview:-1"},"canonical":"https:\/\/cienciagandia.webs.upv.es\/ca\/2023\/07\/record-de-nius-de-tortugues-marines\/","og_locale":"en_US","og_type":"article","og_title":"R\u00e8cord de nius de tortugues marines - Campus de Gandia Ciencia - UPV Universitat Polit\u00e8cnica de Val\u00e8ncia","og_description":"El rojecte contribuir\u00e0 a generar els coneixements cient\u00edfics necessaris per a saber per qu\u00e8 est\u00e0 succeint aquesta colonitzaci\u00f3, per a facilitar la presa de decisions en la planificaci\u00f3 i gesti\u00f3 d'aquesta esp\u00e8cie amena\u00e7ada.","og_url":"https:\/\/cienciagandia.webs.upv.es\/ca\/2023\/07\/record-de-nius-de-tortugues-marines\/","og_site_name":"Campus de Gandia Ciencia - UPV Universitat Polit\u00e8cnica de Val\u00e8ncia","article_publisher":"https:\/\/www.facebook.com\/UPVCampusGandia","article_published_time":"2023-07-18T15:17:24+00:00","article_modified_time":"2023-07-18T15:17:45+00:00","og_image":[{"width":1400,"height":550,"url":"https:\/\/cienciagandia.webs.upv.es\/wp-content\/uploads\/2023\/07\/Entrada-amb.jpg","type":"image\/jpeg"}],"author":"Adrian","twitter_card":"summary_large_image","twitter_creator":"@UPVCampusGandia","twitter_site":"@UPVCampusGandia","twitter_misc":{"Written by":"Adrian","Est. reading time":"6 minutes"},"schema":{"@context":"https:\/\/schema.org","@graph":[{"@type":"Article","@id":"https:\/\/cienciagandia.webs.upv.es\/ca\/2023\/07\/record-de-nius-de-tortugues-marines\/#article","isPartOf":{"@id":"https:\/\/cienciagandia.webs.upv.es\/ca\/2023\/07\/record-de-nius-de-tortugues-marines\/"},"author":{"name":"Adrian","@id":"https:\/\/cienciagandia.webs.upv.es\/#\/schema\/person\/742fd5d9f31f95e7e2c053fd6f0bccb8"},"headline":"R\u00e8cord de nius de tortugues marines","datePublished":"2023-07-18T15:17:24+00:00","dateModified":"2023-07-18T15:17:45+00:00","mainEntityOfPage":{"@id":"https:\/\/cienciagandia.webs.upv.es\/ca\/2023\/07\/record-de-nius-de-tortugues-marines\/"},"wordCount":981,"commentCount":0,"publisher":{"@id":"https:\/\/cienciagandia.webs.upv.es\/#organization"},"image":{"@id":"https:\/\/cienciagandia.webs.upv.es\/ca\/2023\/07\/record-de-nius-de-tortugues-marines\/#primaryimage"},"thumbnailUrl":"https:\/\/cienciagandia.webs.upv.es\/wp-content\/uploads\/2023\/07\/Entrada-amb.jpg","keywords":["Portada"],"articleSection":["Ambientals"],"inLanguage":"ca-CA","potentialAction":[{"@type":"CommentAction","name":"Comment","target":["https:\/\/cienciagandia.webs.upv.es\/ca\/2023\/07\/record-de-nius-de-tortugues-marines\/#respond"]}]},{"@type":"WebPage","@id":"https:\/\/cienciagandia.webs.upv.es\/ca\/2023\/07\/record-de-nius-de-tortugues-marines\/","url":"https:\/\/cienciagandia.webs.upv.es\/ca\/2023\/07\/record-de-nius-de-tortugues-marines\/","name":"R\u00e8cord de nius de tortugues marines - Campus de Gandia Ciencia - UPV Universitat Polit\u00e8cnica de Val\u00e8ncia","isPartOf":{"@id":"https:\/\/cienciagandia.webs.upv.es\/#website"},"primaryImageOfPage":{"@id":"https:\/\/cienciagandia.webs.upv.es\/ca\/2023\/07\/record-de-nius-de-tortugues-marines\/#primaryimage"},"image":{"@id":"https:\/\/cienciagandia.webs.upv.es\/ca\/2023\/07\/record-de-nius-de-tortugues-marines\/#primaryimage"},"thumbnailUrl":"https:\/\/cienciagandia.webs.upv.es\/wp-content\/uploads\/2023\/07\/Entrada-amb.jpg","datePublished":"2023-07-18T15:17:24+00:00","dateModified":"2023-07-18T15:17:45+00:00","description":"El rojecte contribuir\u00e0 a generar els coneixements cient\u00edfics necessaris per a saber per qu\u00e8 est\u00e0 succeint aquesta colonitzaci\u00f3, per a facilitar la presa de decisions en la planificaci\u00f3 i gesti\u00f3 d'aquesta esp\u00e8cie amena\u00e7ada.","breadcrumb":{"@id":"https:\/\/cienciagandia.webs.upv.es\/ca\/2023\/07\/record-de-nius-de-tortugues-marines\/#breadcrumb"},"inLanguage":"ca-CA","potentialAction":[{"@type":"ReadAction","target":["https:\/\/cienciagandia.webs.upv.es\/ca\/2023\/07\/record-de-nius-de-tortugues-marines\/"]}]},{"@type":"ImageObject","inLanguage":"ca-CA","@id":"https:\/\/cienciagandia.webs.upv.es\/ca\/2023\/07\/record-de-nius-de-tortugues-marines\/#primaryimage","url":"https:\/\/cienciagandia.webs.upv.es\/wp-content\/uploads\/2023\/07\/Entrada-amb.jpg","contentUrl":"https:\/\/cienciagandia.webs.upv.es\/wp-content\/uploads\/2023\/07\/Entrada-amb.jpg","width":1400,"height":550},{"@type":"BreadcrumbList","@id":"https:\/\/cienciagandia.webs.upv.es\/ca\/2023\/07\/record-de-nius-de-tortugues-marines\/#breadcrumb","itemListElement":[{"@type":"ListItem","position":1,"name":"Portada","item":"https:\/\/cienciagandia.webs.upv.es\/ca\/"},{"@type":"ListItem","position":2,"name":"R\u00e8cord de nius de tortugues marines"}]},{"@type":"WebSite","@id":"https:\/\/cienciagandia.webs.upv.es\/#website","url":"https:\/\/cienciagandia.webs.upv.es\/","name":"Blog de Ciencia del Campus de Gandia de la Universitat Polit\u00e8cnica de Val\u00e8ncia UPV","description":"Campus de Gandia Ciencia UPV","publisher":{"@id":"https:\/\/cienciagandia.webs.upv.es\/#organization"},"potentialAction":[{"@type":"SearchAction","target":{"@type":"EntryPoint","urlTemplate":"https:\/\/cienciagandia.webs.upv.es\/?s={search_term_string}"},"query-input":{"@type":"PropertyValueSpecification","valueRequired":true,"valueName":"search_term_string"}}],"inLanguage":"ca-CA"},{"@type":"Organization","@id":"https:\/\/cienciagandia.webs.upv.es\/#organization","name":"Campus de Gandia de la Universitat Polit\u00e8cnica de Val\u00e8ncia UPV","alternateName":"Campus de Gandia UPV","url":"https:\/\/cienciagandia.webs.upv.es\/","logo":{"@type":"ImageObject","inLanguage":"ca-CA","@id":"https:\/\/cienciagandia.webs.upv.es\/#\/schema\/logo\/image\/","url":"https:\/\/cienciagandia.webs.upv.es\/wp-content\/uploads\/2023\/10\/UPV-Gandia.jpg","contentUrl":"https:\/\/cienciagandia.webs.upv.es\/wp-content\/uploads\/2023\/10\/UPV-Gandia.jpg","width":770,"height":366,"caption":"Campus de Gandia de la Universitat Polit\u00e8cnica de Val\u00e8ncia UPV"},"image":{"@id":"https:\/\/cienciagandia.webs.upv.es\/#\/schema\/logo\/image\/"},"sameAs":["https:\/\/www.facebook.com\/UPVCampusGandia","https:\/\/x.com\/UPVCampusGandia","https:\/\/www.instagram.com\/upvcampusgandia\/","https:\/\/www.linkedin.com\/company\/upvcampusgandia\/"]},{"@type":"Person","@id":"https:\/\/cienciagandia.webs.upv.es\/#\/schema\/person\/742fd5d9f31f95e7e2c053fd6f0bccb8","name":"Adrian","image":{"@type":"ImageObject","inLanguage":"ca-CA","@id":"https:\/\/secure.gravatar.com\/avatar\/38af482e48f5831dffeb8ca3b644d3d549e8f6d33a51c54f46e10fae2d11b208?s=96&d=mm&r=g","url":"https:\/\/secure.gravatar.com\/avatar\/38af482e48f5831dffeb8ca3b644d3d549e8f6d33a51c54f46e10fae2d11b208?s=96&d=mm&r=g","contentUrl":"https:\/\/secure.gravatar.com\/avatar\/38af482e48f5831dffeb8ca3b644d3d549e8f6d33a51c54f46e10fae2d11b208?s=96&d=mm&r=g","caption":"Adrian"},"url":"https:\/\/cienciagandia.webs.upv.es\/ca\/author\/adrian\/"}]}},"_links":{"self":[{"href":"https:\/\/cienciagandia.webs.upv.es\/ca\/wp-json\/wp\/v2\/posts\/17826","targetHints":{"allow":["GET"]}}],"collection":[{"href":"https:\/\/cienciagandia.webs.upv.es\/ca\/wp-json\/wp\/v2\/posts"}],"about":[{"href":"https:\/\/cienciagandia.webs.upv.es\/ca\/wp-json\/wp\/v2\/types\/post"}],"author":[{"embeddable":true,"href":"https:\/\/cienciagandia.webs.upv.es\/ca\/wp-json\/wp\/v2\/users\/11"}],"replies":[{"embeddable":true,"href":"https:\/\/cienciagandia.webs.upv.es\/ca\/wp-json\/wp\/v2\/comments?post=17826"}],"version-history":[{"count":1,"href":"https:\/\/cienciagandia.webs.upv.es\/ca\/wp-json\/wp\/v2\/posts\/17826\/revisions"}],"predecessor-version":[{"id":17827,"href":"https:\/\/cienciagandia.webs.upv.es\/ca\/wp-json\/wp\/v2\/posts\/17826\/revisions\/17827"}],"wp:featuredmedia":[{"embeddable":true,"href":"https:\/\/cienciagandia.webs.upv.es\/ca\/wp-json\/wp\/v2\/media\/17791"}],"wp:attachment":[{"href":"https:\/\/cienciagandia.webs.upv.es\/ca\/wp-json\/wp\/v2\/media?parent=17826"}],"wp:term":[{"taxonomy":"category","embeddable":true,"href":"https:\/\/cienciagandia.webs.upv.es\/ca\/wp-json\/wp\/v2\/categories?post=17826"},{"taxonomy":"post_tag","embeddable":true,"href":"https:\/\/cienciagandia.webs.upv.es\/ca\/wp-json\/wp\/v2\/tags?post=17826"}],"curies":[{"name":"wp","href":"https:\/\/api.w.org\/{rel}","templated":true}]}}