{"id":17010,"date":"2023-02-14T17:58:04","date_gmt":"2023-02-14T16:58:04","guid":{"rendered":"https:\/\/cienciagandia.webs.upv.es\/?p=17010"},"modified":"2023-02-17T09:42:47","modified_gmt":"2023-02-17T08:42:47","slug":"porte-una-cientifica-al-meu-col%c2%b7le","status":"publish","type":"post","link":"https:\/\/cienciagandia.webs.upv.es\/ca\/2023\/02\/porte-una-cientifica-al-meu-col%c2%b7le\/","title":{"rendered":"Porte una cient\u00edfica al meu col\u00b7le"},"content":{"rendered":"<p>Per cinqu\u00e8 any consecutiu i amb motiu de l&#8217;<a href=\"http:\/\/11defebrero.org\/\">11\u00a0de febrer<\/a>, <strong>Dia Internacional de la Dona i la Xiqueta en la Ci\u00e8ncia<\/strong>, el\u00a0Comit\u00e8 d&#8217;Igualtat del Campus de Gandia de la Universitat Polit\u00e8cnica de Val\u00e8ncia (UPV) organitza la iniciativa \u2018Porte una cient\u00edfica al meu col\u00b7le\u2019, que es desenvolupar\u00e0 durant el mes febrer en el marc de l&#8217;acci\u00f3 estatal, amb el suport de la\u00a0<a href=\"http:\/\/www.upv.es\/contenidos\/CATIVIO\/index-es.html\">C\u00e0tedra IVIO<\/a> i <a href=\"https:\/\/americanspacev.upv.es\/\">American Space Val\u00e8ncia<\/a>.<\/p>\n<p>El reconeixement dels m\u00e8rits aconseguits per dones cient\u00edfiques i expertes continua sent una <strong>assignatura pendent a les aules<\/strong>, en les quals encara <strong>falten referents femenins<\/strong> que inspiren i permeten veure&#8217;s reflectides xiquetes i adolescents, factor clau en la superaci\u00f3 dels estereotips de g\u00e8nere que persisteixen en la nostra societat i que influeixen en l&#8217;elecci\u00f3 i projecci\u00f3 d&#8217;un futur professional.<\/p>\n<p>\u201cSegons l&#8217;informe <a href=\"https:\/\/www.lamoncloa.gob.es\/serviciosdeprensa\/notasprensa\/educacion\/Documents\/2022\/080322-informe-igualdad-en-cifras-2022.pdf\">\u2018Igualtat en xifres MEFP 2022\u2019<\/a>, publicat en 2022 pel Ministeri d&#8217;Educaci\u00f3 i de Formaci\u00f3 Professional (MEFP), les xiques van ser majoria en el Batxillerat d&#8217;Arts (72.1%), Humanitats (64.7%) i Ci\u00e8ncies Socials (54.8%) i menys de la meitat en el de Ci\u00e8ncies (47,5%).<\/p>\n<p>La V edici\u00f3 de \u2018Porte una cient\u00edfica al meu col\u00b7le\u2019 continuar\u00e0 presencialment a les aules de <strong>m\u00e9s de 900 estudiants<\/strong> d&#8217;educaci\u00f3 infantil, prim\u00e0ria, secund\u00e0ria i batxiller amb l&#8217;objectiu de <strong>visibilitzar el treball de dones cient\u00edfiques i acostar a l&#8217;estudiantat\u00a0 les professions cient\u00edfico-t\u00e8cniques<\/strong>, mitjan\u00e7ant activitats divulgatives i de sensibilitzaci\u00f3, de la m\u00e0 de dones que desenvolupen la seua activitat professional i\/o acad\u00e8mica en l&#8217;\u00e0mbit de la ci\u00e8ncia, tecnologia, enginyeria i matem\u00e0tiques.<\/p>\n<p><img loading=\"lazy\" decoding=\"async\" class=\"alignnone wp-image-17026\" src=\"https:\/\/cienciagandia.webs.upv.es\/wp-content\/uploads\/2023\/02\/Fotos-11F-1-641x500.jpg\" sizes=\"auto, (max-width: 858px) 100vw, 858px\" srcset=\"https:\/\/cienciagandia.webs.upv.es\/wp-content\/uploads\/2023\/02\/Fotos-11F-1-641x500.jpg 641w, https:\/\/cienciagandia.webs.upv.es\/wp-content\/uploads\/2023\/02\/Fotos-11F-1-320x250.jpg 320w, https:\/\/cienciagandia.webs.upv.es\/wp-content\/uploads\/2023\/02\/Fotos-11F-1-768x599.jpg 768w, https:\/\/cienciagandia.webs.upv.es\/wp-content\/uploads\/2023\/02\/Fotos-11F-1-150x117.jpg 150w, https:\/\/cienciagandia.webs.upv.es\/wp-content\/uploads\/2023\/02\/Fotos-11F-1.jpg 1380w\" alt=\"\" width=\"858\" height=\"669\" \/><\/p>\n<p><strong>PROGRAMA<\/strong><\/p>\n<p>7 de febrer. <strong>Un dia en la vida d&#8217;una dona cient\u00edfica. <\/strong>CEIP Rei en Jaume de Xirivella (sis\u00e8 de prim\u00e0ria). Amb <a href=\"http:\/\/www.upv.es\/pls\/oalu\/sic_person.Info?p_alias=psanche&amp;P_IDIOMA=v\">Pilar S\u00e1nchez<\/a> i Teresa Rubio. Activitat organitzada en col\u00b7laboraci\u00f3 amb l&#8217;Institut\u00a0 de Biomedicina de Val\u00e8ncia (IBV-CSIC). Selecci\u00f3 de llibres de la Biblioteca de Xirivella.<\/p>\n<p>8 de febrer. <strong>Dones Estel\u00b7lars. <\/strong>CRA Alfauir R\u00f2tova (infantil i prim\u00e0ria). Amb <a href=\"http:\/\/www.upv.es\/pls\/oalu\/sic_person.Info?p_alias=iparjona&amp;P_IDIOMA=v\">Isabel P\u00e9rez<\/a>.<\/p>\n<p>10 de febrer. <strong>Un dia en la vida d&#8217;una dona cient\u00edfica. <\/strong>CEIP Miguel de Cervantes de Xirivella (quart de prim\u00e0ria). Amb <a href=\"http:\/\/www.upv.es\/pls\/oalu\/sic_person.Info?p_alias=psanche&amp;P_IDIOMA=v\">Pilar S\u00e1nchez<\/a> i Teresa Rubio. Activitat organitzada en col\u00b7laboraci\u00f3 amb l&#8217;Institut\u00a0 de Biomedicina de Val\u00e8ncia (IBV-CSIC). Selecci\u00f3 de llibres de la Biblioteca de Xirivella.<\/p>\n<p>10 de febrer. <strong>Dones i mapes: la ci\u00e8ncia per trobar el m\u00f3n<\/strong>. CEIP Llu\u00eds de Sant\u00e0ngel del Saler\u00a0 (prim\u00e0ria). Amb <a href=\"http:\/\/www.upv.es\/pls\/oalu\/sic_person.Info?p_alias=paualfer&amp;P_IDIOMA=v\">Pau Alonso-Monasterio<\/a>.<\/p>\n<p>13 de febrer. <strong>Treballar en ci\u00e8ncia i tecnologia sent dona \u00e9s compatible. <\/strong>IES Gabriel Ciscar d&#8217;Oliva (quart de l&#8217;ESO i Batxiller). Amb <a href=\"http:\/\/www.upv.es\/pls\/oalu\/sic_person.Info?p_alias=loparbo&amp;P_IDIOMA=v\">Lorena Parra<\/a>.<\/p>\n<p>13 de febrer. <strong>Per qu\u00e8 necessitem un 11F i taller de qu\u00edmica b\u00e0sica<\/strong>. IES Ausi\u00e0s March de Gandia (tercer de l&#8217;ESO). Amb <a href=\"http:\/\/www.upv.es\/pls\/oalu\/sic_person.Info?p_alias=macosmur&amp;P_IDIOMA=v\">Josepa Costa<\/a> i <a href=\"http:\/\/www.upv.es\/pls\/oalu\/sic_person.Info?p_alias=sagtorca&amp;P_IDIOMA=v\">Sagrario Torres<\/a>.<\/p>\n<p>14 de febrer. <strong>Dones i ci\u00e8ncia. Taller de pre-cinema<\/strong>. CEIP Joan Martorell de Gandia (tercer i quart de prim\u00e0ria). Amb <a href=\"http:\/\/www.upv.es\/pls\/oalu\/sic_person.Info?p_alias=macosmur&amp;P_IDIOMA=v\">Josepa Costa<\/a> i <a href=\"http:\/\/www.upv.es\/pls\/oalu\/sic_person.Info?p_alias=sanferm2&amp;P_IDIOMA=v\">Sandra Martorell<\/a>.<\/p>\n<p>17 de febrer. <strong>El so pot veure&#8217;s<\/strong>. CEIP Sant Pere\u00a0 Ap\u00f2stol de L\u00b4Alqueria de la Comtessa (cinqu\u00e8 i sis\u00e8 de prim\u00e0ria). Amb <a href=\"http:\/\/www.upv.es\/pls\/oalu\/sic_person.Info?p_alias=roderey&amp;P_IDIOMA=v\">Romina del Rei<\/a>.<\/p>\n<p>28 de febrer. <strong>Contacontes: No som rar@s, som extraordinari@s<\/strong>. Biblioteca de Xirivella (infantil i prim\u00e0ria). Amb <a href=\"http:\/\/www.upv.es\/pls\/oalu\/sic_person.Info?p_alias=psanche&amp;P_IDIOMA=v\">Pilar S\u00e1nchez<\/a> i Teresa Rubio. Activitat organitzada en col\u00b7laboraci\u00f3 amb l&#8217;Institut\u00a0 de Biomedicina de Val\u00e8ncia (IBV-CSIC).<\/p>\n<p>23 de mar\u00e7. <strong>Dones en ci\u00e8ncia, una mirada multidisciplin\u00e0ria. <\/strong>IES Josep Iborra de Benissa (quart de l&#8217;ESO). Amb <a href=\"http:\/\/www.upv.es\/pls\/oalu\/sic_person.Info?p_alias=asperez&amp;P_IDIOMA=v\">Asun P\u00e9rez<\/a>.<\/p>\n<p><img loading=\"lazy\" decoding=\"async\" class=\"alignnone wp-image-17065\" src=\"https:\/\/cienciagandia.webs.upv.es\/wp-content\/uploads\/2023\/02\/fotos-11f-2-942x500.jpg\" alt=\"\" width=\"989\" height=\"525\" srcset=\"https:\/\/cienciagandia.webs.upv.es\/wp-content\/uploads\/2023\/02\/fotos-11f-2-942x500.jpg 942w, https:\/\/cienciagandia.webs.upv.es\/wp-content\/uploads\/2023\/02\/fotos-11f-2-471x250.jpg 471w, https:\/\/cienciagandia.webs.upv.es\/wp-content\/uploads\/2023\/02\/fotos-11f-2-768x408.jpg 768w, https:\/\/cienciagandia.webs.upv.es\/wp-content\/uploads\/2023\/02\/fotos-11f-2-1536x815.jpg 1536w, https:\/\/cienciagandia.webs.upv.es\/wp-content\/uploads\/2023\/02\/fotos-11f-2-2048x1087.jpg 2048w, https:\/\/cienciagandia.webs.upv.es\/wp-content\/uploads\/2023\/02\/fotos-11f-2-150x80.jpg 150w\" sizes=\"auto, (max-width: 989px) 100vw, 989px\" \/><\/p>\n<p>Aquesta activitat va comptar a m\u00e9s amb la col\u00b7laboraci\u00f3 de la Fundaci\u00f3 Espanyola per a la Ci\u00e8ncia i la Tecnologia (FECYT) del Ministeri de Ci\u00e8ncia i Innovaci\u00f3, en el marc de la programaci\u00f3 anual de la UCC+i de la UPV.<\/p>\n<p><img loading=\"lazy\" decoding=\"async\" class=\"alignnone wp-image-17113\" src=\"https:\/\/cienciagandia.webs.upv.es\/wp-content\/uploads\/2023\/02\/ministerio-fecyt-impreso_JPG-1440x291.jpg\" sizes=\"auto, (max-width: 525px) 100vw, 525px\" srcset=\"https:\/\/cienciagandia.webs.upv.es\/wp-content\/uploads\/2023\/02\/ministerio-fecyt-impreso_JPG-1440x291.jpg 1440w, https:\/\/cienciagandia.webs.upv.es\/wp-content\/uploads\/2023\/02\/ministerio-fecyt-impreso_JPG-600x121.jpg 600w, https:\/\/cienciagandia.webs.upv.es\/wp-content\/uploads\/2023\/02\/ministerio-fecyt-impreso_JPG-768x155.jpg 768w, https:\/\/cienciagandia.webs.upv.es\/wp-content\/uploads\/2023\/02\/ministerio-fecyt-impreso_JPG-1536x311.jpg 1536w, https:\/\/cienciagandia.webs.upv.es\/wp-content\/uploads\/2023\/02\/ministerio-fecyt-impreso_JPG-2048x414.jpg 2048w, https:\/\/cienciagandia.webs.upv.es\/wp-content\/uploads\/2023\/02\/ministerio-fecyt-impreso_JPG-150x30.jpg 150w\" alt=\"\" width=\"525\" height=\"106\" \/><\/p>\n<p><strong>Som futur<\/strong><\/p>\n<p>El 9 de febrer es va celebrar al Campus de Gandia\u00a0el tercer <strong>F\u00f2rum \u201cDona i xiqueta en la ci\u00e8ncia\u201d,\u00a0<\/strong>organitzada per Las Provincias amb la col\u00b7laboraci\u00f3 de l&#8217;Ajuntament de Gandia, el Campus de Gandia (UPV) i Global Omnium.<\/p>\n<p>En el marc de la jornada va tenir lloc una <strong>taula redona, <\/strong>moderada per la redactora de Las Provincias\u00a0Mar\u00eda Jos\u00e9 Carchano\u00a0i introdu\u00efda per\u00a0Jos\u00e9 Manuel Prieto, alcalde de Gandia; i\u00a0Jes\u00fas Alba, director del Campus de Gandia de la UPV. En el debat van participar\u00a0Esther M\u00e9ndez, directora d&#8217;Innovaci\u00f3 de GOLab, Centre Tecnol\u00f2gic de Global Omnium;\u00a0Marina Pinte, infermera i investigadora de l&#8217;\u00e0rea de C\u00e0ncer i Salut P\u00fablica de la Fundaci\u00f3 per al Foment de la Investigaci\u00f3 Sanit\u00e0ria i Biom\u00e8dica de la Comunitat Valenciana (Fisabio);\u00a0Nuria Lloret, investigadora, catedr\u00e0tica de la UPV;\u00a0<a href=\"http:\/\/www.upv.es\/pls\/oalu\/sic_person.Info?p_alias=sfalcog&amp;P_IDIOMA=v\">Silvia Falco<\/a>, investigadora i directora del M\u00e0ster en Avaluaci\u00f3 i Seguiment Ambiental d&#8217;Ecosistemes Marins i Costaners del Campus de Gandia; i\u00a0<a href=\"http:\/\/www.upv.es\/pls\/oalu\/sic_person.Info?p_alias=silvileo&amp;P_IDIOMA=v\">Silvia Vilari\u00f1o<\/a>, estudiant de doctorat al Campus de Gandia i t\u00e8cnica d&#8217;investigaci\u00f3.<\/p>\n<p>En la \u00a0taula redona es van tractar q\u00fcestions com la <strong>falta de referents femenins<\/strong> en l&#8217;\u00e0mbit de les carreres STEM i com es poden potenciar, la <strong>igualtat plena<\/strong> en \u00e0mbits com la investigaci\u00f3 i la ci\u00e8ncia, l&#8217;eliminaci\u00f3 <strong>de barreres<\/strong> i obstacles per a desenvolupar professions relacionades amb la branca cientificot\u00e8cnica o el desenvolupament de <strong>plans d&#8217;igualtat efectiva<\/strong>. Tot aix\u00f2, amb l&#8217;objectiu d&#8217;ajudar<strong> les dones<\/strong> que ja formen part d&#8217;aquest \u00e0mbit acad\u00e8mic i professional, i a aquelles joves i xiquetes, que es puguen estar plantejant en aquests moments apostar per aquesta mena de formaci\u00f3 i treball.<strong>\u00a0<\/strong><\/p>\n<p><iframe loading=\"lazy\" title=\"YouTube video player\" src=\"https:\/\/www.youtube.com\/embed\/kL_OS6npS5M\" width=\"560\" height=\"315\" frameborder=\"0\" allowfullscreen=\"allowfullscreen\"><\/iframe><\/p>\n<p><strong>Dones investigadores del Campus Gandia <\/strong><\/p>\n<p>La Biblioteca Campus Gandia CRAI col\u00b7labora un any m\u00e9s amb les activitats de l\u201911F, Dia internacional de la dona i la xiqueta en la ci\u00e8ncia, que realitza el Campus Gandia. Enguany la Biblioteca vol donar visibilitat a les dones investigadores d&#8217;aquest Campus mostrant la seua producci\u00f3 cient\u00edfica en les diferents \u00e0rees en les quals investiguen: Comunicacions, Qu\u00edmica, Comunicaci\u00f3 Audiovisual, Economia, o Enginyeria entre altres, a trav\u00e9s d&#8217;internet.<\/p>\n<p>De cada investigadora es pot accedir a la seua producci\u00f3 relacionada tant amb la doc\u00e8ncia com amb la investigaci\u00f3, en forma d&#8217;articles de revistes cient\u00edfiques, publicacions a congressos, llibres o per exemple tesis dirigides, per\u00f2 tamb\u00e9 es poden consultar contractes i projectes d&#8217;investigaci\u00f3 rebuts, premis i fins i tot patents.<\/p>\n<p><img loading=\"lazy\" decoding=\"async\" class=\"alignnone size-full wp-image-17034\" src=\"https:\/\/cienciagandia.webs.upv.es\/wp-content\/uploads\/2023\/02\/Dones-investigadores-Campus-de-Gandia.png\" alt=\"\" width=\"500\" height=\"328\" srcset=\"https:\/\/cienciagandia.webs.upv.es\/wp-content\/uploads\/2023\/02\/Dones-investigadores-Campus-de-Gandia.png 500w, https:\/\/cienciagandia.webs.upv.es\/wp-content\/uploads\/2023\/02\/Dones-investigadores-Campus-de-Gandia-381x250.png 381w, https:\/\/cienciagandia.webs.upv.es\/wp-content\/uploads\/2023\/02\/Dones-investigadores-Campus-de-Gandia-150x98.png 150w\" sizes=\"auto, (max-width: 500px) 100vw, 500px\" \/><\/p>\n<p>M\u00e9s informaci\u00f3: \u00a0<a href=\"https:\/\/bibcraigandia.blogs.upv.es\/?p=16898&amp;preview=true\">https:\/\/bibcraigandia.blogs.upv.es\/<strong>dones-investigadores<\/strong>\/<\/a><\/p>\n","protected":false},"excerpt":{"rendered":"<p>Per cinqu\u00e8 any consecutiu i amb motiu de l&#8217;11\u00a0de febrer, Dia Internacional de la Dona i la Xiqueta en la Ci\u00e8ncia, el\u00a0Comit\u00e8 d&#8217;Igualtat del Campus &#8230; <a title=\"Porte una cient\u00edfica al meu col\u00b7le\" class=\"read-more\" href=\"https:\/\/cienciagandia.webs.upv.es\/ca\/2023\/02\/porte-una-cientifica-al-meu-col%c2%b7le\/\" aria-label=\"Read more about Porte una cient\u00edfica al meu col\u00b7le\">Llegir m\u00e9s<\/a><\/p>\n","protected":false},"author":11,"featured_media":17021,"comment_status":"open","ping_status":"closed","sticky":false,"template":"","format":"standard","meta":{"footnotes":""},"categories":[1130],"tags":[706],"class_list":["post-17010","post","type-post","status-publish","format-standard","has-post-thumbnail","hentry","category-dones-ciencia","tag-destacat-ca","resize-featured-image"],"yoast_head":"<!-- This site is optimized with the Yoast SEO plugin v27.5 - https:\/\/yoast.com\/product\/yoast-seo-wordpress\/ -->\n<title>Porte una cient\u00edfica al meu col\u00b7le - Campus de Gandia Ciencia - UPV Universitat Polit\u00e8cnica de Val\u00e8ncia<\/title>\n<meta name=\"description\" content=\"El\u00a0Comit\u00e8 d&#039;Igualtat del Campus de Gandia de la UPV organitza la iniciativa \u2018Porte una cient\u00edfica al meu col\u00b7le\u2019, que es desenvolupar\u00e0 durant el mes febrer.\" \/>\n<meta name=\"robots\" content=\"index, follow, max-snippet:-1, max-image-preview:large, max-video-preview:-1\" \/>\n<link rel=\"canonical\" href=\"https:\/\/cienciagandia.webs.upv.es\/ca\/2023\/02\/porte-una-cientifica-al-meu-col\u00b7le\/\" \/>\n<meta property=\"og:locale\" content=\"en_US\" \/>\n<meta property=\"og:type\" content=\"article\" \/>\n<meta property=\"og:title\" content=\"Porte una cient\u00edfica al meu col\u00b7le - Campus de Gandia Ciencia - UPV Universitat Polit\u00e8cnica de Val\u00e8ncia\" \/>\n<meta property=\"og:description\" content=\"El\u00a0Comit\u00e8 d&#039;Igualtat del Campus de Gandia de la UPV organitza la iniciativa \u2018Porte una cient\u00edfica al meu col\u00b7le\u2019, que es desenvolupar\u00e0 durant el mes febrer.\" \/>\n<meta property=\"og:url\" content=\"https:\/\/cienciagandia.webs.upv.es\/ca\/2023\/02\/porte-una-cientifica-al-meu-col\u00b7le\/\" \/>\n<meta property=\"og:site_name\" content=\"Campus de Gandia Ciencia - UPV Universitat Polit\u00e8cnica de Val\u00e8ncia\" \/>\n<meta property=\"article:publisher\" content=\"https:\/\/www.facebook.com\/UPVCampusGandia\" \/>\n<meta property=\"article:published_time\" content=\"2023-02-14T16:58:04+00:00\" \/>\n<meta property=\"article:modified_time\" content=\"2023-02-17T08:42:47+00:00\" \/>\n<meta property=\"og:image\" content=\"https:\/\/cienciagandia.webs.upv.es\/wp-content\/uploads\/2023\/02\/PORTADA-11f-UPV.jpg\" \/>\n\t<meta property=\"og:image:width\" content=\"1400\" \/>\n\t<meta property=\"og:image:height\" content=\"550\" \/>\n\t<meta property=\"og:image:type\" content=\"image\/jpeg\" \/>\n<meta name=\"author\" content=\"Adrian\" \/>\n<meta name=\"twitter:card\" content=\"summary_large_image\" \/>\n<meta name=\"twitter:creator\" content=\"@UPVCampusGandia\" \/>\n<meta name=\"twitter:site\" content=\"@UPVCampusGandia\" \/>\n<meta name=\"twitter:label1\" content=\"Written by\" \/>\n\t<meta name=\"twitter:data1\" content=\"Adrian\" \/>\n\t<meta name=\"twitter:label2\" content=\"Est. reading time\" \/>\n\t<meta name=\"twitter:data2\" content=\"6 minutes\" \/>\n<script type=\"application\/ld+json\" class=\"yoast-schema-graph\">{\"@context\":\"https:\\\/\\\/schema.org\",\"@graph\":[{\"@type\":\"Article\",\"@id\":\"https:\\\/\\\/cienciagandia.webs.upv.es\\\/ca\\\/2023\\\/02\\\/porte-una-cientifica-al-meu-col%c2%b7le\\\/#article\",\"isPartOf\":{\"@id\":\"https:\\\/\\\/cienciagandia.webs.upv.es\\\/ca\\\/2023\\\/02\\\/porte-una-cientifica-al-meu-col%c2%b7le\\\/\"},\"author\":{\"name\":\"Adrian\",\"@id\":\"https:\\\/\\\/cienciagandia.webs.upv.es\\\/#\\\/schema\\\/person\\\/742fd5d9f31f95e7e2c053fd6f0bccb8\"},\"headline\":\"Porte una cient\u00edfica al meu col\u00b7le\",\"datePublished\":\"2023-02-14T16:58:04+00:00\",\"dateModified\":\"2023-02-17T08:42:47+00:00\",\"mainEntityOfPage\":{\"@id\":\"https:\\\/\\\/cienciagandia.webs.upv.es\\\/ca\\\/2023\\\/02\\\/porte-una-cientifica-al-meu-col%c2%b7le\\\/\"},\"wordCount\":1079,\"commentCount\":0,\"publisher\":{\"@id\":\"https:\\\/\\\/cienciagandia.webs.upv.es\\\/#organization\"},\"image\":{\"@id\":\"https:\\\/\\\/cienciagandia.webs.upv.es\\\/ca\\\/2023\\\/02\\\/porte-una-cientifica-al-meu-col%c2%b7le\\\/#primaryimage\"},\"thumbnailUrl\":\"https:\\\/\\\/cienciagandia.webs.upv.es\\\/wp-content\\\/uploads\\\/2023\\\/02\\\/PORTADA-11f-UPV.jpg\",\"keywords\":[\"Portada\"],\"articleSection\":[\"Dones i ci\u00e8ncia\"],\"inLanguage\":\"ca-CA\",\"potentialAction\":[{\"@type\":\"CommentAction\",\"name\":\"Comment\",\"target\":[\"https:\\\/\\\/cienciagandia.webs.upv.es\\\/ca\\\/2023\\\/02\\\/porte-una-cientifica-al-meu-col%c2%b7le\\\/#respond\"]}]},{\"@type\":\"WebPage\",\"@id\":\"https:\\\/\\\/cienciagandia.webs.upv.es\\\/ca\\\/2023\\\/02\\\/porte-una-cientifica-al-meu-col%c2%b7le\\\/\",\"url\":\"https:\\\/\\\/cienciagandia.webs.upv.es\\\/ca\\\/2023\\\/02\\\/porte-una-cientifica-al-meu-col%c2%b7le\\\/\",\"name\":\"Porte una cient\u00edfica al meu col\u00b7le - Campus de Gandia Ciencia - UPV Universitat Polit\u00e8cnica de Val\u00e8ncia\",\"isPartOf\":{\"@id\":\"https:\\\/\\\/cienciagandia.webs.upv.es\\\/#website\"},\"primaryImageOfPage\":{\"@id\":\"https:\\\/\\\/cienciagandia.webs.upv.es\\\/ca\\\/2023\\\/02\\\/porte-una-cientifica-al-meu-col%c2%b7le\\\/#primaryimage\"},\"image\":{\"@id\":\"https:\\\/\\\/cienciagandia.webs.upv.es\\\/ca\\\/2023\\\/02\\\/porte-una-cientifica-al-meu-col%c2%b7le\\\/#primaryimage\"},\"thumbnailUrl\":\"https:\\\/\\\/cienciagandia.webs.upv.es\\\/wp-content\\\/uploads\\\/2023\\\/02\\\/PORTADA-11f-UPV.jpg\",\"datePublished\":\"2023-02-14T16:58:04+00:00\",\"dateModified\":\"2023-02-17T08:42:47+00:00\",\"description\":\"El\u00a0Comit\u00e8 d'Igualtat del Campus de Gandia de la UPV organitza la iniciativa \u2018Porte una cient\u00edfica al meu col\u00b7le\u2019, que es desenvolupar\u00e0 durant el mes febrer.\",\"breadcrumb\":{\"@id\":\"https:\\\/\\\/cienciagandia.webs.upv.es\\\/ca\\\/2023\\\/02\\\/porte-una-cientifica-al-meu-col%c2%b7le\\\/#breadcrumb\"},\"inLanguage\":\"ca-CA\",\"potentialAction\":[{\"@type\":\"ReadAction\",\"target\":[\"https:\\\/\\\/cienciagandia.webs.upv.es\\\/ca\\\/2023\\\/02\\\/porte-una-cientifica-al-meu-col%c2%b7le\\\/\"]}]},{\"@type\":\"ImageObject\",\"inLanguage\":\"ca-CA\",\"@id\":\"https:\\\/\\\/cienciagandia.webs.upv.es\\\/ca\\\/2023\\\/02\\\/porte-una-cientifica-al-meu-col%c2%b7le\\\/#primaryimage\",\"url\":\"https:\\\/\\\/cienciagandia.webs.upv.es\\\/wp-content\\\/uploads\\\/2023\\\/02\\\/PORTADA-11f-UPV.jpg\",\"contentUrl\":\"https:\\\/\\\/cienciagandia.webs.upv.es\\\/wp-content\\\/uploads\\\/2023\\\/02\\\/PORTADA-11f-UPV.jpg\",\"width\":1400,\"height\":550},{\"@type\":\"BreadcrumbList\",\"@id\":\"https:\\\/\\\/cienciagandia.webs.upv.es\\\/ca\\\/2023\\\/02\\\/porte-una-cientifica-al-meu-col%c2%b7le\\\/#breadcrumb\",\"itemListElement\":[{\"@type\":\"ListItem\",\"position\":1,\"name\":\"Portada\",\"item\":\"https:\\\/\\\/cienciagandia.webs.upv.es\\\/ca\\\/\"},{\"@type\":\"ListItem\",\"position\":2,\"name\":\"Porte una cient\u00edfica al meu col\u00b7le\"}]},{\"@type\":\"WebSite\",\"@id\":\"https:\\\/\\\/cienciagandia.webs.upv.es\\\/#website\",\"url\":\"https:\\\/\\\/cienciagandia.webs.upv.es\\\/\",\"name\":\"Blog de Ciencia del Campus de Gandia de la Universitat Polit\u00e8cnica de Val\u00e8ncia UPV\",\"description\":\"Campus de Gandia Ciencia UPV\",\"publisher\":{\"@id\":\"https:\\\/\\\/cienciagandia.webs.upv.es\\\/#organization\"},\"potentialAction\":[{\"@type\":\"SearchAction\",\"target\":{\"@type\":\"EntryPoint\",\"urlTemplate\":\"https:\\\/\\\/cienciagandia.webs.upv.es\\\/?s={search_term_string}\"},\"query-input\":{\"@type\":\"PropertyValueSpecification\",\"valueRequired\":true,\"valueName\":\"search_term_string\"}}],\"inLanguage\":\"ca-CA\"},{\"@type\":\"Organization\",\"@id\":\"https:\\\/\\\/cienciagandia.webs.upv.es\\\/#organization\",\"name\":\"Campus de Gandia de la Universitat Polit\u00e8cnica de Val\u00e8ncia UPV\",\"alternateName\":\"Campus de Gandia UPV\",\"url\":\"https:\\\/\\\/cienciagandia.webs.upv.es\\\/\",\"logo\":{\"@type\":\"ImageObject\",\"inLanguage\":\"ca-CA\",\"@id\":\"https:\\\/\\\/cienciagandia.webs.upv.es\\\/#\\\/schema\\\/logo\\\/image\\\/\",\"url\":\"https:\\\/\\\/cienciagandia.webs.upv.es\\\/wp-content\\\/uploads\\\/2023\\\/10\\\/UPV-Gandia.jpg\",\"contentUrl\":\"https:\\\/\\\/cienciagandia.webs.upv.es\\\/wp-content\\\/uploads\\\/2023\\\/10\\\/UPV-Gandia.jpg\",\"width\":770,\"height\":366,\"caption\":\"Campus de Gandia de la Universitat Polit\u00e8cnica de Val\u00e8ncia UPV\"},\"image\":{\"@id\":\"https:\\\/\\\/cienciagandia.webs.upv.es\\\/#\\\/schema\\\/logo\\\/image\\\/\"},\"sameAs\":[\"https:\\\/\\\/www.facebook.com\\\/UPVCampusGandia\",\"https:\\\/\\\/x.com\\\/UPVCampusGandia\",\"https:\\\/\\\/www.instagram.com\\\/upvcampusgandia\\\/\",\"https:\\\/\\\/www.linkedin.com\\\/company\\\/upvcampusgandia\\\/\"]},{\"@type\":\"Person\",\"@id\":\"https:\\\/\\\/cienciagandia.webs.upv.es\\\/#\\\/schema\\\/person\\\/742fd5d9f31f95e7e2c053fd6f0bccb8\",\"name\":\"Adrian\",\"image\":{\"@type\":\"ImageObject\",\"inLanguage\":\"ca-CA\",\"@id\":\"https:\\\/\\\/secure.gravatar.com\\\/avatar\\\/38af482e48f5831dffeb8ca3b644d3d549e8f6d33a51c54f46e10fae2d11b208?s=96&d=mm&r=g\",\"url\":\"https:\\\/\\\/secure.gravatar.com\\\/avatar\\\/38af482e48f5831dffeb8ca3b644d3d549e8f6d33a51c54f46e10fae2d11b208?s=96&d=mm&r=g\",\"contentUrl\":\"https:\\\/\\\/secure.gravatar.com\\\/avatar\\\/38af482e48f5831dffeb8ca3b644d3d549e8f6d33a51c54f46e10fae2d11b208?s=96&d=mm&r=g\",\"caption\":\"Adrian\"},\"url\":\"https:\\\/\\\/cienciagandia.webs.upv.es\\\/ca\\\/author\\\/adrian\\\/\"}]}<\/script>\n<!-- \/ Yoast SEO plugin. -->","yoast_head_json":{"title":"Porte una cient\u00edfica al meu col\u00b7le - Campus de Gandia Ciencia - UPV Universitat Polit\u00e8cnica de Val\u00e8ncia","description":"El\u00a0Comit\u00e8 d'Igualtat del Campus de Gandia de la UPV organitza la iniciativa \u2018Porte una cient\u00edfica al meu col\u00b7le\u2019, que es desenvolupar\u00e0 durant el mes febrer.","robots":{"index":"index","follow":"follow","max-snippet":"max-snippet:-1","max-image-preview":"max-image-preview:large","max-video-preview":"max-video-preview:-1"},"canonical":"https:\/\/cienciagandia.webs.upv.es\/ca\/2023\/02\/porte-una-cientifica-al-meu-col\u00b7le\/","og_locale":"en_US","og_type":"article","og_title":"Porte una cient\u00edfica al meu col\u00b7le - Campus de Gandia Ciencia - UPV Universitat Polit\u00e8cnica de Val\u00e8ncia","og_description":"El\u00a0Comit\u00e8 d'Igualtat del Campus de Gandia de la UPV organitza la iniciativa \u2018Porte una cient\u00edfica al meu col\u00b7le\u2019, que es desenvolupar\u00e0 durant el mes febrer.","og_url":"https:\/\/cienciagandia.webs.upv.es\/ca\/2023\/02\/porte-una-cientifica-al-meu-col\u00b7le\/","og_site_name":"Campus de Gandia Ciencia - UPV Universitat Polit\u00e8cnica de Val\u00e8ncia","article_publisher":"https:\/\/www.facebook.com\/UPVCampusGandia","article_published_time":"2023-02-14T16:58:04+00:00","article_modified_time":"2023-02-17T08:42:47+00:00","og_image":[{"width":1400,"height":550,"url":"https:\/\/cienciagandia.webs.upv.es\/wp-content\/uploads\/2023\/02\/PORTADA-11f-UPV.jpg","type":"image\/jpeg"}],"author":"Adrian","twitter_card":"summary_large_image","twitter_creator":"@UPVCampusGandia","twitter_site":"@UPVCampusGandia","twitter_misc":{"Written by":"Adrian","Est. reading time":"6 minutes"},"schema":{"@context":"https:\/\/schema.org","@graph":[{"@type":"Article","@id":"https:\/\/cienciagandia.webs.upv.es\/ca\/2023\/02\/porte-una-cientifica-al-meu-col%c2%b7le\/#article","isPartOf":{"@id":"https:\/\/cienciagandia.webs.upv.es\/ca\/2023\/02\/porte-una-cientifica-al-meu-col%c2%b7le\/"},"author":{"name":"Adrian","@id":"https:\/\/cienciagandia.webs.upv.es\/#\/schema\/person\/742fd5d9f31f95e7e2c053fd6f0bccb8"},"headline":"Porte una cient\u00edfica al meu col\u00b7le","datePublished":"2023-02-14T16:58:04+00:00","dateModified":"2023-02-17T08:42:47+00:00","mainEntityOfPage":{"@id":"https:\/\/cienciagandia.webs.upv.es\/ca\/2023\/02\/porte-una-cientifica-al-meu-col%c2%b7le\/"},"wordCount":1079,"commentCount":0,"publisher":{"@id":"https:\/\/cienciagandia.webs.upv.es\/#organization"},"image":{"@id":"https:\/\/cienciagandia.webs.upv.es\/ca\/2023\/02\/porte-una-cientifica-al-meu-col%c2%b7le\/#primaryimage"},"thumbnailUrl":"https:\/\/cienciagandia.webs.upv.es\/wp-content\/uploads\/2023\/02\/PORTADA-11f-UPV.jpg","keywords":["Portada"],"articleSection":["Dones i ci\u00e8ncia"],"inLanguage":"ca-CA","potentialAction":[{"@type":"CommentAction","name":"Comment","target":["https:\/\/cienciagandia.webs.upv.es\/ca\/2023\/02\/porte-una-cientifica-al-meu-col%c2%b7le\/#respond"]}]},{"@type":"WebPage","@id":"https:\/\/cienciagandia.webs.upv.es\/ca\/2023\/02\/porte-una-cientifica-al-meu-col%c2%b7le\/","url":"https:\/\/cienciagandia.webs.upv.es\/ca\/2023\/02\/porte-una-cientifica-al-meu-col%c2%b7le\/","name":"Porte una cient\u00edfica al meu col\u00b7le - Campus de Gandia Ciencia - UPV Universitat Polit\u00e8cnica de Val\u00e8ncia","isPartOf":{"@id":"https:\/\/cienciagandia.webs.upv.es\/#website"},"primaryImageOfPage":{"@id":"https:\/\/cienciagandia.webs.upv.es\/ca\/2023\/02\/porte-una-cientifica-al-meu-col%c2%b7le\/#primaryimage"},"image":{"@id":"https:\/\/cienciagandia.webs.upv.es\/ca\/2023\/02\/porte-una-cientifica-al-meu-col%c2%b7le\/#primaryimage"},"thumbnailUrl":"https:\/\/cienciagandia.webs.upv.es\/wp-content\/uploads\/2023\/02\/PORTADA-11f-UPV.jpg","datePublished":"2023-02-14T16:58:04+00:00","dateModified":"2023-02-17T08:42:47+00:00","description":"El\u00a0Comit\u00e8 d'Igualtat del Campus de Gandia de la UPV organitza la iniciativa \u2018Porte una cient\u00edfica al meu col\u00b7le\u2019, que es desenvolupar\u00e0 durant el mes febrer.","breadcrumb":{"@id":"https:\/\/cienciagandia.webs.upv.es\/ca\/2023\/02\/porte-una-cientifica-al-meu-col%c2%b7le\/#breadcrumb"},"inLanguage":"ca-CA","potentialAction":[{"@type":"ReadAction","target":["https:\/\/cienciagandia.webs.upv.es\/ca\/2023\/02\/porte-una-cientifica-al-meu-col%c2%b7le\/"]}]},{"@type":"ImageObject","inLanguage":"ca-CA","@id":"https:\/\/cienciagandia.webs.upv.es\/ca\/2023\/02\/porte-una-cientifica-al-meu-col%c2%b7le\/#primaryimage","url":"https:\/\/cienciagandia.webs.upv.es\/wp-content\/uploads\/2023\/02\/PORTADA-11f-UPV.jpg","contentUrl":"https:\/\/cienciagandia.webs.upv.es\/wp-content\/uploads\/2023\/02\/PORTADA-11f-UPV.jpg","width":1400,"height":550},{"@type":"BreadcrumbList","@id":"https:\/\/cienciagandia.webs.upv.es\/ca\/2023\/02\/porte-una-cientifica-al-meu-col%c2%b7le\/#breadcrumb","itemListElement":[{"@type":"ListItem","position":1,"name":"Portada","item":"https:\/\/cienciagandia.webs.upv.es\/ca\/"},{"@type":"ListItem","position":2,"name":"Porte una cient\u00edfica al meu col\u00b7le"}]},{"@type":"WebSite","@id":"https:\/\/cienciagandia.webs.upv.es\/#website","url":"https:\/\/cienciagandia.webs.upv.es\/","name":"Blog de Ciencia del Campus de Gandia de la Universitat Polit\u00e8cnica de Val\u00e8ncia UPV","description":"Campus de Gandia Ciencia UPV","publisher":{"@id":"https:\/\/cienciagandia.webs.upv.es\/#organization"},"potentialAction":[{"@type":"SearchAction","target":{"@type":"EntryPoint","urlTemplate":"https:\/\/cienciagandia.webs.upv.es\/?s={search_term_string}"},"query-input":{"@type":"PropertyValueSpecification","valueRequired":true,"valueName":"search_term_string"}}],"inLanguage":"ca-CA"},{"@type":"Organization","@id":"https:\/\/cienciagandia.webs.upv.es\/#organization","name":"Campus de Gandia de la Universitat Polit\u00e8cnica de Val\u00e8ncia UPV","alternateName":"Campus de Gandia UPV","url":"https:\/\/cienciagandia.webs.upv.es\/","logo":{"@type":"ImageObject","inLanguage":"ca-CA","@id":"https:\/\/cienciagandia.webs.upv.es\/#\/schema\/logo\/image\/","url":"https:\/\/cienciagandia.webs.upv.es\/wp-content\/uploads\/2023\/10\/UPV-Gandia.jpg","contentUrl":"https:\/\/cienciagandia.webs.upv.es\/wp-content\/uploads\/2023\/10\/UPV-Gandia.jpg","width":770,"height":366,"caption":"Campus de Gandia de la Universitat Polit\u00e8cnica de Val\u00e8ncia UPV"},"image":{"@id":"https:\/\/cienciagandia.webs.upv.es\/#\/schema\/logo\/image\/"},"sameAs":["https:\/\/www.facebook.com\/UPVCampusGandia","https:\/\/x.com\/UPVCampusGandia","https:\/\/www.instagram.com\/upvcampusgandia\/","https:\/\/www.linkedin.com\/company\/upvcampusgandia\/"]},{"@type":"Person","@id":"https:\/\/cienciagandia.webs.upv.es\/#\/schema\/person\/742fd5d9f31f95e7e2c053fd6f0bccb8","name":"Adrian","image":{"@type":"ImageObject","inLanguage":"ca-CA","@id":"https:\/\/secure.gravatar.com\/avatar\/38af482e48f5831dffeb8ca3b644d3d549e8f6d33a51c54f46e10fae2d11b208?s=96&d=mm&r=g","url":"https:\/\/secure.gravatar.com\/avatar\/38af482e48f5831dffeb8ca3b644d3d549e8f6d33a51c54f46e10fae2d11b208?s=96&d=mm&r=g","contentUrl":"https:\/\/secure.gravatar.com\/avatar\/38af482e48f5831dffeb8ca3b644d3d549e8f6d33a51c54f46e10fae2d11b208?s=96&d=mm&r=g","caption":"Adrian"},"url":"https:\/\/cienciagandia.webs.upv.es\/ca\/author\/adrian\/"}]}},"_links":{"self":[{"href":"https:\/\/cienciagandia.webs.upv.es\/ca\/wp-json\/wp\/v2\/posts\/17010","targetHints":{"allow":["GET"]}}],"collection":[{"href":"https:\/\/cienciagandia.webs.upv.es\/ca\/wp-json\/wp\/v2\/posts"}],"about":[{"href":"https:\/\/cienciagandia.webs.upv.es\/ca\/wp-json\/wp\/v2\/types\/post"}],"author":[{"embeddable":true,"href":"https:\/\/cienciagandia.webs.upv.es\/ca\/wp-json\/wp\/v2\/users\/11"}],"replies":[{"embeddable":true,"href":"https:\/\/cienciagandia.webs.upv.es\/ca\/wp-json\/wp\/v2\/comments?post=17010"}],"version-history":[{"count":17,"href":"https:\/\/cienciagandia.webs.upv.es\/ca\/wp-json\/wp\/v2\/posts\/17010\/revisions"}],"predecessor-version":[{"id":17125,"href":"https:\/\/cienciagandia.webs.upv.es\/ca\/wp-json\/wp\/v2\/posts\/17010\/revisions\/17125"}],"wp:featuredmedia":[{"embeddable":true,"href":"https:\/\/cienciagandia.webs.upv.es\/ca\/wp-json\/wp\/v2\/media\/17021"}],"wp:attachment":[{"href":"https:\/\/cienciagandia.webs.upv.es\/ca\/wp-json\/wp\/v2\/media?parent=17010"}],"wp:term":[{"taxonomy":"category","embeddable":true,"href":"https:\/\/cienciagandia.webs.upv.es\/ca\/wp-json\/wp\/v2\/categories?post=17010"},{"taxonomy":"post_tag","embeddable":true,"href":"https:\/\/cienciagandia.webs.upv.es\/ca\/wp-json\/wp\/v2\/tags?post=17010"}],"curies":[{"name":"wp","href":"https:\/\/api.w.org\/{rel}","templated":true}]}}