{"id":16951,"date":"2023-02-07T15:56:38","date_gmt":"2023-02-07T14:56:38","guid":{"rendered":"https:\/\/cienciagandia.webs.upv.es\/?p=16951"},"modified":"2023-02-17T12:17:12","modified_gmt":"2023-02-17T11:17:12","slug":"millora-de-la-comunicacio-entre-el-personal-sanitari-i-la-poblacio","status":"publish","type":"post","link":"https:\/\/cienciagandia.webs.upv.es\/ca\/2023\/02\/millora-de-la-comunicacio-entre-el-personal-sanitari-i-la-poblacio\/","title":{"rendered":"Millora de la comunicaci\u00f3 entre el personal sanitari i la poblaci\u00f3"},"content":{"rendered":"<p>Els Centres de Salut que formen part del Departament de Salut X\u00e0tiva-Ontinyent, han estat treballant els \u00faltims mesos en una <strong>millora de la comunicaci\u00f3 entre el personal sanitari i la poblaci\u00f3<\/strong>, mitjan\u00e7ant la creaci\u00f3 d&#8217;una comissi\u00f3 de comunicaci\u00f3 formada per membres de diferents perfils que conflueixen en l&#8217;atenci\u00f3 prim\u00e0ria de salut. Per a aquest fi han comptat amb la col\u00b7laboraci\u00f3 de professorat i personal d&#8217;investigaci\u00f3 de l&#8217;\u00e0rea de comunicaci\u00f3 audiovisual del Campus de Gandia de la Universitat Polit\u00e8cnica de Val\u00e8ncia (UPV), liderats per <a href=\"http:\/\/www.upv.es\/pls\/oalu\/sic_person.Info?p_alias=rautebo&amp;P_IDIOMA=v\">Ra\u00fal Terol<\/a>.<\/p>\n<audio class=\"wp-audio-shortcode\" id=\"audio-16951-1\" preload=\"none\" style=\"width: 100%;\" controls=\"controls\"><source type=\"audio\/mpeg\" src=\"https:\/\/cienciagandia.webs.upv.es\/wp-content\/uploads\/2023\/01\/Entrevista-a-Victor-Climent-Atencio-Primaria-inicia-una-campanya-informativa-per-donar-a-coneixer-la-feina-dels-seus-profes.mp3?_=1\" \/><a href=\"https:\/\/cienciagandia.webs.upv.es\/wp-content\/uploads\/2023\/01\/Entrevista-a-Victor-Climent-Atencio-Primaria-inicia-una-campanya-informativa-per-donar-a-coneixer-la-feina-dels-seus-profes.mp3\">https:\/\/cienciagandia.webs.upv.es\/wp-content\/uploads\/2023\/01\/Entrevista-a-Victor-Climent-Atencio-Primaria-inicia-una-campanya-informativa-per-donar-a-coneixer-la-feina-dels-seus-profes.mp3<\/a><\/audio>\n<p>Entrevista a V\u00edctor Climent, metge del Departament de Salut X\u00e0tiva-Ontinyent.<\/p>\n<p>Amb el lema \u201c<strong>Coneix la teua Atenci\u00f3 Prim\u00e0ria<\/strong>\u201d s&#8217;han iniciat una s\u00e8rie d&#8217;accions comunicatives l&#8217;objectiu principal de les quals \u00e9s el d&#8217;acostar els centres de salut a la poblaci\u00f3 d&#8217;Ontinyent. Mitjan\u00e7ant una s\u00e8rie de <strong>v\u00eddeos de car\u00e0cter corporatiu<\/strong> es presenten els valors de l&#8217;atenci\u00f3 prim\u00e0ria i les principals funcions que desenvolupen cadascuna de les figures professionals dels centres de salut.<\/p>\n<p>El primer dels v\u00eddeos realitzats se titula<a href=\"https:\/\/www.youtube.com\/watch?v=56jnTQRFHeE\"> \u201c<strong>Coneixes la teua atenci\u00f3 prim\u00e0ria de salut?<\/strong>\u201d<\/a> i ha sigut realitzat per l&#8217;estudiant Luis Ferrer, al costat de la metgessa, Sara Vicente, que est\u00e0 realitzant la seua tesi doctoral en la UPV, analitzant l&#8217;impacte que la comunicaci\u00f3 entre els centres de salut i la ciutadania d&#8217;Ontinyent pot tenir sobre els recursos assistencials en l&#8217;Atenci\u00f3 Prim\u00e0ria i Comunit\u00e0ria.<\/p>\n<p><img loading=\"lazy\" decoding=\"async\" class=\"alignnone wp-image-16934\" src=\"https:\/\/cienciagandia.webs.upv.es\/wp-content\/uploads\/2023\/01\/Luis-Ferrer-Gomez-Caro.jpg\" sizes=\"auto, (max-width: 392px) 100vw, 392px\" srcset=\"https:\/\/cienciagandia.webs.upv.es\/wp-content\/uploads\/2023\/01\/Luis-Ferrer-Gomez-Caro.jpg 622w, https:\/\/cienciagandia.webs.upv.es\/wp-content\/uploads\/2023\/01\/Luis-Ferrer-Gomez-Caro-382x250.jpg 382w, https:\/\/cienciagandia.webs.upv.es\/wp-content\/uploads\/2023\/01\/Luis-Ferrer-Gomez-Caro-150x98.jpg 150w\" alt=\"\" width=\"392\" height=\"256\" \/> <img loading=\"lazy\" decoding=\"async\" class=\"alignnone wp-image-16979\" src=\"https:\/\/cienciagandia.webs.upv.es\/wp-content\/uploads\/2023\/02\/Paula-Robles-340x500.jpg\" sizes=\"auto, (max-width: 175px) 100vw, 175px\" srcset=\"https:\/\/cienciagandia.webs.upv.es\/wp-content\/uploads\/2023\/02\/Paula-Robles-340x500.jpg 340w, https:\/\/cienciagandia.webs.upv.es\/wp-content\/uploads\/2023\/02\/Paula-Robles-170x250.jpg 170w, https:\/\/cienciagandia.webs.upv.es\/wp-content\/uploads\/2023\/02\/Paula-Robles-102x150.jpg 102w, https:\/\/cienciagandia.webs.upv.es\/wp-content\/uploads\/2023\/02\/Paula-Robles.jpg 360w\" alt=\"\" width=\"175\" height=\"257\" \/><\/p>\n<p>A m\u00e9s, dos estudiants del Campus de Gandia (UPV), Ignacio M\u00e1\u00f1ez i Pau Chanz\u00e1, han realitzat en el seu Treball Final de Grau <strong>v\u00eddeos i infografies sobre diferents figures i categories professionals dels centres de salut<\/strong>.<\/p>\n<p><img loading=\"lazy\" decoding=\"async\" class=\"alignnone wp-image-16940\" src=\"https:\/\/cienciagandia.webs.upv.es\/wp-content\/uploads\/2023\/01\/Ignacio-Manez-Manzaneque-493x500.jpg\" alt=\"\" width=\"264\" height=\"268\" srcset=\"https:\/\/cienciagandia.webs.upv.es\/wp-content\/uploads\/2023\/01\/Ignacio-Manez-Manzaneque-493x500.jpg 493w, https:\/\/cienciagandia.webs.upv.es\/wp-content\/uploads\/2023\/01\/Ignacio-Manez-Manzaneque-246x250.jpg 246w, https:\/\/cienciagandia.webs.upv.es\/wp-content\/uploads\/2023\/01\/Ignacio-Manez-Manzaneque-215x217.jpg 215w, https:\/\/cienciagandia.webs.upv.es\/wp-content\/uploads\/2023\/01\/Ignacio-Manez-Manzaneque-768x779.jpg 768w, https:\/\/cienciagandia.webs.upv.es\/wp-content\/uploads\/2023\/01\/Ignacio-Manez-Manzaneque-148x150.jpg 148w, https:\/\/cienciagandia.webs.upv.es\/wp-content\/uploads\/2023\/01\/Ignacio-Manez-Manzaneque.jpg 1080w\" sizes=\"auto, (max-width: 264px) 100vw, 264px\" \/>\u00a0 <img loading=\"lazy\" decoding=\"async\" class=\"alignnone wp-image-16937\" src=\"https:\/\/cienciagandia.webs.upv.es\/wp-content\/uploads\/2023\/01\/Pau-Chanza-Chanza-609x500.jpg\" alt=\"\" width=\"326\" height=\"268\" srcset=\"https:\/\/cienciagandia.webs.upv.es\/wp-content\/uploads\/2023\/01\/Pau-Chanza-Chanza-609x500.jpg 609w, https:\/\/cienciagandia.webs.upv.es\/wp-content\/uploads\/2023\/01\/Pau-Chanza-Chanza-305x250.jpg 305w, https:\/\/cienciagandia.webs.upv.es\/wp-content\/uploads\/2023\/01\/Pau-Chanza-Chanza-150x123.jpg 150w, https:\/\/cienciagandia.webs.upv.es\/wp-content\/uploads\/2023\/01\/Pau-Chanza-Chanza.jpg 618w\" sizes=\"auto, (max-width: 326px) 100vw, 326px\" \/><\/p>\n<p><img loading=\"lazy\" decoding=\"async\" class=\"alignnone size-large wp-image-16952\" src=\"https:\/\/cienciagandia.webs.upv.es\/wp-content\/uploads\/2023\/01\/CartelCeladorOntinyent-2-2-718x500.jpg\" alt=\"\" width=\"718\" height=\"500\" srcset=\"https:\/\/cienciagandia.webs.upv.es\/wp-content\/uploads\/2023\/01\/CartelCeladorOntinyent-2-2-718x500.jpg 718w, https:\/\/cienciagandia.webs.upv.es\/wp-content\/uploads\/2023\/01\/CartelCeladorOntinyent-2-2-359x250.jpg 359w, https:\/\/cienciagandia.webs.upv.es\/wp-content\/uploads\/2023\/01\/CartelCeladorOntinyent-2-2-768x535.jpg 768w, https:\/\/cienciagandia.webs.upv.es\/wp-content\/uploads\/2023\/01\/CartelCeladorOntinyent-2-2-150x105.jpg 150w, https:\/\/cienciagandia.webs.upv.es\/wp-content\/uploads\/2023\/01\/CartelCeladorOntinyent-2-2.jpg 1299w\" sizes=\"auto, (max-width: 718px) 100vw, 718px\" \/><\/p>\n<p>Els cartells, en els quals es dona a con\u00e9ixer totes i cadascuna de les categories professionals que conflueixen en els centres de salut d&#8217;atenci\u00f3 prim\u00e0ria, han estat dissenyats per l&#8217;estudiant del Grau en Comunicaci\u00f3 Audiovisual Paula Robles Cepero, qui a m\u00e9s \u00e9s ve\u00efna de la localitat d&#8217;Ontinyent. Paula est\u00e0 duent a terme la realitzaci\u00f3 del seu Treball Fi de Grau centrat en el disseny del Pla de Comunicaci\u00f3 dels Centres de Salut de la capital de la Vall d&#8217;Albaida, que han obert perfils en diferents xarxes socials.<\/p>\n<p><img loading=\"lazy\" decoding=\"async\" class=\"alignnone size-full wp-image-17002\" src=\"https:\/\/cienciagandia.webs.upv.es\/wp-content\/uploads\/2023\/02\/PaulaRobles-2.jpg\" sizes=\"auto, (max-width: 447px) 100vw, 447px\" srcset=\"https:\/\/cienciagandia.webs.upv.es\/wp-content\/uploads\/2023\/02\/PaulaRobles-2.jpg 447w, https:\/\/cienciagandia.webs.upv.es\/wp-content\/uploads\/2023\/02\/PaulaRobles-2-334x250.jpg 334w, https:\/\/cienciagandia.webs.upv.es\/wp-content\/uploads\/2023\/02\/PaulaRobles-2-150x112.jpg 150w\" alt=\"\" width=\"447\" height=\"335\" \/><\/p>\n<p>Ja es pot trobar el perfil dels centres de salut en les xarxes socials <a href=\"https:\/\/www.facebook.com\/apcsontinyent\">Facebook<\/a>, <a href=\"https:\/\/twitter.com\/apcsontinyent\">Twitter<\/a>, <a href=\"https:\/\/www.youtube.com\/@atencioprimariaontinyent5358\">YouTube<\/a> i<a href=\"https:\/\/www.instagram.com\/apcsontinyent\/\"> Instagram<\/a>, aix\u00ed com cartells amb codis QR perqu\u00e8 la poblaci\u00f3 puga seguir les novetats. Mitjan\u00e7ant les xarxes socials es pret\u00e9n a m\u00e9s poder fer <strong>atenci\u00f3 comunit\u00e0ria<\/strong>, oferint informaci\u00f3 a la poblaci\u00f3 de nocions b\u00e0siques de salut.<\/p>\n<p>En aquests moments al Campus de Gandia (UPV) continuem treballant en el disseny i implementaci\u00f3 del <strong>pla de comunicaci\u00f3 per als centres de salut de la localitat d&#8217;Ontinyent<\/strong>.<\/p>\n<hr \/>\n<p>M\u00e9s informaci\u00f3:<\/p>\n<p><a href=\"https:\/\/riunet.upv.es\/handle\/10251\/185613\">M\u00e1\u00f1ez Manzaneque, I. (2022). Generaci\u00f3 d&#8217;empatia a trav\u00e9s del muntatge: Campanya de comunicaci\u00f3 de l&#8217;atenci\u00f3 prim\u00e0ria del departament de salut de X\u00e0tiva-Ontinyent. Universitat Polit\u00e8cnica de Val\u00e8ncia.<\/a><\/p>\n<p><a href=\"https:\/\/riunet.upv.es\/handle\/10251\/186926\">Chanz\u00e1 Chanz\u00e1, P. (2022). Proposta i desenvolupament de la direcci\u00f3 de fotografia de la campanya de visibilitzaci\u00f3 de l&#8217;Atenci\u00f3 Prim\u00e0ria en la poblaci\u00f3 d&#8217;Ontinyent. Universitat Polit\u00e8cnica de Val\u00e8ncia.<\/a><\/p>\n<p>&nbsp;<\/p>\n<p>&nbsp;<\/p>\n<p>&nbsp;<\/p>\n","protected":false},"excerpt":{"rendered":"<p>Els Centres de Salut que formen part del Departament de Salut X\u00e0tiva-Ontinyent, han estat treballant els \u00faltims mesos en una millora de la comunicaci\u00f3 entre &#8230; <a title=\"Millora de la comunicaci\u00f3 entre el personal sanitari i la poblaci\u00f3\" class=\"read-more\" href=\"https:\/\/cienciagandia.webs.upv.es\/ca\/2023\/02\/millora-de-la-comunicacio-entre-el-personal-sanitari-i-la-poblacio\/\" aria-label=\"Read more about Millora de la comunicaci\u00f3 entre el personal sanitari i la poblaci\u00f3\">Llegir m\u00e9s<\/a><\/p>\n","protected":false},"author":11,"featured_media":16928,"comment_status":"open","ping_status":"closed","sticky":false,"template":"","format":"standard","meta":{"footnotes":""},"categories":[250],"tags":[706],"class_list":["post-16951","post","type-post","status-publish","format-standard","has-post-thumbnail","hentry","category-comunicacio","tag-destacat-ca","resize-featured-image"],"yoast_head":"<!-- This site is optimized with the Yoast SEO plugin v27.5 - https:\/\/yoast.com\/product\/yoast-seo-wordpress\/ -->\n<title>Millora de la comunicaci\u00f3 entre el personal sanitari i la poblaci\u00f3 - Campus de Gandia Ciencia - UPV Universitat Polit\u00e8cnica de Val\u00e8ncia<\/title>\n<meta name=\"description\" content=\"Creaci\u00f3 d&#039;una comissi\u00f3 de comunicaci\u00f3 formada per membres de diferents perfils que conflueixen en l&#039;atenci\u00f3 prim\u00e0ria de salut.\" \/>\n<meta name=\"robots\" content=\"index, follow, max-snippet:-1, max-image-preview:large, max-video-preview:-1\" \/>\n<link rel=\"canonical\" href=\"https:\/\/cienciagandia.webs.upv.es\/ca\/2023\/02\/millora-de-la-comunicacio-entre-el-personal-sanitari-i-la-poblacio\/\" \/>\n<meta property=\"og:locale\" content=\"en_US\" \/>\n<meta property=\"og:type\" content=\"article\" \/>\n<meta property=\"og:title\" content=\"Millora de la comunicaci\u00f3 entre el personal sanitari i la poblaci\u00f3 - Campus de Gandia Ciencia - UPV Universitat Polit\u00e8cnica de Val\u00e8ncia\" \/>\n<meta property=\"og:description\" content=\"Creaci\u00f3 d&#039;una comissi\u00f3 de comunicaci\u00f3 formada per membres de diferents perfils que conflueixen en l&#039;atenci\u00f3 prim\u00e0ria de salut.\" \/>\n<meta property=\"og:url\" content=\"https:\/\/cienciagandia.webs.upv.es\/ca\/2023\/02\/millora-de-la-comunicacio-entre-el-personal-sanitari-i-la-poblacio\/\" \/>\n<meta property=\"og:site_name\" content=\"Campus de Gandia Ciencia - UPV Universitat Polit\u00e8cnica de Val\u00e8ncia\" \/>\n<meta property=\"article:publisher\" content=\"https:\/\/www.facebook.com\/UPVCampusGandia\" \/>\n<meta property=\"article:published_time\" content=\"2023-02-07T14:56:38+00:00\" \/>\n<meta property=\"article:modified_time\" content=\"2023-02-17T11:17:12+00:00\" \/>\n<meta property=\"og:image\" content=\"https:\/\/cienciagandia.webs.upv.es\/wp-content\/uploads\/2023\/01\/raul-terol-portada.jpg\" \/>\n\t<meta property=\"og:image:width\" content=\"1400\" \/>\n\t<meta property=\"og:image:height\" content=\"550\" \/>\n\t<meta property=\"og:image:type\" content=\"image\/jpeg\" \/>\n<meta name=\"author\" content=\"Adrian\" \/>\n<meta name=\"twitter:card\" content=\"summary_large_image\" \/>\n<meta name=\"twitter:creator\" content=\"@UPVCampusGandia\" \/>\n<meta name=\"twitter:site\" content=\"@UPVCampusGandia\" \/>\n<meta name=\"twitter:label1\" content=\"Written by\" \/>\n\t<meta name=\"twitter:data1\" content=\"Adrian\" \/>\n\t<meta name=\"twitter:label2\" content=\"Est. reading time\" \/>\n\t<meta name=\"twitter:data2\" content=\"4 minutes\" \/>\n<script type=\"application\/ld+json\" class=\"yoast-schema-graph\">{\"@context\":\"https:\\\/\\\/schema.org\",\"@graph\":[{\"@type\":\"Article\",\"@id\":\"https:\\\/\\\/cienciagandia.webs.upv.es\\\/ca\\\/2023\\\/02\\\/millora-de-la-comunicacio-entre-el-personal-sanitari-i-la-poblacio\\\/#article\",\"isPartOf\":{\"@id\":\"https:\\\/\\\/cienciagandia.webs.upv.es\\\/ca\\\/2023\\\/02\\\/millora-de-la-comunicacio-entre-el-personal-sanitari-i-la-poblacio\\\/\"},\"author\":{\"name\":\"Adrian\",\"@id\":\"https:\\\/\\\/cienciagandia.webs.upv.es\\\/#\\\/schema\\\/person\\\/742fd5d9f31f95e7e2c053fd6f0bccb8\"},\"headline\":\"Millora de la comunicaci\u00f3 entre el personal sanitari i la poblaci\u00f3\",\"datePublished\":\"2023-02-07T14:56:38+00:00\",\"dateModified\":\"2023-02-17T11:17:12+00:00\",\"mainEntityOfPage\":{\"@id\":\"https:\\\/\\\/cienciagandia.webs.upv.es\\\/ca\\\/2023\\\/02\\\/millora-de-la-comunicacio-entre-el-personal-sanitari-i-la-poblacio\\\/\"},\"wordCount\":569,\"commentCount\":0,\"publisher\":{\"@id\":\"https:\\\/\\\/cienciagandia.webs.upv.es\\\/#organization\"},\"image\":{\"@id\":\"https:\\\/\\\/cienciagandia.webs.upv.es\\\/ca\\\/2023\\\/02\\\/millora-de-la-comunicacio-entre-el-personal-sanitari-i-la-poblacio\\\/#primaryimage\"},\"thumbnailUrl\":\"https:\\\/\\\/cienciagandia.webs.upv.es\\\/wp-content\\\/uploads\\\/2023\\\/01\\\/raul-terol-portada.jpg\",\"keywords\":[\"Portada\"],\"articleSection\":[\"Comunicaci\u00f3 Audiovisual\"],\"inLanguage\":\"ca-CA\",\"potentialAction\":[{\"@type\":\"CommentAction\",\"name\":\"Comment\",\"target\":[\"https:\\\/\\\/cienciagandia.webs.upv.es\\\/ca\\\/2023\\\/02\\\/millora-de-la-comunicacio-entre-el-personal-sanitari-i-la-poblacio\\\/#respond\"]}]},{\"@type\":\"WebPage\",\"@id\":\"https:\\\/\\\/cienciagandia.webs.upv.es\\\/ca\\\/2023\\\/02\\\/millora-de-la-comunicacio-entre-el-personal-sanitari-i-la-poblacio\\\/\",\"url\":\"https:\\\/\\\/cienciagandia.webs.upv.es\\\/ca\\\/2023\\\/02\\\/millora-de-la-comunicacio-entre-el-personal-sanitari-i-la-poblacio\\\/\",\"name\":\"Millora de la comunicaci\u00f3 entre el personal sanitari i la poblaci\u00f3 - Campus de Gandia Ciencia - UPV Universitat Polit\u00e8cnica de Val\u00e8ncia\",\"isPartOf\":{\"@id\":\"https:\\\/\\\/cienciagandia.webs.upv.es\\\/#website\"},\"primaryImageOfPage\":{\"@id\":\"https:\\\/\\\/cienciagandia.webs.upv.es\\\/ca\\\/2023\\\/02\\\/millora-de-la-comunicacio-entre-el-personal-sanitari-i-la-poblacio\\\/#primaryimage\"},\"image\":{\"@id\":\"https:\\\/\\\/cienciagandia.webs.upv.es\\\/ca\\\/2023\\\/02\\\/millora-de-la-comunicacio-entre-el-personal-sanitari-i-la-poblacio\\\/#primaryimage\"},\"thumbnailUrl\":\"https:\\\/\\\/cienciagandia.webs.upv.es\\\/wp-content\\\/uploads\\\/2023\\\/01\\\/raul-terol-portada.jpg\",\"datePublished\":\"2023-02-07T14:56:38+00:00\",\"dateModified\":\"2023-02-17T11:17:12+00:00\",\"description\":\"Creaci\u00f3 d'una comissi\u00f3 de comunicaci\u00f3 formada per membres de diferents perfils que conflueixen en l'atenci\u00f3 prim\u00e0ria de salut.\",\"breadcrumb\":{\"@id\":\"https:\\\/\\\/cienciagandia.webs.upv.es\\\/ca\\\/2023\\\/02\\\/millora-de-la-comunicacio-entre-el-personal-sanitari-i-la-poblacio\\\/#breadcrumb\"},\"inLanguage\":\"ca-CA\",\"potentialAction\":[{\"@type\":\"ReadAction\",\"target\":[\"https:\\\/\\\/cienciagandia.webs.upv.es\\\/ca\\\/2023\\\/02\\\/millora-de-la-comunicacio-entre-el-personal-sanitari-i-la-poblacio\\\/\"]}]},{\"@type\":\"ImageObject\",\"inLanguage\":\"ca-CA\",\"@id\":\"https:\\\/\\\/cienciagandia.webs.upv.es\\\/ca\\\/2023\\\/02\\\/millora-de-la-comunicacio-entre-el-personal-sanitari-i-la-poblacio\\\/#primaryimage\",\"url\":\"https:\\\/\\\/cienciagandia.webs.upv.es\\\/wp-content\\\/uploads\\\/2023\\\/01\\\/raul-terol-portada.jpg\",\"contentUrl\":\"https:\\\/\\\/cienciagandia.webs.upv.es\\\/wp-content\\\/uploads\\\/2023\\\/01\\\/raul-terol-portada.jpg\",\"width\":1400,\"height\":550},{\"@type\":\"BreadcrumbList\",\"@id\":\"https:\\\/\\\/cienciagandia.webs.upv.es\\\/ca\\\/2023\\\/02\\\/millora-de-la-comunicacio-entre-el-personal-sanitari-i-la-poblacio\\\/#breadcrumb\",\"itemListElement\":[{\"@type\":\"ListItem\",\"position\":1,\"name\":\"Portada\",\"item\":\"https:\\\/\\\/cienciagandia.webs.upv.es\\\/ca\\\/\"},{\"@type\":\"ListItem\",\"position\":2,\"name\":\"Millora de la comunicaci\u00f3 entre el personal sanitari i la poblaci\u00f3\"}]},{\"@type\":\"WebSite\",\"@id\":\"https:\\\/\\\/cienciagandia.webs.upv.es\\\/#website\",\"url\":\"https:\\\/\\\/cienciagandia.webs.upv.es\\\/\",\"name\":\"Blog de Ciencia del Campus de Gandia de la Universitat Polit\u00e8cnica de Val\u00e8ncia UPV\",\"description\":\"Campus de Gandia Ciencia UPV\",\"publisher\":{\"@id\":\"https:\\\/\\\/cienciagandia.webs.upv.es\\\/#organization\"},\"potentialAction\":[{\"@type\":\"SearchAction\",\"target\":{\"@type\":\"EntryPoint\",\"urlTemplate\":\"https:\\\/\\\/cienciagandia.webs.upv.es\\\/?s={search_term_string}\"},\"query-input\":{\"@type\":\"PropertyValueSpecification\",\"valueRequired\":true,\"valueName\":\"search_term_string\"}}],\"inLanguage\":\"ca-CA\"},{\"@type\":\"Organization\",\"@id\":\"https:\\\/\\\/cienciagandia.webs.upv.es\\\/#organization\",\"name\":\"Campus de Gandia de la Universitat Polit\u00e8cnica de Val\u00e8ncia UPV\",\"alternateName\":\"Campus de Gandia UPV\",\"url\":\"https:\\\/\\\/cienciagandia.webs.upv.es\\\/\",\"logo\":{\"@type\":\"ImageObject\",\"inLanguage\":\"ca-CA\",\"@id\":\"https:\\\/\\\/cienciagandia.webs.upv.es\\\/#\\\/schema\\\/logo\\\/image\\\/\",\"url\":\"https:\\\/\\\/cienciagandia.webs.upv.es\\\/wp-content\\\/uploads\\\/2023\\\/10\\\/UPV-Gandia.jpg\",\"contentUrl\":\"https:\\\/\\\/cienciagandia.webs.upv.es\\\/wp-content\\\/uploads\\\/2023\\\/10\\\/UPV-Gandia.jpg\",\"width\":770,\"height\":366,\"caption\":\"Campus de Gandia de la Universitat Polit\u00e8cnica de Val\u00e8ncia UPV\"},\"image\":{\"@id\":\"https:\\\/\\\/cienciagandia.webs.upv.es\\\/#\\\/schema\\\/logo\\\/image\\\/\"},\"sameAs\":[\"https:\\\/\\\/www.facebook.com\\\/UPVCampusGandia\",\"https:\\\/\\\/x.com\\\/UPVCampusGandia\",\"https:\\\/\\\/www.instagram.com\\\/upvcampusgandia\\\/\",\"https:\\\/\\\/www.linkedin.com\\\/company\\\/upvcampusgandia\\\/\"]},{\"@type\":\"Person\",\"@id\":\"https:\\\/\\\/cienciagandia.webs.upv.es\\\/#\\\/schema\\\/person\\\/742fd5d9f31f95e7e2c053fd6f0bccb8\",\"name\":\"Adrian\",\"image\":{\"@type\":\"ImageObject\",\"inLanguage\":\"ca-CA\",\"@id\":\"https:\\\/\\\/secure.gravatar.com\\\/avatar\\\/38af482e48f5831dffeb8ca3b644d3d549e8f6d33a51c54f46e10fae2d11b208?s=96&d=mm&r=g\",\"url\":\"https:\\\/\\\/secure.gravatar.com\\\/avatar\\\/38af482e48f5831dffeb8ca3b644d3d549e8f6d33a51c54f46e10fae2d11b208?s=96&d=mm&r=g\",\"contentUrl\":\"https:\\\/\\\/secure.gravatar.com\\\/avatar\\\/38af482e48f5831dffeb8ca3b644d3d549e8f6d33a51c54f46e10fae2d11b208?s=96&d=mm&r=g\",\"caption\":\"Adrian\"},\"url\":\"https:\\\/\\\/cienciagandia.webs.upv.es\\\/ca\\\/author\\\/adrian\\\/\"}]}<\/script>\n<!-- \/ Yoast SEO plugin. -->","yoast_head_json":{"title":"Millora de la comunicaci\u00f3 entre el personal sanitari i la poblaci\u00f3 - Campus de Gandia Ciencia - UPV Universitat Polit\u00e8cnica de Val\u00e8ncia","description":"Creaci\u00f3 d'una comissi\u00f3 de comunicaci\u00f3 formada per membres de diferents perfils que conflueixen en l'atenci\u00f3 prim\u00e0ria de salut.","robots":{"index":"index","follow":"follow","max-snippet":"max-snippet:-1","max-image-preview":"max-image-preview:large","max-video-preview":"max-video-preview:-1"},"canonical":"https:\/\/cienciagandia.webs.upv.es\/ca\/2023\/02\/millora-de-la-comunicacio-entre-el-personal-sanitari-i-la-poblacio\/","og_locale":"en_US","og_type":"article","og_title":"Millora de la comunicaci\u00f3 entre el personal sanitari i la poblaci\u00f3 - Campus de Gandia Ciencia - UPV Universitat Polit\u00e8cnica de Val\u00e8ncia","og_description":"Creaci\u00f3 d'una comissi\u00f3 de comunicaci\u00f3 formada per membres de diferents perfils que conflueixen en l'atenci\u00f3 prim\u00e0ria de salut.","og_url":"https:\/\/cienciagandia.webs.upv.es\/ca\/2023\/02\/millora-de-la-comunicacio-entre-el-personal-sanitari-i-la-poblacio\/","og_site_name":"Campus de Gandia Ciencia - UPV Universitat Polit\u00e8cnica de Val\u00e8ncia","article_publisher":"https:\/\/www.facebook.com\/UPVCampusGandia","article_published_time":"2023-02-07T14:56:38+00:00","article_modified_time":"2023-02-17T11:17:12+00:00","og_image":[{"width":1400,"height":550,"url":"https:\/\/cienciagandia.webs.upv.es\/wp-content\/uploads\/2023\/01\/raul-terol-portada.jpg","type":"image\/jpeg"}],"author":"Adrian","twitter_card":"summary_large_image","twitter_creator":"@UPVCampusGandia","twitter_site":"@UPVCampusGandia","twitter_misc":{"Written by":"Adrian","Est. reading time":"4 minutes"},"schema":{"@context":"https:\/\/schema.org","@graph":[{"@type":"Article","@id":"https:\/\/cienciagandia.webs.upv.es\/ca\/2023\/02\/millora-de-la-comunicacio-entre-el-personal-sanitari-i-la-poblacio\/#article","isPartOf":{"@id":"https:\/\/cienciagandia.webs.upv.es\/ca\/2023\/02\/millora-de-la-comunicacio-entre-el-personal-sanitari-i-la-poblacio\/"},"author":{"name":"Adrian","@id":"https:\/\/cienciagandia.webs.upv.es\/#\/schema\/person\/742fd5d9f31f95e7e2c053fd6f0bccb8"},"headline":"Millora de la comunicaci\u00f3 entre el personal sanitari i la poblaci\u00f3","datePublished":"2023-02-07T14:56:38+00:00","dateModified":"2023-02-17T11:17:12+00:00","mainEntityOfPage":{"@id":"https:\/\/cienciagandia.webs.upv.es\/ca\/2023\/02\/millora-de-la-comunicacio-entre-el-personal-sanitari-i-la-poblacio\/"},"wordCount":569,"commentCount":0,"publisher":{"@id":"https:\/\/cienciagandia.webs.upv.es\/#organization"},"image":{"@id":"https:\/\/cienciagandia.webs.upv.es\/ca\/2023\/02\/millora-de-la-comunicacio-entre-el-personal-sanitari-i-la-poblacio\/#primaryimage"},"thumbnailUrl":"https:\/\/cienciagandia.webs.upv.es\/wp-content\/uploads\/2023\/01\/raul-terol-portada.jpg","keywords":["Portada"],"articleSection":["Comunicaci\u00f3 Audiovisual"],"inLanguage":"ca-CA","potentialAction":[{"@type":"CommentAction","name":"Comment","target":["https:\/\/cienciagandia.webs.upv.es\/ca\/2023\/02\/millora-de-la-comunicacio-entre-el-personal-sanitari-i-la-poblacio\/#respond"]}]},{"@type":"WebPage","@id":"https:\/\/cienciagandia.webs.upv.es\/ca\/2023\/02\/millora-de-la-comunicacio-entre-el-personal-sanitari-i-la-poblacio\/","url":"https:\/\/cienciagandia.webs.upv.es\/ca\/2023\/02\/millora-de-la-comunicacio-entre-el-personal-sanitari-i-la-poblacio\/","name":"Millora de la comunicaci\u00f3 entre el personal sanitari i la poblaci\u00f3 - Campus de Gandia Ciencia - UPV Universitat Polit\u00e8cnica de Val\u00e8ncia","isPartOf":{"@id":"https:\/\/cienciagandia.webs.upv.es\/#website"},"primaryImageOfPage":{"@id":"https:\/\/cienciagandia.webs.upv.es\/ca\/2023\/02\/millora-de-la-comunicacio-entre-el-personal-sanitari-i-la-poblacio\/#primaryimage"},"image":{"@id":"https:\/\/cienciagandia.webs.upv.es\/ca\/2023\/02\/millora-de-la-comunicacio-entre-el-personal-sanitari-i-la-poblacio\/#primaryimage"},"thumbnailUrl":"https:\/\/cienciagandia.webs.upv.es\/wp-content\/uploads\/2023\/01\/raul-terol-portada.jpg","datePublished":"2023-02-07T14:56:38+00:00","dateModified":"2023-02-17T11:17:12+00:00","description":"Creaci\u00f3 d'una comissi\u00f3 de comunicaci\u00f3 formada per membres de diferents perfils que conflueixen en l'atenci\u00f3 prim\u00e0ria de salut.","breadcrumb":{"@id":"https:\/\/cienciagandia.webs.upv.es\/ca\/2023\/02\/millora-de-la-comunicacio-entre-el-personal-sanitari-i-la-poblacio\/#breadcrumb"},"inLanguage":"ca-CA","potentialAction":[{"@type":"ReadAction","target":["https:\/\/cienciagandia.webs.upv.es\/ca\/2023\/02\/millora-de-la-comunicacio-entre-el-personal-sanitari-i-la-poblacio\/"]}]},{"@type":"ImageObject","inLanguage":"ca-CA","@id":"https:\/\/cienciagandia.webs.upv.es\/ca\/2023\/02\/millora-de-la-comunicacio-entre-el-personal-sanitari-i-la-poblacio\/#primaryimage","url":"https:\/\/cienciagandia.webs.upv.es\/wp-content\/uploads\/2023\/01\/raul-terol-portada.jpg","contentUrl":"https:\/\/cienciagandia.webs.upv.es\/wp-content\/uploads\/2023\/01\/raul-terol-portada.jpg","width":1400,"height":550},{"@type":"BreadcrumbList","@id":"https:\/\/cienciagandia.webs.upv.es\/ca\/2023\/02\/millora-de-la-comunicacio-entre-el-personal-sanitari-i-la-poblacio\/#breadcrumb","itemListElement":[{"@type":"ListItem","position":1,"name":"Portada","item":"https:\/\/cienciagandia.webs.upv.es\/ca\/"},{"@type":"ListItem","position":2,"name":"Millora de la comunicaci\u00f3 entre el personal sanitari i la poblaci\u00f3"}]},{"@type":"WebSite","@id":"https:\/\/cienciagandia.webs.upv.es\/#website","url":"https:\/\/cienciagandia.webs.upv.es\/","name":"Blog de Ciencia del Campus de Gandia de la Universitat Polit\u00e8cnica de Val\u00e8ncia UPV","description":"Campus de Gandia Ciencia UPV","publisher":{"@id":"https:\/\/cienciagandia.webs.upv.es\/#organization"},"potentialAction":[{"@type":"SearchAction","target":{"@type":"EntryPoint","urlTemplate":"https:\/\/cienciagandia.webs.upv.es\/?s={search_term_string}"},"query-input":{"@type":"PropertyValueSpecification","valueRequired":true,"valueName":"search_term_string"}}],"inLanguage":"ca-CA"},{"@type":"Organization","@id":"https:\/\/cienciagandia.webs.upv.es\/#organization","name":"Campus de Gandia de la Universitat Polit\u00e8cnica de Val\u00e8ncia UPV","alternateName":"Campus de Gandia UPV","url":"https:\/\/cienciagandia.webs.upv.es\/","logo":{"@type":"ImageObject","inLanguage":"ca-CA","@id":"https:\/\/cienciagandia.webs.upv.es\/#\/schema\/logo\/image\/","url":"https:\/\/cienciagandia.webs.upv.es\/wp-content\/uploads\/2023\/10\/UPV-Gandia.jpg","contentUrl":"https:\/\/cienciagandia.webs.upv.es\/wp-content\/uploads\/2023\/10\/UPV-Gandia.jpg","width":770,"height":366,"caption":"Campus de Gandia de la Universitat Polit\u00e8cnica de Val\u00e8ncia UPV"},"image":{"@id":"https:\/\/cienciagandia.webs.upv.es\/#\/schema\/logo\/image\/"},"sameAs":["https:\/\/www.facebook.com\/UPVCampusGandia","https:\/\/x.com\/UPVCampusGandia","https:\/\/www.instagram.com\/upvcampusgandia\/","https:\/\/www.linkedin.com\/company\/upvcampusgandia\/"]},{"@type":"Person","@id":"https:\/\/cienciagandia.webs.upv.es\/#\/schema\/person\/742fd5d9f31f95e7e2c053fd6f0bccb8","name":"Adrian","image":{"@type":"ImageObject","inLanguage":"ca-CA","@id":"https:\/\/secure.gravatar.com\/avatar\/38af482e48f5831dffeb8ca3b644d3d549e8f6d33a51c54f46e10fae2d11b208?s=96&d=mm&r=g","url":"https:\/\/secure.gravatar.com\/avatar\/38af482e48f5831dffeb8ca3b644d3d549e8f6d33a51c54f46e10fae2d11b208?s=96&d=mm&r=g","contentUrl":"https:\/\/secure.gravatar.com\/avatar\/38af482e48f5831dffeb8ca3b644d3d549e8f6d33a51c54f46e10fae2d11b208?s=96&d=mm&r=g","caption":"Adrian"},"url":"https:\/\/cienciagandia.webs.upv.es\/ca\/author\/adrian\/"}]}},"_links":{"self":[{"href":"https:\/\/cienciagandia.webs.upv.es\/ca\/wp-json\/wp\/v2\/posts\/16951","targetHints":{"allow":["GET"]}}],"collection":[{"href":"https:\/\/cienciagandia.webs.upv.es\/ca\/wp-json\/wp\/v2\/posts"}],"about":[{"href":"https:\/\/cienciagandia.webs.upv.es\/ca\/wp-json\/wp\/v2\/types\/post"}],"author":[{"embeddable":true,"href":"https:\/\/cienciagandia.webs.upv.es\/ca\/wp-json\/wp\/v2\/users\/11"}],"replies":[{"embeddable":true,"href":"https:\/\/cienciagandia.webs.upv.es\/ca\/wp-json\/wp\/v2\/comments?post=16951"}],"version-history":[{"count":8,"href":"https:\/\/cienciagandia.webs.upv.es\/ca\/wp-json\/wp\/v2\/posts\/16951\/revisions"}],"predecessor-version":[{"id":17129,"href":"https:\/\/cienciagandia.webs.upv.es\/ca\/wp-json\/wp\/v2\/posts\/16951\/revisions\/17129"}],"wp:featuredmedia":[{"embeddable":true,"href":"https:\/\/cienciagandia.webs.upv.es\/ca\/wp-json\/wp\/v2\/media\/16928"}],"wp:attachment":[{"href":"https:\/\/cienciagandia.webs.upv.es\/ca\/wp-json\/wp\/v2\/media?parent=16951"}],"wp:term":[{"taxonomy":"category","embeddable":true,"href":"https:\/\/cienciagandia.webs.upv.es\/ca\/wp-json\/wp\/v2\/categories?post=16951"},{"taxonomy":"post_tag","embeddable":true,"href":"https:\/\/cienciagandia.webs.upv.es\/ca\/wp-json\/wp\/v2\/tags?post=16951"}],"curies":[{"name":"wp","href":"https:\/\/api.w.org\/{rel}","templated":true}]}}