{"id":14961,"date":"2021-11-09T17:22:26","date_gmt":"2021-11-09T16:22:26","guid":{"rendered":"http:\/\/cienciagandia.webs.upv.es\/?p=14961"},"modified":"2021-11-09T17:22:30","modified_gmt":"2021-11-09T16:22:30","slug":"mes-ciencia-en-dones-savies-iv","status":"publish","type":"post","link":"https:\/\/cienciagandia.webs.upv.es\/ca\/2021\/11\/mes-ciencia-en-dones-savies-iv\/","title":{"rendered":"M\u00e9s ci\u00e8ncia en Dones S\u00e0vies IV"},"content":{"rendered":"<p>Un any m\u00e9s, el\u00a0<a href=\"http:\/\/www.upv.es\/contenidos\/CGANDIA\/index-va.html\">Campus de Gandia de la Universitat Polit\u00e8cnica de Val\u00e8ncia (UPV)<\/a> col\u00b7labora en la IV edici\u00f3 del cicle de confer\u00e8ncies <strong>Dones S\u00e0vies<\/strong>, organitzat pel\u00a0<a href=\"http:\/\/alfonselvell.com\/\">CEIC Alfons el Vell<\/a> i la Biblioteca de Gandia, amb el suport de la Regidoria d&#8217;Igualtat de l&#8217;Ajuntament de Gandia i el CEFIRE-Gandia, i coordinat i moderat per <a href=\"http:\/\/rosamascarell.art\/autora\/\">Rosa Mascarell<\/a>, artista, comissaria d&#8217;esdeveniments culturals i assagista.<\/p>\n<p>Dones S\u00e0vies proposa un cicle de confer\u00e8ncies en les quals, de la m\u00e0 d&#8217;acad\u00e8miques, cient\u00edfiques i divulgadores,\u00a0es dona <strong>visibilitat a la contribuci\u00f3 de vuit dones de refer\u00e8ncia<\/strong> en els \u00e0mbits de la hist\u00f2ria, la ci\u00e8ncia, l&#8217;art, el turisme, la literatura, la pol\u00edtica o el feminisme, entre altres. Les confer\u00e8ncies comen\u00e7aren a l&#8217;octubre <strong>de 2021 fins a maig de 2022<\/strong>, celebrant-se una per mes, en <strong>la Sala d&#8217;actes de la Biblioteca Central de Gandia a les 19.30 h<\/strong>.<\/p>\n<p>L&#8217;acc\u00e9s \u00e9s lliure per a tots els p\u00fablics, estant especialment orientades a la joventut. L&#8217;aforament est\u00e0 restringit a 56 persones i se seguiran les recomanacions sanit\u00e0ries. Aix\u00ed mateix, aquells que no puguen assistir presencialment podran veure les confer\u00e8ncies des de casa a trav\u00e9s de la plataforma YouTube, on es retransmetran <a href=\"https:\/\/www.youtube.com\/playlist?list=PLVsmuOyIkm2NqASTLJyHF4dVfz4mR7pgW\">en directe<\/a> i es donar\u00e0 l&#8217;oportunitat d&#8217;interactuar amb les ponents de forma telem\u00e0tica.<\/p>\n<p><img loading=\"lazy\" decoding=\"async\" class=\"overflowingVertical aligncenter\" src=\"https:\/\/cienciagandia.webs.upv.es\/wp-content\/uploads\/2021\/11\/2-Cartel-Dones-Sa%CC%80vies-IV-21-22.jpg\" alt=\"https:\/\/cienciagandia.webs.upv.es\/wp-content\/uploads\/2021\/11\/2-Cartel-Dones-Sa%CC%80vies-IV-21-22.jpg\" width=\"460\" height=\"644\" \/><\/p>\n<p><strong>CIENT\u00cdFIQUES PIONERES<\/strong><\/p>\n<p>Des del Campus de Gandia es proposen dues confer\u00e8ncies sobre l&#8217;obra i llegat de dues cient\u00edfiques pioneres en els seus camps de coneixement.<\/p>\n<p><strong>\u201c<\/strong><strong>RITA LEVI MONTALCINI I ELS REPTES CIENT\u00cdFICS DEL SEGLE XXI\u201d<\/strong><\/p>\n<p>D&#8217;una banda, el <strong>dia 4 de novembre<\/strong>, <strong>Mar\u00eda Teresa Rubio<\/strong>, Investigadora del CSIC i de la Unitat de Senyalitzaci\u00f3 per Nutrients de l&#8217;Institut de Biomedicina de Val\u00e8ncia (IBV), ens parlar\u00e0 de Rita <strong>Levi Montalcini<\/strong>, neur\u00f2loga i professora universit\u00e0ria italiana, guanyadora del Premi Nobel de Medicina i Fisiologia l&#8217;any 1986. En 1952 va descobrir el factor de creixement, l&#8217;ordre que necessita una c\u00e8l\u00b7lula per a iniciar la seua reproducci\u00f3, i \u00e9s responsable de la promoci\u00f3 i creaci\u00f3, entre altres centres, de l&#8217;European Brain Research Institute.<\/p>\n<p>&nbsp;<\/p>\n<p><iframe loading=\"lazy\" title=\"YouTube video player\" src=\"https:\/\/www.youtube.com\/embed\/0NXxSeIyiEY\" width=\"560\" height=\"315\" frameborder=\"0\" allowfullscreen=\"allowfullscreen\" data-mce-fragment=\"1\"><\/iframe><\/p>\n<p><strong>\u201c<\/strong><strong>JEMIMA MORRELL, PIONERA DEL TURISME SOSTENIBLE\u201d<\/strong><\/p>\n<p>Per la seua part, el pr\u00f2xim dia 2 de desembre, <a href=\"http:\/\/www.upv.es\/ficha-personal\/dteruel\">Lola Teruel<\/a>, experta en turisme del Campus de Gandia, ens parlar\u00e0 de Jemima Morrell. El treball investigador de Lola se centra en la conservaci\u00f3, posada en valor i dinamitzaci\u00f3 tur\u00edstica del patrimoni natural i cultural des del prisma de la sostenibilitat, amb el prop\u00f2sit de millorar el desenvolupament sociocultural i econ\u00f2mic de les persones i les destinacions tur\u00edstiques.<\/p>\n<p>Aquest inter\u00e8s connecta la investigadora amb la tasca de Jemima <strong>Morrell, dona exploradora que va realitzar el primer viatge organitzat a Su\u00efssa en el segle XIX<\/strong>. La seua experi\u00e8ncia recorrent els Alps su\u00efssos, recopilada a trav\u00e9s del seu llibre de viatge, va servir d&#8217;inspiraci\u00f3 a altres empresaris d&#8217;aquesta \u00e8poca, en concret a Thomas Cook, precursor dels paquets tur\u00edstics tal com es coneixen actualment.<\/p>\n<p>\u201cEntorn de la figura de Jemima Morell s&#8217;han produ\u00eft documents, escrits i audiovisuals, que recreen els paisatges, patrimoni i costums com a reclam tur\u00edstic, i com a via per al vostre coneixement, valoraci\u00f3 i respecte\u201d, destaca la investigadora del Campus.<\/p>\n<p><img loading=\"lazy\" decoding=\"async\" class=\"shrinkToFit aligncenter\" src=\"https:\/\/cienciagandia.webs.upv.es\/wp-content\/uploads\/2021\/11\/1-roller-ind-2021-DESEMBRE-3.jpg\" alt=\"https:\/\/cienciagandia.webs.upv.es\/wp-content\/uploads\/2021\/11\/1-roller-ind-2021-DESEMBRE-3.jpg\" width=\"404\" height=\"981\" \/><\/p>\n<p>Amb aquesta iniciativa es vol posar en relleu l&#8217;aportaci\u00f3 de dones pioneres i s\u00e0vies<strong>, <\/strong>la lluita de les quals va transformar la realitat, proporcionant <strong>referents femenins<\/strong> que permeten identificar-se i inspirar a les persones m\u00e9s joves per a la consecuci\u00f3 d&#8217;un m\u00f3n m\u00e9s just i igualitari. Tal com expressa Rosa Mascarell \u201c<strong>el biaix de g\u00e8nere<\/strong> en els estudis de cicles formatius i universitaris, aix\u00ed com la posterior repercussi\u00f3 quant a salari i pres\u00e8ncia en llocs de decisi\u00f3 persisteix en els nostres dies, sent el motiu que impulsa aquestes jornades\u201d.<\/p>\n<hr \/>\n<p><a href=\"http:\/\/www.upv.es\/pls\/oalu\/sic_person.Info?p_alias=niemones&amp;P_IDIOMA=c\">Neus Montoro Estell\u00e9s<\/a><\/p>\n<p>T\u00e8cnica de gesti\u00f3 i promoci\u00f3 d&#8217;R+D+i del Campus de Gandia<\/p>\n<p>&nbsp;<\/p>\n","protected":false},"excerpt":{"rendered":"<p>Un any m\u00e9s, el\u00a0Campus de Gandia de la Universitat Polit\u00e8cnica de Val\u00e8ncia (UPV) col\u00b7labora en la IV edici\u00f3 del cicle de confer\u00e8ncies Dones S\u00e0vies, organitzat &#8230; <a title=\"M\u00e9s ci\u00e8ncia en Dones S\u00e0vies IV\" class=\"read-more\" href=\"https:\/\/cienciagandia.webs.upv.es\/ca\/2021\/11\/mes-ciencia-en-dones-savies-iv\/\" aria-label=\"Read more about M\u00e9s ci\u00e8ncia en Dones S\u00e0vies IV\">Llegir m\u00e9s<\/a><\/p>\n","protected":false},"author":9,"featured_media":15166,"comment_status":"open","ping_status":"closed","sticky":false,"template":"","format":"standard","meta":{"footnotes":""},"categories":[248,1130],"tags":[706],"class_list":["post-14961","post","type-post","status-publish","format-standard","has-post-thumbnail","hentry","category-divulgacio","category-dones-ciencia","tag-destacat-ca","resize-featured-image"],"yoast_head":"<!-- This site is optimized with the Yoast SEO plugin v27.5 - https:\/\/yoast.com\/product\/yoast-seo-wordpress\/ -->\n<title>M\u00e9s ci\u00e8ncia en Dones S\u00e0vies IV - Campus de Gandia Ciencia - UPV Universitat Polit\u00e8cnica de Val\u00e8ncia<\/title>\n<meta name=\"description\" content=\"Cicle de confer\u00e8ncies en les quals es dona visibilitat a la contribuci\u00f3 de vuit dones de refer\u00e8ncia en diferents \u00e0mbits.\" \/>\n<meta name=\"robots\" content=\"index, follow, max-snippet:-1, max-image-preview:large, max-video-preview:-1\" \/>\n<link rel=\"canonical\" href=\"https:\/\/cienciagandia.webs.upv.es\/ca\/2021\/11\/mes-ciencia-en-dones-savies-iv\/\" \/>\n<meta property=\"og:locale\" content=\"en_US\" \/>\n<meta property=\"og:type\" content=\"article\" \/>\n<meta property=\"og:title\" content=\"M\u00e9s ci\u00e8ncia en Dones S\u00e0vies IV - Campus de Gandia Ciencia - UPV Universitat Polit\u00e8cnica de Val\u00e8ncia\" \/>\n<meta property=\"og:description\" content=\"Cicle de confer\u00e8ncies en les quals es dona visibilitat a la contribuci\u00f3 de vuit dones de refer\u00e8ncia en diferents \u00e0mbits.\" \/>\n<meta property=\"og:url\" content=\"https:\/\/cienciagandia.webs.upv.es\/ca\/2021\/11\/mes-ciencia-en-dones-savies-iv\/\" \/>\n<meta property=\"og:site_name\" content=\"Campus de Gandia Ciencia - UPV Universitat Polit\u00e8cnica de Val\u00e8ncia\" \/>\n<meta property=\"article:publisher\" content=\"https:\/\/www.facebook.com\/UPVCampusGandia\" \/>\n<meta property=\"article:published_time\" content=\"2021-11-09T16:22:26+00:00\" \/>\n<meta property=\"article:modified_time\" content=\"2021-11-09T16:22:30+00:00\" \/>\n<meta property=\"og:image\" content=\"https:\/\/cienciagandia.webs.upv.es\/wp-content\/uploads\/2021\/11\/portada-Dones-Sa\u0300vies-IV-21-22-2.jpg\" \/>\n\t<meta property=\"og:image:width\" content=\"1400\" \/>\n\t<meta property=\"og:image:height\" content=\"550\" \/>\n\t<meta property=\"og:image:type\" content=\"image\/jpeg\" \/>\n<meta name=\"author\" content=\"JP\" \/>\n<meta name=\"twitter:card\" content=\"summary_large_image\" \/>\n<meta name=\"twitter:creator\" content=\"@UPVCampusGandia\" \/>\n<meta name=\"twitter:site\" content=\"@UPVCampusGandia\" \/>\n<meta name=\"twitter:label1\" content=\"Written by\" \/>\n\t<meta name=\"twitter:data1\" content=\"JP\" \/>\n\t<meta name=\"twitter:label2\" content=\"Est. reading time\" \/>\n\t<meta name=\"twitter:data2\" content=\"3 minutes\" \/>\n<script type=\"application\/ld+json\" class=\"yoast-schema-graph\">{\"@context\":\"https:\\\/\\\/schema.org\",\"@graph\":[{\"@type\":\"Article\",\"@id\":\"https:\\\/\\\/cienciagandia.webs.upv.es\\\/ca\\\/2021\\\/11\\\/mes-ciencia-en-dones-savies-iv\\\/#article\",\"isPartOf\":{\"@id\":\"https:\\\/\\\/cienciagandia.webs.upv.es\\\/ca\\\/2021\\\/11\\\/mes-ciencia-en-dones-savies-iv\\\/\"},\"author\":{\"name\":\"JP\",\"@id\":\"https:\\\/\\\/cienciagandia.webs.upv.es\\\/#\\\/schema\\\/person\\\/e5839c7b014a8c81160e23dd3edd3f1f\"},\"headline\":\"M\u00e9s ci\u00e8ncia en Dones S\u00e0vies IV\",\"datePublished\":\"2021-11-09T16:22:26+00:00\",\"dateModified\":\"2021-11-09T16:22:30+00:00\",\"mainEntityOfPage\":{\"@id\":\"https:\\\/\\\/cienciagandia.webs.upv.es\\\/ca\\\/2021\\\/11\\\/mes-ciencia-en-dones-savies-iv\\\/\"},\"wordCount\":683,\"commentCount\":0,\"publisher\":{\"@id\":\"https:\\\/\\\/cienciagandia.webs.upv.es\\\/#organization\"},\"image\":{\"@id\":\"https:\\\/\\\/cienciagandia.webs.upv.es\\\/ca\\\/2021\\\/11\\\/mes-ciencia-en-dones-savies-iv\\\/#primaryimage\"},\"thumbnailUrl\":\"https:\\\/\\\/cienciagandia.webs.upv.es\\\/wp-content\\\/uploads\\\/2021\\\/11\\\/IMG_3853.webp\",\"keywords\":[\"Portada\"],\"articleSection\":[\"Ci\u00e8ncia i societat\",\"Dones i ci\u00e8ncia\"],\"inLanguage\":\"ca-CA\",\"potentialAction\":[{\"@type\":\"CommentAction\",\"name\":\"Comment\",\"target\":[\"https:\\\/\\\/cienciagandia.webs.upv.es\\\/ca\\\/2021\\\/11\\\/mes-ciencia-en-dones-savies-iv\\\/#respond\"]}]},{\"@type\":\"WebPage\",\"@id\":\"https:\\\/\\\/cienciagandia.webs.upv.es\\\/ca\\\/2021\\\/11\\\/mes-ciencia-en-dones-savies-iv\\\/\",\"url\":\"https:\\\/\\\/cienciagandia.webs.upv.es\\\/ca\\\/2021\\\/11\\\/mes-ciencia-en-dones-savies-iv\\\/\",\"name\":\"M\u00e9s ci\u00e8ncia en Dones S\u00e0vies IV - Campus de Gandia Ciencia - UPV Universitat Polit\u00e8cnica de Val\u00e8ncia\",\"isPartOf\":{\"@id\":\"https:\\\/\\\/cienciagandia.webs.upv.es\\\/#website\"},\"primaryImageOfPage\":{\"@id\":\"https:\\\/\\\/cienciagandia.webs.upv.es\\\/ca\\\/2021\\\/11\\\/mes-ciencia-en-dones-savies-iv\\\/#primaryimage\"},\"image\":{\"@id\":\"https:\\\/\\\/cienciagandia.webs.upv.es\\\/ca\\\/2021\\\/11\\\/mes-ciencia-en-dones-savies-iv\\\/#primaryimage\"},\"thumbnailUrl\":\"https:\\\/\\\/cienciagandia.webs.upv.es\\\/wp-content\\\/uploads\\\/2021\\\/11\\\/IMG_3853.webp\",\"datePublished\":\"2021-11-09T16:22:26+00:00\",\"dateModified\":\"2021-11-09T16:22:30+00:00\",\"description\":\"Cicle de confer\u00e8ncies en les quals es dona visibilitat a la contribuci\u00f3 de vuit dones de refer\u00e8ncia en diferents \u00e0mbits.\",\"breadcrumb\":{\"@id\":\"https:\\\/\\\/cienciagandia.webs.upv.es\\\/ca\\\/2021\\\/11\\\/mes-ciencia-en-dones-savies-iv\\\/#breadcrumb\"},\"inLanguage\":\"ca-CA\",\"potentialAction\":[{\"@type\":\"ReadAction\",\"target\":[\"https:\\\/\\\/cienciagandia.webs.upv.es\\\/ca\\\/2021\\\/11\\\/mes-ciencia-en-dones-savies-iv\\\/\"]}]},{\"@type\":\"ImageObject\",\"inLanguage\":\"ca-CA\",\"@id\":\"https:\\\/\\\/cienciagandia.webs.upv.es\\\/ca\\\/2021\\\/11\\\/mes-ciencia-en-dones-savies-iv\\\/#primaryimage\",\"url\":\"https:\\\/\\\/cienciagandia.webs.upv.es\\\/wp-content\\\/uploads\\\/2021\\\/11\\\/IMG_3853.webp\",\"contentUrl\":\"https:\\\/\\\/cienciagandia.webs.upv.es\\\/wp-content\\\/uploads\\\/2021\\\/11\\\/IMG_3853.webp\",\"width\":1400,\"height\":550},{\"@type\":\"BreadcrumbList\",\"@id\":\"https:\\\/\\\/cienciagandia.webs.upv.es\\\/ca\\\/2021\\\/11\\\/mes-ciencia-en-dones-savies-iv\\\/#breadcrumb\",\"itemListElement\":[{\"@type\":\"ListItem\",\"position\":1,\"name\":\"Portada\",\"item\":\"https:\\\/\\\/cienciagandia.webs.upv.es\\\/ca\\\/\"},{\"@type\":\"ListItem\",\"position\":2,\"name\":\"M\u00e9s ci\u00e8ncia en Dones S\u00e0vies IV\"}]},{\"@type\":\"WebSite\",\"@id\":\"https:\\\/\\\/cienciagandia.webs.upv.es\\\/#website\",\"url\":\"https:\\\/\\\/cienciagandia.webs.upv.es\\\/\",\"name\":\"Blog de Ciencia del Campus de Gandia de la Universitat Polit\u00e8cnica de Val\u00e8ncia UPV\",\"description\":\"Campus de Gandia Ciencia UPV\",\"publisher\":{\"@id\":\"https:\\\/\\\/cienciagandia.webs.upv.es\\\/#organization\"},\"potentialAction\":[{\"@type\":\"SearchAction\",\"target\":{\"@type\":\"EntryPoint\",\"urlTemplate\":\"https:\\\/\\\/cienciagandia.webs.upv.es\\\/?s={search_term_string}\"},\"query-input\":{\"@type\":\"PropertyValueSpecification\",\"valueRequired\":true,\"valueName\":\"search_term_string\"}}],\"inLanguage\":\"ca-CA\"},{\"@type\":\"Organization\",\"@id\":\"https:\\\/\\\/cienciagandia.webs.upv.es\\\/#organization\",\"name\":\"Campus de Gandia de la Universitat Polit\u00e8cnica de Val\u00e8ncia UPV\",\"alternateName\":\"Campus de Gandia UPV\",\"url\":\"https:\\\/\\\/cienciagandia.webs.upv.es\\\/\",\"logo\":{\"@type\":\"ImageObject\",\"inLanguage\":\"ca-CA\",\"@id\":\"https:\\\/\\\/cienciagandia.webs.upv.es\\\/#\\\/schema\\\/logo\\\/image\\\/\",\"url\":\"https:\\\/\\\/cienciagandia.webs.upv.es\\\/wp-content\\\/uploads\\\/2023\\\/10\\\/UPV-Gandia.jpg\",\"contentUrl\":\"https:\\\/\\\/cienciagandia.webs.upv.es\\\/wp-content\\\/uploads\\\/2023\\\/10\\\/UPV-Gandia.jpg\",\"width\":770,\"height\":366,\"caption\":\"Campus de Gandia de la Universitat Polit\u00e8cnica de Val\u00e8ncia UPV\"},\"image\":{\"@id\":\"https:\\\/\\\/cienciagandia.webs.upv.es\\\/#\\\/schema\\\/logo\\\/image\\\/\"},\"sameAs\":[\"https:\\\/\\\/www.facebook.com\\\/UPVCampusGandia\",\"https:\\\/\\\/x.com\\\/UPVCampusGandia\",\"https:\\\/\\\/www.instagram.com\\\/upvcampusgandia\\\/\",\"https:\\\/\\\/www.linkedin.com\\\/company\\\/upvcampusgandia\\\/\"]},{\"@type\":\"Person\",\"@id\":\"https:\\\/\\\/cienciagandia.webs.upv.es\\\/#\\\/schema\\\/person\\\/e5839c7b014a8c81160e23dd3edd3f1f\",\"name\":\"JP\",\"image\":{\"@type\":\"ImageObject\",\"inLanguage\":\"ca-CA\",\"@id\":\"https:\\\/\\\/secure.gravatar.com\\\/avatar\\\/f87e7247614a01397c805dc94eb077aa2c295664f8e3d9aec750ceabd3bac8ac?s=96&d=mm&r=g\",\"url\":\"https:\\\/\\\/secure.gravatar.com\\\/avatar\\\/f87e7247614a01397c805dc94eb077aa2c295664f8e3d9aec750ceabd3bac8ac?s=96&d=mm&r=g\",\"contentUrl\":\"https:\\\/\\\/secure.gravatar.com\\\/avatar\\\/f87e7247614a01397c805dc94eb077aa2c295664f8e3d9aec750ceabd3bac8ac?s=96&d=mm&r=g\",\"caption\":\"JP\"},\"url\":\"https:\\\/\\\/cienciagandia.webs.upv.es\\\/ca\\\/author\\\/jp\\\/\"}]}<\/script>\n<!-- \/ Yoast SEO plugin. -->","yoast_head_json":{"title":"M\u00e9s ci\u00e8ncia en Dones S\u00e0vies IV - Campus de Gandia Ciencia - UPV Universitat Polit\u00e8cnica de Val\u00e8ncia","description":"Cicle de confer\u00e8ncies en les quals es dona visibilitat a la contribuci\u00f3 de vuit dones de refer\u00e8ncia en diferents \u00e0mbits.","robots":{"index":"index","follow":"follow","max-snippet":"max-snippet:-1","max-image-preview":"max-image-preview:large","max-video-preview":"max-video-preview:-1"},"canonical":"https:\/\/cienciagandia.webs.upv.es\/ca\/2021\/11\/mes-ciencia-en-dones-savies-iv\/","og_locale":"en_US","og_type":"article","og_title":"M\u00e9s ci\u00e8ncia en Dones S\u00e0vies IV - Campus de Gandia Ciencia - UPV Universitat Polit\u00e8cnica de Val\u00e8ncia","og_description":"Cicle de confer\u00e8ncies en les quals es dona visibilitat a la contribuci\u00f3 de vuit dones de refer\u00e8ncia en diferents \u00e0mbits.","og_url":"https:\/\/cienciagandia.webs.upv.es\/ca\/2021\/11\/mes-ciencia-en-dones-savies-iv\/","og_site_name":"Campus de Gandia Ciencia - UPV Universitat Polit\u00e8cnica de Val\u00e8ncia","article_publisher":"https:\/\/www.facebook.com\/UPVCampusGandia","article_published_time":"2021-11-09T16:22:26+00:00","article_modified_time":"2021-11-09T16:22:30+00:00","og_image":[{"width":1400,"height":550,"url":"https:\/\/cienciagandia.webs.upv.es\/wp-content\/uploads\/2021\/11\/portada-Dones-Sa\u0300vies-IV-21-22-2.jpg","type":"image\/jpeg"}],"author":"JP","twitter_card":"summary_large_image","twitter_creator":"@UPVCampusGandia","twitter_site":"@UPVCampusGandia","twitter_misc":{"Written by":"JP","Est. reading time":"3 minutes"},"schema":{"@context":"https:\/\/schema.org","@graph":[{"@type":"Article","@id":"https:\/\/cienciagandia.webs.upv.es\/ca\/2021\/11\/mes-ciencia-en-dones-savies-iv\/#article","isPartOf":{"@id":"https:\/\/cienciagandia.webs.upv.es\/ca\/2021\/11\/mes-ciencia-en-dones-savies-iv\/"},"author":{"name":"JP","@id":"https:\/\/cienciagandia.webs.upv.es\/#\/schema\/person\/e5839c7b014a8c81160e23dd3edd3f1f"},"headline":"M\u00e9s ci\u00e8ncia en Dones S\u00e0vies IV","datePublished":"2021-11-09T16:22:26+00:00","dateModified":"2021-11-09T16:22:30+00:00","mainEntityOfPage":{"@id":"https:\/\/cienciagandia.webs.upv.es\/ca\/2021\/11\/mes-ciencia-en-dones-savies-iv\/"},"wordCount":683,"commentCount":0,"publisher":{"@id":"https:\/\/cienciagandia.webs.upv.es\/#organization"},"image":{"@id":"https:\/\/cienciagandia.webs.upv.es\/ca\/2021\/11\/mes-ciencia-en-dones-savies-iv\/#primaryimage"},"thumbnailUrl":"https:\/\/cienciagandia.webs.upv.es\/wp-content\/uploads\/2021\/11\/IMG_3853.webp","keywords":["Portada"],"articleSection":["Ci\u00e8ncia i societat","Dones i ci\u00e8ncia"],"inLanguage":"ca-CA","potentialAction":[{"@type":"CommentAction","name":"Comment","target":["https:\/\/cienciagandia.webs.upv.es\/ca\/2021\/11\/mes-ciencia-en-dones-savies-iv\/#respond"]}]},{"@type":"WebPage","@id":"https:\/\/cienciagandia.webs.upv.es\/ca\/2021\/11\/mes-ciencia-en-dones-savies-iv\/","url":"https:\/\/cienciagandia.webs.upv.es\/ca\/2021\/11\/mes-ciencia-en-dones-savies-iv\/","name":"M\u00e9s ci\u00e8ncia en Dones S\u00e0vies IV - Campus de Gandia Ciencia - UPV Universitat Polit\u00e8cnica de Val\u00e8ncia","isPartOf":{"@id":"https:\/\/cienciagandia.webs.upv.es\/#website"},"primaryImageOfPage":{"@id":"https:\/\/cienciagandia.webs.upv.es\/ca\/2021\/11\/mes-ciencia-en-dones-savies-iv\/#primaryimage"},"image":{"@id":"https:\/\/cienciagandia.webs.upv.es\/ca\/2021\/11\/mes-ciencia-en-dones-savies-iv\/#primaryimage"},"thumbnailUrl":"https:\/\/cienciagandia.webs.upv.es\/wp-content\/uploads\/2021\/11\/IMG_3853.webp","datePublished":"2021-11-09T16:22:26+00:00","dateModified":"2021-11-09T16:22:30+00:00","description":"Cicle de confer\u00e8ncies en les quals es dona visibilitat a la contribuci\u00f3 de vuit dones de refer\u00e8ncia en diferents \u00e0mbits.","breadcrumb":{"@id":"https:\/\/cienciagandia.webs.upv.es\/ca\/2021\/11\/mes-ciencia-en-dones-savies-iv\/#breadcrumb"},"inLanguage":"ca-CA","potentialAction":[{"@type":"ReadAction","target":["https:\/\/cienciagandia.webs.upv.es\/ca\/2021\/11\/mes-ciencia-en-dones-savies-iv\/"]}]},{"@type":"ImageObject","inLanguage":"ca-CA","@id":"https:\/\/cienciagandia.webs.upv.es\/ca\/2021\/11\/mes-ciencia-en-dones-savies-iv\/#primaryimage","url":"https:\/\/cienciagandia.webs.upv.es\/wp-content\/uploads\/2021\/11\/IMG_3853.webp","contentUrl":"https:\/\/cienciagandia.webs.upv.es\/wp-content\/uploads\/2021\/11\/IMG_3853.webp","width":1400,"height":550},{"@type":"BreadcrumbList","@id":"https:\/\/cienciagandia.webs.upv.es\/ca\/2021\/11\/mes-ciencia-en-dones-savies-iv\/#breadcrumb","itemListElement":[{"@type":"ListItem","position":1,"name":"Portada","item":"https:\/\/cienciagandia.webs.upv.es\/ca\/"},{"@type":"ListItem","position":2,"name":"M\u00e9s ci\u00e8ncia en Dones S\u00e0vies IV"}]},{"@type":"WebSite","@id":"https:\/\/cienciagandia.webs.upv.es\/#website","url":"https:\/\/cienciagandia.webs.upv.es\/","name":"Blog de Ciencia del Campus de Gandia de la Universitat Polit\u00e8cnica de Val\u00e8ncia UPV","description":"Campus de Gandia Ciencia UPV","publisher":{"@id":"https:\/\/cienciagandia.webs.upv.es\/#organization"},"potentialAction":[{"@type":"SearchAction","target":{"@type":"EntryPoint","urlTemplate":"https:\/\/cienciagandia.webs.upv.es\/?s={search_term_string}"},"query-input":{"@type":"PropertyValueSpecification","valueRequired":true,"valueName":"search_term_string"}}],"inLanguage":"ca-CA"},{"@type":"Organization","@id":"https:\/\/cienciagandia.webs.upv.es\/#organization","name":"Campus de Gandia de la Universitat Polit\u00e8cnica de Val\u00e8ncia UPV","alternateName":"Campus de Gandia UPV","url":"https:\/\/cienciagandia.webs.upv.es\/","logo":{"@type":"ImageObject","inLanguage":"ca-CA","@id":"https:\/\/cienciagandia.webs.upv.es\/#\/schema\/logo\/image\/","url":"https:\/\/cienciagandia.webs.upv.es\/wp-content\/uploads\/2023\/10\/UPV-Gandia.jpg","contentUrl":"https:\/\/cienciagandia.webs.upv.es\/wp-content\/uploads\/2023\/10\/UPV-Gandia.jpg","width":770,"height":366,"caption":"Campus de Gandia de la Universitat Polit\u00e8cnica de Val\u00e8ncia UPV"},"image":{"@id":"https:\/\/cienciagandia.webs.upv.es\/#\/schema\/logo\/image\/"},"sameAs":["https:\/\/www.facebook.com\/UPVCampusGandia","https:\/\/x.com\/UPVCampusGandia","https:\/\/www.instagram.com\/upvcampusgandia\/","https:\/\/www.linkedin.com\/company\/upvcampusgandia\/"]},{"@type":"Person","@id":"https:\/\/cienciagandia.webs.upv.es\/#\/schema\/person\/e5839c7b014a8c81160e23dd3edd3f1f","name":"JP","image":{"@type":"ImageObject","inLanguage":"ca-CA","@id":"https:\/\/secure.gravatar.com\/avatar\/f87e7247614a01397c805dc94eb077aa2c295664f8e3d9aec750ceabd3bac8ac?s=96&d=mm&r=g","url":"https:\/\/secure.gravatar.com\/avatar\/f87e7247614a01397c805dc94eb077aa2c295664f8e3d9aec750ceabd3bac8ac?s=96&d=mm&r=g","contentUrl":"https:\/\/secure.gravatar.com\/avatar\/f87e7247614a01397c805dc94eb077aa2c295664f8e3d9aec750ceabd3bac8ac?s=96&d=mm&r=g","caption":"JP"},"url":"https:\/\/cienciagandia.webs.upv.es\/ca\/author\/jp\/"}]}},"_links":{"self":[{"href":"https:\/\/cienciagandia.webs.upv.es\/ca\/wp-json\/wp\/v2\/posts\/14961","targetHints":{"allow":["GET"]}}],"collection":[{"href":"https:\/\/cienciagandia.webs.upv.es\/ca\/wp-json\/wp\/v2\/posts"}],"about":[{"href":"https:\/\/cienciagandia.webs.upv.es\/ca\/wp-json\/wp\/v2\/types\/post"}],"author":[{"embeddable":true,"href":"https:\/\/cienciagandia.webs.upv.es\/ca\/wp-json\/wp\/v2\/users\/9"}],"replies":[{"embeddable":true,"href":"https:\/\/cienciagandia.webs.upv.es\/ca\/wp-json\/wp\/v2\/comments?post=14961"}],"version-history":[{"count":2,"href":"https:\/\/cienciagandia.webs.upv.es\/ca\/wp-json\/wp\/v2\/posts\/14961\/revisions"}],"predecessor-version":[{"id":14965,"href":"https:\/\/cienciagandia.webs.upv.es\/ca\/wp-json\/wp\/v2\/posts\/14961\/revisions\/14965"}],"wp:featuredmedia":[{"embeddable":true,"href":"https:\/\/cienciagandia.webs.upv.es\/ca\/wp-json\/wp\/v2\/media\/15166"}],"wp:attachment":[{"href":"https:\/\/cienciagandia.webs.upv.es\/ca\/wp-json\/wp\/v2\/media?parent=14961"}],"wp:term":[{"taxonomy":"category","embeddable":true,"href":"https:\/\/cienciagandia.webs.upv.es\/ca\/wp-json\/wp\/v2\/categories?post=14961"},{"taxonomy":"post_tag","embeddable":true,"href":"https:\/\/cienciagandia.webs.upv.es\/ca\/wp-json\/wp\/v2\/tags?post=14961"}],"curies":[{"name":"wp","href":"https:\/\/api.w.org\/{rel}","templated":true}]}}