{"id":14693,"date":"2021-09-21T17:45:50","date_gmt":"2021-09-21T15:45:50","guid":{"rendered":"http:\/\/cienciagandia.webs.upv.es\/?p=14693"},"modified":"2021-09-21T17:46:53","modified_gmt":"2021-09-21T15:46:53","slug":"manises-candidata-a-ciutat-creativa-de-la-unesco-2021","status":"publish","type":"post","link":"https:\/\/cienciagandia.webs.upv.es\/ca\/2021\/09\/manises-candidata-a-ciutat-creativa-de-la-unesco-2021\/","title":{"rendered":"Manises, candidata a Ciutat Creativa de la UNESCO 2021"},"content":{"rendered":"<p>La Comissi\u00f3 Nacional Espanyola de Cooperaci\u00f3 amb l&#8217;Organitzaci\u00f3 de les Nacions Unides per a l&#8217;Educaci\u00f3, la Ci\u00e8ncia i la Cultura (UNESCO), pertanyent al Ministeri Espanyol d&#8217;Afers Exteriors, Uni\u00f3 Europea i Cooperaci\u00f3, ha seleccionat Manises per a representar Espanya en la convocat\u00f2ria de Ciutats <a href=\"https:\/\/en.unesco.org\/creative-cities\/\">Creatives de la UNESCO 2021<\/a>.<\/p>\n<p>En l&#8217;elecci\u00f3, ha jugat un paper clau l&#8217;equip de <a href=\"https:\/\/pegaso.webs.upv.es\/index.php\/gestion-turistica-y-legal-del-patrimonio-nantural-y-cultural\/\">Turisme i Patrimoni<\/a> del <a href=\"https:\/\/pegaso.webs.upv.es\/\">Centre d&#8217;Investigaci\u00f3 Arquitectura, Patrimoni i Gesti\u00f3 per al Desenvolupament Sostenible de la Universitat Polit\u00e8cnica de Val\u00e8ncia (UPV)<\/a>, responsable de la <strong>realitzaci\u00f3 del dossier<\/strong> de la candidatura.<\/p>\n<a href=\"https:\/\/cienciagandia.webs.upv.es\/wp-content\/uploads\/2021\/09\/manises-ciudad-creativa-ceramica-version-divulgativa.pdf\" class=\"pdfemb-viewer\" style=\"\" data-width=\"max\" data-height=\"max\" data-toolbar=\"bottom\" data-toolbar-fixed=\"off\">manises-ciudad-creativa-ceramica-version-divulgativa<\/a>\n<p>El grup de treball de recerca, encap\u00e7alat per <strong>Mar\u00eda Jos\u00e9 Vi\u00f1als<\/strong> en la UPV, compta amb la participaci\u00f3 de <a href=\"http:\/\/www.upv.es\/pls\/oalu\/sic_person.info?PE=78mSD%2FYIsThNviAhCAJoLldo31wPJ2W3ehKhIeQLz4xF5qfM5p60C3aFOtRc0p0zN4D0Ype%2FGLZoD0wvUzsh3zEAweKQ6dYbdajeaazCYsGg7HXofmaFVg%3D%3D&amp;P_IDIOMA=v\"><strong>Lola<\/strong> <strong>Teruel<\/strong><\/a>, experta en gesti\u00f3 tur\u00edstica del patrimoni del Campus de Gandia, que treballa conjuntament amb <strong>Laura Gilabert<\/strong> i <strong>Anna Sanasaryan<\/strong>.\u00a0 <strong>El mateix equip que va redactar el dossier de la candidatura de Ll\u00edria en la categoria de M\u00fasica<\/strong>, en la convocat\u00f2ria del 2019, i que va aconseguir la seua adhesi\u00f3 a la Xarxa UNESCO de les Ciutats Creatives.<\/p>\n<p><img loading=\"lazy\" decoding=\"async\" class=\"aligncenter size-full wp-image-14678\" src=\"https:\/\/cienciagandia.webs.upv.es\/wp-content\/uploads\/2021\/09\/lola-teruel-upv-gandia-1.jpg\" alt=\"\" width=\"640\" height=\"426\" srcset=\"https:\/\/cienciagandia.webs.upv.es\/wp-content\/uploads\/2021\/09\/lola-teruel-upv-gandia-1.jpg 640w, https:\/\/cienciagandia.webs.upv.es\/wp-content\/uploads\/2021\/09\/lola-teruel-upv-gandia-1-376x250.jpg 376w, https:\/\/cienciagandia.webs.upv.es\/wp-content\/uploads\/2021\/09\/lola-teruel-upv-gandia-1-150x100.jpg 150w\" sizes=\"auto, (max-width: 640px) 100vw, 640px\" \/><\/p>\n<p>CANDIDATA NACIONAL EN ARTESANIA I ARTS<\/p>\n<p>En aquest cas, Manises es postula com a candidata a l&#8217;acc\u00e9s a la <strong>Xarxa en el camp de l&#8217;Artesania i Arts Populars<\/strong>, i el fa, en paraula de Vi\u00f1als, \u201ccom a conseq\u00fc\u00e8ncia del valor actual de la seua producci\u00f3 cer\u00e0mica artesanal, l&#8217;origen de la qual es remunta a fa m\u00e9s de 700 anys, i que es caracteritza, entre altres aspectes, per l&#8217;\u00fas de la t\u00e8cnica del reflex met\u00e0l\u00b7lic d&#8217;inspiraci\u00f3 isl\u00e0mica\u201d.<\/p>\n<p>Per part seua, per a Lola Teruel \u201cingressar en aquesta prestigiosa xarxa internacional suposa una forma de reconeixement, tant de la t\u00e8cnica art\u00edstica com de la ciutat en el seu conjunt, fet que obrir\u00e0 noves vies estrat\u00e8giques i interessants per al seu desenvolupament tur\u00edstic\u201d.<\/p>\n<p><img loading=\"lazy\" decoding=\"async\" class=\"aligncenter size-full wp-image-14681\" src=\"https:\/\/cienciagandia.webs.upv.es\/wp-content\/uploads\/2021\/09\/1-imagen-nota-de-prensa3-copia.jpg\" alt=\"\" width=\"640\" height=\"337\" srcset=\"https:\/\/cienciagandia.webs.upv.es\/wp-content\/uploads\/2021\/09\/1-imagen-nota-de-prensa3-copia.jpg 640w, https:\/\/cienciagandia.webs.upv.es\/wp-content\/uploads\/2021\/09\/1-imagen-nota-de-prensa3-copia-475x250.jpg 475w, https:\/\/cienciagandia.webs.upv.es\/wp-content\/uploads\/2021\/09\/1-imagen-nota-de-prensa3-copia-150x79.jpg 150w\" sizes=\"auto, (max-width: 640px) 100vw, 640px\" \/><\/p>\n<p>XARXA DE CIUTATS CREATIVES DE LA UNESCO<\/p>\n<p>La Xarxa de Ciutats Creatives de la UNESCO naix en 2004 com a conseq\u00fc\u00e8ncia de l&#8217;experi\u00e8ncia de l&#8217;Alian\u00e7a Global per a la Diversitat Cultural en 2002, i ho fa amb l&#8217;objectiu d&#8217;incentivar <strong>la cooperaci\u00f3 internacional entre ciutats que inverteixen en creativitat<\/strong>, considerada com a motor de desenvolupament <strong>urb\u00e0 sostenible<\/strong>, i tamb\u00e9 en <strong>cultura i inclusi\u00f3 social<\/strong>. Aquesta Xarxa s&#8217;estructura al voltant de 7 camps creatius: Literatura, Cinema, M\u00fasica, Artesania i Arts Populars, Disseny, Gastronomia i Art Digital.<\/p>\n<p>La convocat\u00f2ria de la UNESCO t\u00e9 lloc cada dos anys i permet a cada pa\u00eds presentar dues candidatures de diferent categoria, despr\u00e9s d&#8217;haver realitzat una selecci\u00f3 de totes les rebudes en la Comissi\u00f3 Nacional de cada pa\u00eds. En aquest cas, al costat de Manises, l&#8217;altra candidatura seleccionada ha sigut la de Las <strong>Palmas de Gran Canaria en la categoria de M\u00fasica<\/strong>. Haurem d&#8217;esperar a octubre per a con\u00e8ixer el llistat de ciutats triades en totes les categories.<\/p>\n<p><em>EXPOSICI\u00d3: RECORREGUT PER LES CIUTATS CREATIVES DE LA UNESCO<\/em><\/p>\n<p>Des del dia 10 de setembre fins al 20 d&#8217;octubre, la Casa de la Cultura de Manises acull en el seu claustre l&#8217;exposici\u00f3 <a href=\"https:\/\/manisescityofceramics.es\/en\/exposicion-recorrido-por-las-ciudades-creativas-de-la-unesco\/?utm_source=rss&amp;utm_medium=rss&amp;utm_campaign=exposicion-recorrido-por-las-ciudades-creativas-de-la-unesco\"><em>Recorregut per les Ciutats Creatives de la UNESCO<\/em><\/a><em>, <\/em>on es d\u00f3na a con\u00e8ixer a trav\u00e9s d&#8217;una s\u00e8rie de p\u00f2sters la creativitat artesanal i art\u00edstica de les ciutats que ja pertanyen a la xarxa.<\/p>\n<p>Aquesta exposici\u00f3 est\u00e0 organitzada per l&#8217;Ajuntament de Manises i les comiss\u00e0ries s\u00f3n <strong>Mar\u00eda Jos\u00e9 Vi\u00f1als<\/strong>, <strong>Anna Sanasaryan<\/strong> i <strong>Lola Teruel<\/strong>.<\/p>\n<p>&nbsp;<\/p>\n<p><img loading=\"lazy\" decoding=\"async\" class=\"aligncenter wp-image-14687\" src=\"https:\/\/cienciagandia.webs.upv.es\/wp-content\/uploads\/2021\/09\/1-img_8296-copia-751x500.jpg\" alt=\"\" width=\"641\" height=\"427\" srcset=\"https:\/\/cienciagandia.webs.upv.es\/wp-content\/uploads\/2021\/09\/1-img_8296-copia-751x500.jpg 751w, https:\/\/cienciagandia.webs.upv.es\/wp-content\/uploads\/2021\/09\/1-img_8296-copia-375x250.jpg 375w, https:\/\/cienciagandia.webs.upv.es\/wp-content\/uploads\/2021\/09\/1-img_8296-copia-768x511.jpg 768w, https:\/\/cienciagandia.webs.upv.es\/wp-content\/uploads\/2021\/09\/1-img_8296-copia-1536x1023.jpg 1536w, https:\/\/cienciagandia.webs.upv.es\/wp-content\/uploads\/2021\/09\/1-img_8296-copia-2048x1364.jpg 2048w, https:\/\/cienciagandia.webs.upv.es\/wp-content\/uploads\/2021\/09\/1-img_8296-copia-150x100.jpg 150w\" sizes=\"auto, (max-width: 641px) 100vw, 641px\" \/><\/p>\n<p><img loading=\"lazy\" decoding=\"async\" class=\"aligncenter size-full wp-image-14684\" src=\"https:\/\/cienciagandia.webs.upv.es\/wp-content\/uploads\/2021\/09\/1-img_8312-copia.jpg\" alt=\"\" width=\"640\" height=\"426\" srcset=\"https:\/\/cienciagandia.webs.upv.es\/wp-content\/uploads\/2021\/09\/1-img_8312-copia.jpg 640w, https:\/\/cienciagandia.webs.upv.es\/wp-content\/uploads\/2021\/09\/1-img_8312-copia-376x250.jpg 376w, https:\/\/cienciagandia.webs.upv.es\/wp-content\/uploads\/2021\/09\/1-img_8312-copia-150x100.jpg 150w\" sizes=\"auto, (max-width: 640px) 100vw, 640px\" \/><\/p>\n<hr \/>\n<p style=\"text-align: center;\">Font: <strong>Carlos Ayats P\u00e9rez<\/strong>, \u00c0rea de Comunicaci\u00f3 UPV<\/p>\n","protected":false},"excerpt":{"rendered":"<p>La Comissi\u00f3 Nacional Espanyola de Cooperaci\u00f3 amb l&#8217;Organitzaci\u00f3 de les Nacions Unides per a l&#8217;Educaci\u00f3, la Ci\u00e8ncia i la Cultura (UNESCO), pertanyent al Ministeri Espanyol &#8230; <a title=\"Manises, candidata a Ciutat Creativa de la UNESCO 2021\" class=\"read-more\" href=\"https:\/\/cienciagandia.webs.upv.es\/ca\/2021\/09\/manises-candidata-a-ciutat-creativa-de-la-unesco-2021\/\" aria-label=\"Read more about Manises, candidata a Ciutat Creativa de la UNESCO 2021\">Llegir m\u00e9s<\/a><\/p>\n","protected":false},"author":9,"featured_media":14676,"comment_status":"open","ping_status":"closed","sticky":false,"template":"","format":"standard","meta":{"footnotes":""},"categories":[1130,254],"tags":[],"class_list":["post-14693","post","type-post","status-publish","format-standard","has-post-thumbnail","hentry","category-dones-ciencia","category-turisme","resize-featured-image"],"yoast_head":"<!-- This site is optimized with the Yoast SEO plugin v27.5 - https:\/\/yoast.com\/product\/yoast-seo-wordpress\/ -->\n<title>Manises, candidata a Ciutat Creativa de la UNESCO 2021 - Campus de Gandia Ciencia - UPV Universitat Polit\u00e8cnica de Val\u00e8ncia<\/title>\n<meta name=\"description\" content=\"El grup de treball de recerca, encap\u00e7alat per Mar\u00eda Jos\u00e9 Vi\u00f1als en la UPV, compta amb la participaci\u00f3 de Lola Teruel.\" \/>\n<meta name=\"robots\" content=\"index, follow, max-snippet:-1, max-image-preview:large, max-video-preview:-1\" \/>\n<link rel=\"canonical\" href=\"https:\/\/cienciagandia.webs.upv.es\/2021\/09\/manises-candidata-a-ciudad-creativa-de-la-unesco-2021\/\" \/>\n<meta property=\"og:locale\" content=\"en_US\" \/>\n<meta property=\"og:type\" content=\"article\" \/>\n<meta property=\"og:title\" content=\"Manises, candidata a Ciutat Creativa de la UNESCO 2021 - Campus de Gandia Ciencia - UPV Universitat Polit\u00e8cnica de Val\u00e8ncia\" \/>\n<meta property=\"og:description\" content=\"El grup de treball de recerca, encap\u00e7alat per Mar\u00eda Jos\u00e9 Vi\u00f1als en la UPV, compta amb la participaci\u00f3 de Lola Teruel.\" \/>\n<meta property=\"og:url\" content=\"https:\/\/cienciagandia.webs.upv.es\/2021\/09\/manises-candidata-a-ciudad-creativa-de-la-unesco-2021\/\" \/>\n<meta property=\"og:site_name\" content=\"Campus de Gandia Ciencia - UPV Universitat Polit\u00e8cnica de Val\u00e8ncia\" \/>\n<meta property=\"article:publisher\" content=\"https:\/\/www.facebook.com\/UPVCampusGandia\" \/>\n<meta property=\"article:published_time\" content=\"2021-09-21T15:45:50+00:00\" \/>\n<meta property=\"article:modified_time\" content=\"2021-09-21T15:46:53+00:00\" \/>\n<meta property=\"og:image\" content=\"https:\/\/cienciagandia.webs.upv.es\/wp-content\/uploads\/2021\/09\/IMG-MANISES.webp\" \/>\n\t<meta property=\"og:image:width\" content=\"1400\" \/>\n\t<meta property=\"og:image:height\" content=\"550\" \/>\n\t<meta property=\"og:image:type\" content=\"image\/jpeg\" \/>\n<meta name=\"author\" content=\"JP\" \/>\n<meta name=\"twitter:card\" content=\"summary_large_image\" \/>\n<meta name=\"twitter:creator\" content=\"@UPVCampusGandia\" \/>\n<meta name=\"twitter:site\" content=\"@UPVCampusGandia\" \/>\n<meta name=\"twitter:label1\" content=\"Written by\" \/>\n\t<meta name=\"twitter:data1\" content=\"JP\" \/>\n\t<meta name=\"twitter:label2\" content=\"Est. reading time\" \/>\n\t<meta name=\"twitter:data2\" content=\"3 minutes\" \/>\n<script type=\"application\/ld+json\" class=\"yoast-schema-graph\">{\"@context\":\"https:\\\/\\\/schema.org\",\"@graph\":[{\"@type\":\"Article\",\"@id\":\"https:\\\/\\\/cienciagandia.webs.upv.es\\\/2021\\\/09\\\/manises-candidata-a-ciudad-creativa-de-la-unesco-2021\\\/#article\",\"isPartOf\":{\"@id\":\"https:\\\/\\\/cienciagandia.webs.upv.es\\\/2021\\\/09\\\/manises-candidata-a-ciudad-creativa-de-la-unesco-2021\\\/\"},\"author\":{\"name\":\"JP\",\"@id\":\"https:\\\/\\\/cienciagandia.webs.upv.es\\\/#\\\/schema\\\/person\\\/e5839c7b014a8c81160e23dd3edd3f1f\"},\"headline\":\"Manises, candidata a Ciutat Creativa de la UNESCO 2021\",\"datePublished\":\"2021-09-21T15:45:50+00:00\",\"dateModified\":\"2021-09-21T15:46:53+00:00\",\"mainEntityOfPage\":{\"@id\":\"https:\\\/\\\/cienciagandia.webs.upv.es\\\/2021\\\/09\\\/manises-candidata-a-ciudad-creativa-de-la-unesco-2021\\\/\"},\"wordCount\":619,\"commentCount\":0,\"publisher\":{\"@id\":\"https:\\\/\\\/cienciagandia.webs.upv.es\\\/#organization\"},\"image\":{\"@id\":\"https:\\\/\\\/cienciagandia.webs.upv.es\\\/2021\\\/09\\\/manises-candidata-a-ciudad-creativa-de-la-unesco-2021\\\/#primaryimage\"},\"thumbnailUrl\":\"https:\\\/\\\/cienciagandia.webs.upv.es\\\/wp-content\\\/uploads\\\/2021\\\/09\\\/IMG-MANISES.webp\",\"articleSection\":[\"Dones i ci\u00e8ncia\",\"Turisme\"],\"inLanguage\":\"ca-CA\",\"potentialAction\":[{\"@type\":\"CommentAction\",\"name\":\"Comment\",\"target\":[\"https:\\\/\\\/cienciagandia.webs.upv.es\\\/2021\\\/09\\\/manises-candidata-a-ciudad-creativa-de-la-unesco-2021\\\/#respond\"]}]},{\"@type\":\"WebPage\",\"@id\":\"https:\\\/\\\/cienciagandia.webs.upv.es\\\/2021\\\/09\\\/manises-candidata-a-ciudad-creativa-de-la-unesco-2021\\\/\",\"url\":\"https:\\\/\\\/cienciagandia.webs.upv.es\\\/2021\\\/09\\\/manises-candidata-a-ciudad-creativa-de-la-unesco-2021\\\/\",\"name\":\"Manises, candidata a Ciutat Creativa de la UNESCO 2021 - Campus de Gandia Ciencia - UPV Universitat Polit\u00e8cnica de Val\u00e8ncia\",\"isPartOf\":{\"@id\":\"https:\\\/\\\/cienciagandia.webs.upv.es\\\/#website\"},\"primaryImageOfPage\":{\"@id\":\"https:\\\/\\\/cienciagandia.webs.upv.es\\\/2021\\\/09\\\/manises-candidata-a-ciudad-creativa-de-la-unesco-2021\\\/#primaryimage\"},\"image\":{\"@id\":\"https:\\\/\\\/cienciagandia.webs.upv.es\\\/2021\\\/09\\\/manises-candidata-a-ciudad-creativa-de-la-unesco-2021\\\/#primaryimage\"},\"thumbnailUrl\":\"https:\\\/\\\/cienciagandia.webs.upv.es\\\/wp-content\\\/uploads\\\/2021\\\/09\\\/IMG-MANISES.webp\",\"datePublished\":\"2021-09-21T15:45:50+00:00\",\"dateModified\":\"2021-09-21T15:46:53+00:00\",\"description\":\"El grup de treball de recerca, encap\u00e7alat per Mar\u00eda Jos\u00e9 Vi\u00f1als en la UPV, compta amb la participaci\u00f3 de Lola Teruel.\",\"breadcrumb\":{\"@id\":\"https:\\\/\\\/cienciagandia.webs.upv.es\\\/2021\\\/09\\\/manises-candidata-a-ciudad-creativa-de-la-unesco-2021\\\/#breadcrumb\"},\"inLanguage\":\"ca-CA\",\"potentialAction\":[{\"@type\":\"ReadAction\",\"target\":[\"https:\\\/\\\/cienciagandia.webs.upv.es\\\/2021\\\/09\\\/manises-candidata-a-ciudad-creativa-de-la-unesco-2021\\\/\"]}]},{\"@type\":\"ImageObject\",\"inLanguage\":\"ca-CA\",\"@id\":\"https:\\\/\\\/cienciagandia.webs.upv.es\\\/2021\\\/09\\\/manises-candidata-a-ciudad-creativa-de-la-unesco-2021\\\/#primaryimage\",\"url\":\"https:\\\/\\\/cienciagandia.webs.upv.es\\\/wp-content\\\/uploads\\\/2021\\\/09\\\/IMG-MANISES.webp\",\"contentUrl\":\"https:\\\/\\\/cienciagandia.webs.upv.es\\\/wp-content\\\/uploads\\\/2021\\\/09\\\/IMG-MANISES.webp\",\"width\":1400,\"height\":550},{\"@type\":\"BreadcrumbList\",\"@id\":\"https:\\\/\\\/cienciagandia.webs.upv.es\\\/2021\\\/09\\\/manises-candidata-a-ciudad-creativa-de-la-unesco-2021\\\/#breadcrumb\",\"itemListElement\":[{\"@type\":\"ListItem\",\"position\":1,\"name\":\"Portada\",\"item\":\"https:\\\/\\\/cienciagandia.webs.upv.es\\\/ca\\\/\"},{\"@type\":\"ListItem\",\"position\":2,\"name\":\"Manises, candidata a Ciutat Creativa de la UNESCO 2021\"}]},{\"@type\":\"WebSite\",\"@id\":\"https:\\\/\\\/cienciagandia.webs.upv.es\\\/#website\",\"url\":\"https:\\\/\\\/cienciagandia.webs.upv.es\\\/\",\"name\":\"Blog de Ciencia del Campus de Gandia de la Universitat Polit\u00e8cnica de Val\u00e8ncia UPV\",\"description\":\"Campus de Gandia Ciencia UPV\",\"publisher\":{\"@id\":\"https:\\\/\\\/cienciagandia.webs.upv.es\\\/#organization\"},\"potentialAction\":[{\"@type\":\"SearchAction\",\"target\":{\"@type\":\"EntryPoint\",\"urlTemplate\":\"https:\\\/\\\/cienciagandia.webs.upv.es\\\/?s={search_term_string}\"},\"query-input\":{\"@type\":\"PropertyValueSpecification\",\"valueRequired\":true,\"valueName\":\"search_term_string\"}}],\"inLanguage\":\"ca-CA\"},{\"@type\":\"Organization\",\"@id\":\"https:\\\/\\\/cienciagandia.webs.upv.es\\\/#organization\",\"name\":\"Campus de Gandia de la Universitat Polit\u00e8cnica de Val\u00e8ncia UPV\",\"alternateName\":\"Campus de Gandia UPV\",\"url\":\"https:\\\/\\\/cienciagandia.webs.upv.es\\\/\",\"logo\":{\"@type\":\"ImageObject\",\"inLanguage\":\"ca-CA\",\"@id\":\"https:\\\/\\\/cienciagandia.webs.upv.es\\\/#\\\/schema\\\/logo\\\/image\\\/\",\"url\":\"https:\\\/\\\/cienciagandia.webs.upv.es\\\/wp-content\\\/uploads\\\/2023\\\/10\\\/UPV-Gandia.jpg\",\"contentUrl\":\"https:\\\/\\\/cienciagandia.webs.upv.es\\\/wp-content\\\/uploads\\\/2023\\\/10\\\/UPV-Gandia.jpg\",\"width\":770,\"height\":366,\"caption\":\"Campus de Gandia de la Universitat Polit\u00e8cnica de Val\u00e8ncia UPV\"},\"image\":{\"@id\":\"https:\\\/\\\/cienciagandia.webs.upv.es\\\/#\\\/schema\\\/logo\\\/image\\\/\"},\"sameAs\":[\"https:\\\/\\\/www.facebook.com\\\/UPVCampusGandia\",\"https:\\\/\\\/x.com\\\/UPVCampusGandia\",\"https:\\\/\\\/www.instagram.com\\\/upvcampusgandia\\\/\",\"https:\\\/\\\/www.linkedin.com\\\/company\\\/upvcampusgandia\\\/\"]},{\"@type\":\"Person\",\"@id\":\"https:\\\/\\\/cienciagandia.webs.upv.es\\\/#\\\/schema\\\/person\\\/e5839c7b014a8c81160e23dd3edd3f1f\",\"name\":\"JP\",\"image\":{\"@type\":\"ImageObject\",\"inLanguage\":\"ca-CA\",\"@id\":\"https:\\\/\\\/secure.gravatar.com\\\/avatar\\\/f87e7247614a01397c805dc94eb077aa2c295664f8e3d9aec750ceabd3bac8ac?s=96&d=mm&r=g\",\"url\":\"https:\\\/\\\/secure.gravatar.com\\\/avatar\\\/f87e7247614a01397c805dc94eb077aa2c295664f8e3d9aec750ceabd3bac8ac?s=96&d=mm&r=g\",\"contentUrl\":\"https:\\\/\\\/secure.gravatar.com\\\/avatar\\\/f87e7247614a01397c805dc94eb077aa2c295664f8e3d9aec750ceabd3bac8ac?s=96&d=mm&r=g\",\"caption\":\"JP\"},\"url\":\"https:\\\/\\\/cienciagandia.webs.upv.es\\\/ca\\\/author\\\/jp\\\/\"}]}<\/script>\n<!-- \/ Yoast SEO plugin. -->","yoast_head_json":{"title":"Manises, candidata a Ciutat Creativa de la UNESCO 2021 - Campus de Gandia Ciencia - UPV Universitat Polit\u00e8cnica de Val\u00e8ncia","description":"El grup de treball de recerca, encap\u00e7alat per Mar\u00eda Jos\u00e9 Vi\u00f1als en la UPV, compta amb la participaci\u00f3 de Lola Teruel.","robots":{"index":"index","follow":"follow","max-snippet":"max-snippet:-1","max-image-preview":"max-image-preview:large","max-video-preview":"max-video-preview:-1"},"canonical":"https:\/\/cienciagandia.webs.upv.es\/2021\/09\/manises-candidata-a-ciudad-creativa-de-la-unesco-2021\/","og_locale":"en_US","og_type":"article","og_title":"Manises, candidata a Ciutat Creativa de la UNESCO 2021 - Campus de Gandia Ciencia - UPV Universitat Polit\u00e8cnica de Val\u00e8ncia","og_description":"El grup de treball de recerca, encap\u00e7alat per Mar\u00eda Jos\u00e9 Vi\u00f1als en la UPV, compta amb la participaci\u00f3 de Lola Teruel.","og_url":"https:\/\/cienciagandia.webs.upv.es\/2021\/09\/manises-candidata-a-ciudad-creativa-de-la-unesco-2021\/","og_site_name":"Campus de Gandia Ciencia - UPV Universitat Polit\u00e8cnica de Val\u00e8ncia","article_publisher":"https:\/\/www.facebook.com\/UPVCampusGandia","article_published_time":"2021-09-21T15:45:50+00:00","article_modified_time":"2021-09-21T15:46:53+00:00","og_image":[{"width":1400,"height":550,"url":"https:\/\/cienciagandia.webs.upv.es\/wp-content\/uploads\/2021\/09\/IMG-MANISES.webp","type":"image\/jpeg"}],"author":"JP","twitter_card":"summary_large_image","twitter_creator":"@UPVCampusGandia","twitter_site":"@UPVCampusGandia","twitter_misc":{"Written by":"JP","Est. reading time":"3 minutes"},"schema":{"@context":"https:\/\/schema.org","@graph":[{"@type":"Article","@id":"https:\/\/cienciagandia.webs.upv.es\/2021\/09\/manises-candidata-a-ciudad-creativa-de-la-unesco-2021\/#article","isPartOf":{"@id":"https:\/\/cienciagandia.webs.upv.es\/2021\/09\/manises-candidata-a-ciudad-creativa-de-la-unesco-2021\/"},"author":{"name":"JP","@id":"https:\/\/cienciagandia.webs.upv.es\/#\/schema\/person\/e5839c7b014a8c81160e23dd3edd3f1f"},"headline":"Manises, candidata a Ciutat Creativa de la UNESCO 2021","datePublished":"2021-09-21T15:45:50+00:00","dateModified":"2021-09-21T15:46:53+00:00","mainEntityOfPage":{"@id":"https:\/\/cienciagandia.webs.upv.es\/2021\/09\/manises-candidata-a-ciudad-creativa-de-la-unesco-2021\/"},"wordCount":619,"commentCount":0,"publisher":{"@id":"https:\/\/cienciagandia.webs.upv.es\/#organization"},"image":{"@id":"https:\/\/cienciagandia.webs.upv.es\/2021\/09\/manises-candidata-a-ciudad-creativa-de-la-unesco-2021\/#primaryimage"},"thumbnailUrl":"https:\/\/cienciagandia.webs.upv.es\/wp-content\/uploads\/2021\/09\/IMG-MANISES.webp","articleSection":["Dones i ci\u00e8ncia","Turisme"],"inLanguage":"ca-CA","potentialAction":[{"@type":"CommentAction","name":"Comment","target":["https:\/\/cienciagandia.webs.upv.es\/2021\/09\/manises-candidata-a-ciudad-creativa-de-la-unesco-2021\/#respond"]}]},{"@type":"WebPage","@id":"https:\/\/cienciagandia.webs.upv.es\/2021\/09\/manises-candidata-a-ciudad-creativa-de-la-unesco-2021\/","url":"https:\/\/cienciagandia.webs.upv.es\/2021\/09\/manises-candidata-a-ciudad-creativa-de-la-unesco-2021\/","name":"Manises, candidata a Ciutat Creativa de la UNESCO 2021 - Campus de Gandia Ciencia - UPV Universitat Polit\u00e8cnica de Val\u00e8ncia","isPartOf":{"@id":"https:\/\/cienciagandia.webs.upv.es\/#website"},"primaryImageOfPage":{"@id":"https:\/\/cienciagandia.webs.upv.es\/2021\/09\/manises-candidata-a-ciudad-creativa-de-la-unesco-2021\/#primaryimage"},"image":{"@id":"https:\/\/cienciagandia.webs.upv.es\/2021\/09\/manises-candidata-a-ciudad-creativa-de-la-unesco-2021\/#primaryimage"},"thumbnailUrl":"https:\/\/cienciagandia.webs.upv.es\/wp-content\/uploads\/2021\/09\/IMG-MANISES.webp","datePublished":"2021-09-21T15:45:50+00:00","dateModified":"2021-09-21T15:46:53+00:00","description":"El grup de treball de recerca, encap\u00e7alat per Mar\u00eda Jos\u00e9 Vi\u00f1als en la UPV, compta amb la participaci\u00f3 de Lola Teruel.","breadcrumb":{"@id":"https:\/\/cienciagandia.webs.upv.es\/2021\/09\/manises-candidata-a-ciudad-creativa-de-la-unesco-2021\/#breadcrumb"},"inLanguage":"ca-CA","potentialAction":[{"@type":"ReadAction","target":["https:\/\/cienciagandia.webs.upv.es\/2021\/09\/manises-candidata-a-ciudad-creativa-de-la-unesco-2021\/"]}]},{"@type":"ImageObject","inLanguage":"ca-CA","@id":"https:\/\/cienciagandia.webs.upv.es\/2021\/09\/manises-candidata-a-ciudad-creativa-de-la-unesco-2021\/#primaryimage","url":"https:\/\/cienciagandia.webs.upv.es\/wp-content\/uploads\/2021\/09\/IMG-MANISES.webp","contentUrl":"https:\/\/cienciagandia.webs.upv.es\/wp-content\/uploads\/2021\/09\/IMG-MANISES.webp","width":1400,"height":550},{"@type":"BreadcrumbList","@id":"https:\/\/cienciagandia.webs.upv.es\/2021\/09\/manises-candidata-a-ciudad-creativa-de-la-unesco-2021\/#breadcrumb","itemListElement":[{"@type":"ListItem","position":1,"name":"Portada","item":"https:\/\/cienciagandia.webs.upv.es\/ca\/"},{"@type":"ListItem","position":2,"name":"Manises, candidata a Ciutat Creativa de la UNESCO 2021"}]},{"@type":"WebSite","@id":"https:\/\/cienciagandia.webs.upv.es\/#website","url":"https:\/\/cienciagandia.webs.upv.es\/","name":"Blog de Ciencia del Campus de Gandia de la Universitat Polit\u00e8cnica de Val\u00e8ncia UPV","description":"Campus de Gandia Ciencia UPV","publisher":{"@id":"https:\/\/cienciagandia.webs.upv.es\/#organization"},"potentialAction":[{"@type":"SearchAction","target":{"@type":"EntryPoint","urlTemplate":"https:\/\/cienciagandia.webs.upv.es\/?s={search_term_string}"},"query-input":{"@type":"PropertyValueSpecification","valueRequired":true,"valueName":"search_term_string"}}],"inLanguage":"ca-CA"},{"@type":"Organization","@id":"https:\/\/cienciagandia.webs.upv.es\/#organization","name":"Campus de Gandia de la Universitat Polit\u00e8cnica de Val\u00e8ncia UPV","alternateName":"Campus de Gandia UPV","url":"https:\/\/cienciagandia.webs.upv.es\/","logo":{"@type":"ImageObject","inLanguage":"ca-CA","@id":"https:\/\/cienciagandia.webs.upv.es\/#\/schema\/logo\/image\/","url":"https:\/\/cienciagandia.webs.upv.es\/wp-content\/uploads\/2023\/10\/UPV-Gandia.jpg","contentUrl":"https:\/\/cienciagandia.webs.upv.es\/wp-content\/uploads\/2023\/10\/UPV-Gandia.jpg","width":770,"height":366,"caption":"Campus de Gandia de la Universitat Polit\u00e8cnica de Val\u00e8ncia UPV"},"image":{"@id":"https:\/\/cienciagandia.webs.upv.es\/#\/schema\/logo\/image\/"},"sameAs":["https:\/\/www.facebook.com\/UPVCampusGandia","https:\/\/x.com\/UPVCampusGandia","https:\/\/www.instagram.com\/upvcampusgandia\/","https:\/\/www.linkedin.com\/company\/upvcampusgandia\/"]},{"@type":"Person","@id":"https:\/\/cienciagandia.webs.upv.es\/#\/schema\/person\/e5839c7b014a8c81160e23dd3edd3f1f","name":"JP","image":{"@type":"ImageObject","inLanguage":"ca-CA","@id":"https:\/\/secure.gravatar.com\/avatar\/f87e7247614a01397c805dc94eb077aa2c295664f8e3d9aec750ceabd3bac8ac?s=96&d=mm&r=g","url":"https:\/\/secure.gravatar.com\/avatar\/f87e7247614a01397c805dc94eb077aa2c295664f8e3d9aec750ceabd3bac8ac?s=96&d=mm&r=g","contentUrl":"https:\/\/secure.gravatar.com\/avatar\/f87e7247614a01397c805dc94eb077aa2c295664f8e3d9aec750ceabd3bac8ac?s=96&d=mm&r=g","caption":"JP"},"url":"https:\/\/cienciagandia.webs.upv.es\/ca\/author\/jp\/"}]}},"_links":{"self":[{"href":"https:\/\/cienciagandia.webs.upv.es\/ca\/wp-json\/wp\/v2\/posts\/14693","targetHints":{"allow":["GET"]}}],"collection":[{"href":"https:\/\/cienciagandia.webs.upv.es\/ca\/wp-json\/wp\/v2\/posts"}],"about":[{"href":"https:\/\/cienciagandia.webs.upv.es\/ca\/wp-json\/wp\/v2\/types\/post"}],"author":[{"embeddable":true,"href":"https:\/\/cienciagandia.webs.upv.es\/ca\/wp-json\/wp\/v2\/users\/9"}],"replies":[{"embeddable":true,"href":"https:\/\/cienciagandia.webs.upv.es\/ca\/wp-json\/wp\/v2\/comments?post=14693"}],"version-history":[{"count":3,"href":"https:\/\/cienciagandia.webs.upv.es\/ca\/wp-json\/wp\/v2\/posts\/14693\/revisions"}],"predecessor-version":[{"id":14696,"href":"https:\/\/cienciagandia.webs.upv.es\/ca\/wp-json\/wp\/v2\/posts\/14693\/revisions\/14696"}],"wp:featuredmedia":[{"embeddable":true,"href":"https:\/\/cienciagandia.webs.upv.es\/ca\/wp-json\/wp\/v2\/media\/14676"}],"wp:attachment":[{"href":"https:\/\/cienciagandia.webs.upv.es\/ca\/wp-json\/wp\/v2\/media?parent=14693"}],"wp:term":[{"taxonomy":"category","embeddable":true,"href":"https:\/\/cienciagandia.webs.upv.es\/ca\/wp-json\/wp\/v2\/categories?post=14693"},{"taxonomy":"post_tag","embeddable":true,"href":"https:\/\/cienciagandia.webs.upv.es\/ca\/wp-json\/wp\/v2\/tags?post=14693"}],"curies":[{"name":"wp","href":"https:\/\/api.w.org\/{rel}","templated":true}]}}