{"id":14391,"date":"2021-06-29T18:39:41","date_gmt":"2021-06-29T16:39:41","guid":{"rendered":"http:\/\/cienciagandia.webs.upv.es\/?p=14391"},"modified":"2021-07-05T13:45:54","modified_gmt":"2021-07-05T11:45:54","slug":"alberginia-llistada-de-gandia-com-a-producte-turistic","status":"publish","type":"post","link":"https:\/\/cienciagandia.webs.upv.es\/ca\/2021\/06\/alberginia-llistada-de-gandia-com-a-producte-turistic\/","title":{"rendered":"Alberg\u00ednia Llistada de Gandia com a producte tur\u00edstic"},"content":{"rendered":"<p>Com la societat, el sector tur\u00edstic ha canviat amb els anys, evolucionant des del turisme massiu de sol i platja a activitats m\u00e9s espec\u00edfiques com el turisme gastron\u00f2mic, una tend\u00e8ncia que situa en el centre de l&#8217;experi\u00e8ncia el producte local com a part del patrimoni cultural.<\/p>\n<p>La iniciativa de fer patrimoni <strong>un b\u00e9 cultural<\/strong> (tangible o intangible) sorgeix d&#8217;una idea, preocupaci\u00f3 per la salvaguarda, convenciment o il\u00b7lusi\u00f3 sobre la import\u00e0ncia d&#8217;aquest b\u00e9, aix\u00ed com per les ganes de compartir-lo amb la societat. Aquesta iniciativa pot partir des de qualsevol actor local (empreses, ciutadans, associacions, etc.) si b\u00e9 el proc\u00e9s de patrimonialitzaci\u00f3, en general, el sol canalitzar l&#8217;administraci\u00f3 p\u00fablica.<\/p>\n<p>Aquest proc\u00e9s s&#8217;estructura en 3 fases principals: la primera d&#8217;elles consisteix en <strong>la identificaci\u00f3<\/strong> del recurs\/os a fer valdre i utilitza eines concretes com l&#8217;inventari i avaluaci\u00f3 dels recursos sempre des de la consideraci\u00f3 de les pol\u00edtiques p\u00fabliques i les estrat\u00e8gies de salvaguarda del patrimoni.\u00a0 El segon pas d&#8217;aquest proc\u00e9s \u00e9s <strong>dotar-lo d&#8217;autenticitat<\/strong> i identitat. A continuaci\u00f3, dins d&#8217;aquesta <strong>fase de posada en valor<\/strong>, apareix un procediment rigor\u00f3s de documentaci\u00f3 del recurs i de comunicaci\u00f3 de la iniciativa de patrimonialitzaci\u00f3.<\/p>\n<p>Finalment, arribem a la <strong>fase de dinamitzaci\u00f3<\/strong> que s&#8217;iniciaria amb la segmentaci\u00f3 adequada i estrat\u00e8gica dels potencials p\u00fablics. En aquesta fase es fa necessari crear un relat interpretatiu \u00fanic per al conjunt de la destinaci\u00f3 entorn del recurs identificat. A m\u00e9s, es pot connectar aquest proc\u00e9s de patrimonialitzaci\u00f3 amb el desenvolupament econ\u00f2mic a trav\u00e9s de la <strong>creaci\u00f3 de productes tur\u00edstics<\/strong> concrets.<\/p>\n<p>En aquesta l\u00ednia, la investigaci\u00f3 liderada per la professora i experta en Turisme del <a href=\"http:\/\/www.upv.es\/contenidos\/CGANDIA\/index-va.html\">Campus de Gandia de la Universitat Polit\u00e8cnica de Val\u00e8ncia<\/a> <a href=\"http:\/\/www.upv.es\/\">(UPV),<\/a> <a href=\"http:\/\/www.upv.es\/pls\/oalu\/sic_person.Info?p_alias=dteruel&amp;P_IDIOMA=v\">Lola Teruel<\/a>, estudia la identificaci\u00f3 i an\u00e0lisi de l&#8217;Alberg\u00ednia Llistada de Gandia (Solanum melongena L) com a recurs gastron\u00f2mic i cultural aut\u00f2cton del territori.<\/p>\n<p><iframe loading=\"lazy\" style=\"border: 1px solid #CCC; border-width: 1px; margin-bottom: 5px; max-width: 100%;\" src=\"\/\/www.slideshare.net\/slideshow\/embed_code\/key\/scqqYqg7qucuPw\" width=\"595\" height=\"400\" frameborder=\"0\" marginwidth=\"0\" marginheight=\"0\" scrolling=\"no\" allowfullscreen=\"allowfullscreen\" data-mce-fragment=\"1\"><span style=\"display: inline-block; width: 0px; overflow: hidden; line-height: 0;\" data-mce-type=\"bookmark\" class=\"mce_SELRES_start\">\ufeff<\/span> <\/iframe><\/p>\n<div style=\"margin-bottom: 5px;\"><strong> <a title=\"Del recurso gastron\u00f3mico al producto tur\u00edstico: el caso de la berenjena \u201cllistada\u201d de Gandia\" href=\"\/\/www.slideshare.net\/CampusGandiaUPV\/del-recurso-gastronmico-al-producto-turstico-el-caso-de-la-berenjena-llistada-de-gandia\" target=\"_blank\" rel=\"noopener\">Del recurso gastron\u00f3mico al producto tur\u00edstico: el caso de la berenjena \u201cllistada\u201d de Gandia<\/a> <\/strong>| <strong><a href=\"https:\/\/www.slideshare.net\/CampusGandiaUPV\" target=\"_blank\" rel=\"noopener\">Campus de Gandia &#8211; Universitat Polit\u00e8cnica de Val\u00e8ncia<\/a><\/strong><\/div>\n<p>LA QUINZENA DE L&#8217;ALBERG\u00cdNIA<\/p>\n<p>Aquesta varietat es va convertir en protagonista durant la \u201c<a href=\"https:\/\/tastagandia.com\/\">Quinzena de l&#8217;Alberg\u00ednia<\/a>\u201d, una iniciativa de <a href=\"https:\/\/tastagandia.com\/\">Tasta Gandia<\/a> liderada pel xef <strong>Manuel Alonso<\/strong>, en la qual col\u00b7labora l&#8217;Ajuntament de Gandia i l&#8217;associaci\u00f3 <a href=\"https:\/\/destisafor.com\/\">Dest\u00edSafor<\/a>, dedicada a la posada en valor i reivindicaci\u00f3 patrimonial a la Safor de l&#8217;Alberg\u00ednia Llistada.<\/p>\n<p><img loading=\"lazy\" decoding=\"async\" class=\"aligncenter size-large wp-image-14386\" src=\"https:\/\/cienciagandia.webs.upv.es\/wp-content\/uploads\/2021\/06\/platos-berenjena-783x500.jpg\" alt=\"\" width=\"783\" height=\"500\" srcset=\"https:\/\/cienciagandia.webs.upv.es\/wp-content\/uploads\/2021\/06\/platos-berenjena-783x500.jpg 783w, https:\/\/cienciagandia.webs.upv.es\/wp-content\/uploads\/2021\/06\/platos-berenjena-391x250.jpg 391w, https:\/\/cienciagandia.webs.upv.es\/wp-content\/uploads\/2021\/06\/platos-berenjena-768x491.jpg 768w, https:\/\/cienciagandia.webs.upv.es\/wp-content\/uploads\/2021\/06\/platos-berenjena-150x96.jpg 150w, https:\/\/cienciagandia.webs.upv.es\/wp-content\/uploads\/2021\/06\/platos-berenjena.jpg 1024w\" sizes=\"auto, (max-width: 783px) 100vw, 783px\" \/><\/p>\n<p>Durant les <strong>jornades gastron\u00f2miques<\/strong>, desenvolupades entre l&#8217;11 i el 27 de juny, 23 restaurants de Gandia es van sumar a la iniciativa oferint diferents propostes gastron\u00f2miques elaborades amb aquesta hortalissa com a producte principal. Pr\u00e8viament, es va celebrar una taula de debat en la qual <strong>Lola Teruel<\/strong> va establir les claus per a determinar a aquesta varietat tradicional com a part dels b\u00e9ns patrimonials de la Safor.<\/p>\n<p><img loading=\"lazy\" decoding=\"async\" class=\"aligncenter size-large wp-image-14365\" src=\"https:\/\/cienciagandia.webs.upv.es\/wp-content\/uploads\/2021\/06\/mesa-debate-lola-teruel-717x500.jpg\" alt=\"\" width=\"717\" height=\"500\" srcset=\"https:\/\/cienciagandia.webs.upv.es\/wp-content\/uploads\/2021\/06\/mesa-debate-lola-teruel-717x500.jpg 717w, https:\/\/cienciagandia.webs.upv.es\/wp-content\/uploads\/2021\/06\/mesa-debate-lola-teruel-359x250.jpg 359w, https:\/\/cienciagandia.webs.upv.es\/wp-content\/uploads\/2021\/06\/mesa-debate-lola-teruel-768x535.jpg 768w, https:\/\/cienciagandia.webs.upv.es\/wp-content\/uploads\/2021\/06\/mesa-debate-lola-teruel-1536x1071.jpg 1536w, https:\/\/cienciagandia.webs.upv.es\/wp-content\/uploads\/2021\/06\/mesa-debate-lola-teruel-150x105.jpg 150w, https:\/\/cienciagandia.webs.upv.es\/wp-content\/uploads\/2021\/06\/mesa-debate-lola-teruel.jpg 1772w\" sizes=\"auto, (max-width: 717px) 100vw, 717px\" \/><\/p>\n<p>VARIETAT T\u00cdPICA VALENCIANA<\/p>\n<p>Aquesta alberg\u00ednia t\u00edpica valenciana \u00e9s <strong>\u00fanica gen\u00e8ticament<\/strong>, perqu\u00e8 presenta fragments d&#8217;ADN que nom\u00e9s es troben en aquesta varietat, permetent comprovar la seua autenticitat amb exactitud. <a href=\"https:\/\/www.agenciasinc.es\/print\/2265\">El seu ADN va ser catalogat en 2008<\/a> per personal investigador del COMAV (Institut Universitari de Conservaci\u00f3 i Millora de l\u2019Agrodiversitat Valenciana de la Universitat Polit\u00e8cnica de Val\u00e8ncia), que va realitzar \u201cproves gen\u00e8tiques\u201d a alberg\u00ednies aut\u00f2ctones de Gandia per a determinar el seu perfil gen\u00e8tic i comparar-lo posteriorment amb altres varietats comercialitzades com a \u201cllistades\u201d procedents de diferents punts d&#8217;Espanya i de l&#8217;estranger.<\/p>\n<p>Aquesta investigaci\u00f3 va donar lloc a un projecte d&#8217;obtenci\u00f3 de la <strong>denominaci\u00f3 d&#8217;origen<\/strong> que resultar\u00e0 fonamental per a garantir la seua protecci\u00f3 i expansi\u00f3 en el mercat, aix\u00ed com per a impulsar el seu cultiu ecol\u00f2gic.<\/p>\n<p><img loading=\"lazy\" decoding=\"async\" class=\"aligncenter size-large wp-image-14362\" src=\"https:\/\/cienciagandia.webs.upv.es\/wp-content\/uploads\/2021\/06\/Berenjena-listada-de-Gandi\u0301a-762x500.jpg\" alt=\"\" width=\"762\" height=\"500\" srcset=\"https:\/\/cienciagandia.webs.upv.es\/wp-content\/uploads\/2021\/06\/Berenjena-listada-de-Gandi\u0301a-762x500.jpg 762w, https:\/\/cienciagandia.webs.upv.es\/wp-content\/uploads\/2021\/06\/Berenjena-listada-de-Gandi\u0301a-381x250.jpg 381w, https:\/\/cienciagandia.webs.upv.es\/wp-content\/uploads\/2021\/06\/Berenjena-listada-de-Gandi\u0301a-768x504.jpg 768w, https:\/\/cienciagandia.webs.upv.es\/wp-content\/uploads\/2021\/06\/Berenjena-listada-de-Gandi\u0301a-1536x1008.jpg 1536w, https:\/\/cienciagandia.webs.upv.es\/wp-content\/uploads\/2021\/06\/Berenjena-listada-de-Gandi\u0301a-2048x1344.jpg 2048w, https:\/\/cienciagandia.webs.upv.es\/wp-content\/uploads\/2021\/06\/Berenjena-listada-de-Gandi\u0301a-150x98.jpg 150w\" sizes=\"auto, (max-width: 762px) 100vw, 762px\" \/><\/p>\n<p>&nbsp;<\/p>\n<p>M\u00e9s informaci\u00f3:<\/p>\n<p>Mu\u00f1oz-Falc\u00f3n, J.E., Prohens, J., Vilanova, S.\u00a0et al.\u00a0Characterization, diversity, and relationships of the Spanish striped (Listada) eggplants: a model for the enhancement and protection of local heirlooms.\u00a0Euphytica\u00a0164,\u00a0405\u2013419 (2008). <a href=\"https:\/\/doi.org\/10.1007\/s10681-008-9688-3\">https:\/\/doi.org\/10.1007\/s10681-008-9688-3<\/a><\/p>\n<p>Julio E. Mu\u00f1oz-Falc\u00f3n, Santiago Vilanova, Mariola Plazas, Jaime Prohens, Diversity, relationships, and genetic fingerprinting of the Listada de Gandia eggplant landrace using genomic SSRs and EST-SSRs, Scientia Horticulturae, Volume 129, Issue 2, 2011, Pages 238-246, ISSN 0304-4238. <a href=\"https:\/\/doi.org\/10.1016\/j.scienta.2011.03.034\">https:\/\/doi.org\/10.1016\/j.scienta.2011.03.034<\/a>.<\/p>\n<h5>*Fotografies cortesia de l&#8217;Ajuntament de Gandia i TastaGandia<\/h5>\n<hr \/>\n<p style=\"text-align: center;\"><a href=\"http:\/\/www.upv.es\/pls\/oalu\/sic_person.Info?p_alias=niemones&amp;P_IDIOMA=v\"><strong>Neus Montoro Estell\u00e9s<\/strong><\/a><\/p>\n<p style=\"text-align: center;\">T\u00e8cnica de gesti\u00f3 i promoci\u00f3 d&#8217;R+D+I del Campus de Gandia<\/p>\n<p>&nbsp;<\/p>\n","protected":false},"excerpt":{"rendered":"<p>Com la societat, el sector tur\u00edstic ha canviat amb els anys, evolucionant des del turisme massiu de sol i platja a activitats m\u00e9s espec\u00edfiques com &#8230; <a title=\"Alberg\u00ednia Llistada de Gandia com a producte tur\u00edstic\" class=\"read-more\" href=\"https:\/\/cienciagandia.webs.upv.es\/ca\/2021\/06\/alberginia-llistada-de-gandia-com-a-producte-turistic\/\" aria-label=\"Read more about Alberg\u00ednia Llistada de Gandia com a producte tur\u00edstic\">Llegir m\u00e9s<\/a><\/p>\n","protected":false},"author":9,"featured_media":14369,"comment_status":"open","ping_status":"closed","sticky":false,"template":"","format":"standard","meta":{"footnotes":""},"categories":[1130,254],"tags":[],"class_list":["post-14391","post","type-post","status-publish","format-standard","has-post-thumbnail","hentry","category-dones-ciencia","category-turisme","resize-featured-image"],"yoast_head":"<!-- This site is optimized with the Yoast SEO plugin v27.5 - https:\/\/yoast.com\/product\/yoast-seo-wordpress\/ -->\n<title>Alberg\u00ednia Llistada de Gandia com a producte tur\u00edstic - Campus de Gandia Ciencia - UPV Universitat Polit\u00e8cnica de Val\u00e8ncia<\/title>\n<meta name=\"description\" content=\"Estudia la identificaci\u00f3 i an\u00e0lisi de l&#039;Alberg\u00ednia Llistada de Gandia com a recurs gastron\u00f2mic i cultural aut\u00f2cton del territori.\" \/>\n<meta name=\"robots\" content=\"index, follow, max-snippet:-1, max-image-preview:large, max-video-preview:-1\" \/>\n<link rel=\"canonical\" href=\"https:\/\/cienciagandia.webs.upv.es\/ca\/2021\/06\/alberginia-llistada-de-gandia-com-a-producte-turistic\/\" \/>\n<meta property=\"og:locale\" content=\"en_US\" \/>\n<meta property=\"og:type\" content=\"article\" \/>\n<meta property=\"og:title\" content=\"Alberg\u00ednia Llistada de Gandia com a producte tur\u00edstic - Campus de Gandia Ciencia - UPV Universitat Polit\u00e8cnica de Val\u00e8ncia\" \/>\n<meta property=\"og:description\" content=\"Estudia la identificaci\u00f3 i an\u00e0lisi de l&#039;Alberg\u00ednia Llistada de Gandia com a recurs gastron\u00f2mic i cultural aut\u00f2cton del territori.\" \/>\n<meta property=\"og:url\" content=\"https:\/\/cienciagandia.webs.upv.es\/ca\/2021\/06\/alberginia-llistada-de-gandia-com-a-producte-turistic\/\" \/>\n<meta property=\"og:site_name\" content=\"Campus de Gandia Ciencia - UPV Universitat Polit\u00e8cnica de Val\u00e8ncia\" \/>\n<meta property=\"article:publisher\" content=\"https:\/\/www.facebook.com\/UPVCampusGandia\" \/>\n<meta property=\"article:published_time\" content=\"2021-06-29T16:39:41+00:00\" \/>\n<meta property=\"article:modified_time\" content=\"2021-07-05T11:45:54+00:00\" \/>\n<meta property=\"og:image\" content=\"https:\/\/cienciagandia.webs.upv.es\/wp-content\/uploads\/2021\/06\/Berenjena-listada-Lola-Teruel-Gandia-UPV.jpg\" \/>\n\t<meta property=\"og:image:width\" content=\"1400\" \/>\n\t<meta property=\"og:image:height\" content=\"550\" \/>\n\t<meta property=\"og:image:type\" content=\"image\/jpeg\" \/>\n<meta name=\"author\" content=\"JP\" \/>\n<meta name=\"twitter:card\" content=\"summary_large_image\" \/>\n<meta name=\"twitter:creator\" content=\"@UPVCampusGandia\" \/>\n<meta name=\"twitter:site\" content=\"@UPVCampusGandia\" \/>\n<meta name=\"twitter:label1\" content=\"Written by\" \/>\n\t<meta name=\"twitter:data1\" content=\"JP\" \/>\n\t<meta name=\"twitter:label2\" content=\"Est. reading time\" \/>\n\t<meta name=\"twitter:data2\" content=\"4 minutes\" \/>\n<script type=\"application\/ld+json\" class=\"yoast-schema-graph\">{\"@context\":\"https:\\\/\\\/schema.org\",\"@graph\":[{\"@type\":\"Article\",\"@id\":\"https:\\\/\\\/cienciagandia.webs.upv.es\\\/ca\\\/2021\\\/06\\\/alberginia-llistada-de-gandia-com-a-producte-turistic\\\/#article\",\"isPartOf\":{\"@id\":\"https:\\\/\\\/cienciagandia.webs.upv.es\\\/ca\\\/2021\\\/06\\\/alberginia-llistada-de-gandia-com-a-producte-turistic\\\/\"},\"author\":{\"name\":\"JP\",\"@id\":\"https:\\\/\\\/cienciagandia.webs.upv.es\\\/#\\\/schema\\\/person\\\/e5839c7b014a8c81160e23dd3edd3f1f\"},\"headline\":\"Alberg\u00ednia Llistada de Gandia com a producte tur\u00edstic\",\"datePublished\":\"2021-06-29T16:39:41+00:00\",\"dateModified\":\"2021-07-05T11:45:54+00:00\",\"mainEntityOfPage\":{\"@id\":\"https:\\\/\\\/cienciagandia.webs.upv.es\\\/ca\\\/2021\\\/06\\\/alberginia-llistada-de-gandia-com-a-producte-turistic\\\/\"},\"wordCount\":761,\"commentCount\":0,\"publisher\":{\"@id\":\"https:\\\/\\\/cienciagandia.webs.upv.es\\\/#organization\"},\"image\":{\"@id\":\"https:\\\/\\\/cienciagandia.webs.upv.es\\\/ca\\\/2021\\\/06\\\/alberginia-llistada-de-gandia-com-a-producte-turistic\\\/#primaryimage\"},\"thumbnailUrl\":\"https:\\\/\\\/cienciagandia.webs.upv.es\\\/wp-content\\\/uploads\\\/2021\\\/06\\\/berenjena-listada-lola-teruel-gandia-upv.jpg\",\"articleSection\":[\"Dones i ci\u00e8ncia\",\"Turisme\"],\"inLanguage\":\"ca-CA\",\"potentialAction\":[{\"@type\":\"CommentAction\",\"name\":\"Comment\",\"target\":[\"https:\\\/\\\/cienciagandia.webs.upv.es\\\/ca\\\/2021\\\/06\\\/alberginia-llistada-de-gandia-com-a-producte-turistic\\\/#respond\"]}]},{\"@type\":\"WebPage\",\"@id\":\"https:\\\/\\\/cienciagandia.webs.upv.es\\\/ca\\\/2021\\\/06\\\/alberginia-llistada-de-gandia-com-a-producte-turistic\\\/\",\"url\":\"https:\\\/\\\/cienciagandia.webs.upv.es\\\/ca\\\/2021\\\/06\\\/alberginia-llistada-de-gandia-com-a-producte-turistic\\\/\",\"name\":\"Alberg\u00ednia Llistada de Gandia com a producte tur\u00edstic - Campus de Gandia Ciencia - UPV Universitat Polit\u00e8cnica de Val\u00e8ncia\",\"isPartOf\":{\"@id\":\"https:\\\/\\\/cienciagandia.webs.upv.es\\\/#website\"},\"primaryImageOfPage\":{\"@id\":\"https:\\\/\\\/cienciagandia.webs.upv.es\\\/ca\\\/2021\\\/06\\\/alberginia-llistada-de-gandia-com-a-producte-turistic\\\/#primaryimage\"},\"image\":{\"@id\":\"https:\\\/\\\/cienciagandia.webs.upv.es\\\/ca\\\/2021\\\/06\\\/alberginia-llistada-de-gandia-com-a-producte-turistic\\\/#primaryimage\"},\"thumbnailUrl\":\"https:\\\/\\\/cienciagandia.webs.upv.es\\\/wp-content\\\/uploads\\\/2021\\\/06\\\/berenjena-listada-lola-teruel-gandia-upv.jpg\",\"datePublished\":\"2021-06-29T16:39:41+00:00\",\"dateModified\":\"2021-07-05T11:45:54+00:00\",\"description\":\"Estudia la identificaci\u00f3 i an\u00e0lisi de l'Alberg\u00ednia Llistada de Gandia com a recurs gastron\u00f2mic i cultural aut\u00f2cton del territori.\",\"breadcrumb\":{\"@id\":\"https:\\\/\\\/cienciagandia.webs.upv.es\\\/ca\\\/2021\\\/06\\\/alberginia-llistada-de-gandia-com-a-producte-turistic\\\/#breadcrumb\"},\"inLanguage\":\"ca-CA\",\"potentialAction\":[{\"@type\":\"ReadAction\",\"target\":[\"https:\\\/\\\/cienciagandia.webs.upv.es\\\/ca\\\/2021\\\/06\\\/alberginia-llistada-de-gandia-com-a-producte-turistic\\\/\"]}]},{\"@type\":\"ImageObject\",\"inLanguage\":\"ca-CA\",\"@id\":\"https:\\\/\\\/cienciagandia.webs.upv.es\\\/ca\\\/2021\\\/06\\\/alberginia-llistada-de-gandia-com-a-producte-turistic\\\/#primaryimage\",\"url\":\"https:\\\/\\\/cienciagandia.webs.upv.es\\\/wp-content\\\/uploads\\\/2021\\\/06\\\/berenjena-listada-lola-teruel-gandia-upv.jpg\",\"contentUrl\":\"https:\\\/\\\/cienciagandia.webs.upv.es\\\/wp-content\\\/uploads\\\/2021\\\/06\\\/berenjena-listada-lola-teruel-gandia-upv.jpg\",\"width\":1400,\"height\":550},{\"@type\":\"BreadcrumbList\",\"@id\":\"https:\\\/\\\/cienciagandia.webs.upv.es\\\/ca\\\/2021\\\/06\\\/alberginia-llistada-de-gandia-com-a-producte-turistic\\\/#breadcrumb\",\"itemListElement\":[{\"@type\":\"ListItem\",\"position\":1,\"name\":\"Portada\",\"item\":\"https:\\\/\\\/cienciagandia.webs.upv.es\\\/ca\\\/\"},{\"@type\":\"ListItem\",\"position\":2,\"name\":\"Alberg\u00ednia Llistada de Gandia com a producte tur\u00edstic\"}]},{\"@type\":\"WebSite\",\"@id\":\"https:\\\/\\\/cienciagandia.webs.upv.es\\\/#website\",\"url\":\"https:\\\/\\\/cienciagandia.webs.upv.es\\\/\",\"name\":\"Blog de Ciencia del Campus de Gandia de la Universitat Polit\u00e8cnica de Val\u00e8ncia UPV\",\"description\":\"Campus de Gandia Ciencia UPV\",\"publisher\":{\"@id\":\"https:\\\/\\\/cienciagandia.webs.upv.es\\\/#organization\"},\"potentialAction\":[{\"@type\":\"SearchAction\",\"target\":{\"@type\":\"EntryPoint\",\"urlTemplate\":\"https:\\\/\\\/cienciagandia.webs.upv.es\\\/?s={search_term_string}\"},\"query-input\":{\"@type\":\"PropertyValueSpecification\",\"valueRequired\":true,\"valueName\":\"search_term_string\"}}],\"inLanguage\":\"ca-CA\"},{\"@type\":\"Organization\",\"@id\":\"https:\\\/\\\/cienciagandia.webs.upv.es\\\/#organization\",\"name\":\"Campus de Gandia de la Universitat Polit\u00e8cnica de Val\u00e8ncia UPV\",\"alternateName\":\"Campus de Gandia UPV\",\"url\":\"https:\\\/\\\/cienciagandia.webs.upv.es\\\/\",\"logo\":{\"@type\":\"ImageObject\",\"inLanguage\":\"ca-CA\",\"@id\":\"https:\\\/\\\/cienciagandia.webs.upv.es\\\/#\\\/schema\\\/logo\\\/image\\\/\",\"url\":\"https:\\\/\\\/cienciagandia.webs.upv.es\\\/wp-content\\\/uploads\\\/2023\\\/10\\\/UPV-Gandia.jpg\",\"contentUrl\":\"https:\\\/\\\/cienciagandia.webs.upv.es\\\/wp-content\\\/uploads\\\/2023\\\/10\\\/UPV-Gandia.jpg\",\"width\":770,\"height\":366,\"caption\":\"Campus de Gandia de la Universitat Polit\u00e8cnica de Val\u00e8ncia UPV\"},\"image\":{\"@id\":\"https:\\\/\\\/cienciagandia.webs.upv.es\\\/#\\\/schema\\\/logo\\\/image\\\/\"},\"sameAs\":[\"https:\\\/\\\/www.facebook.com\\\/UPVCampusGandia\",\"https:\\\/\\\/x.com\\\/UPVCampusGandia\",\"https:\\\/\\\/www.instagram.com\\\/upvcampusgandia\\\/\",\"https:\\\/\\\/www.linkedin.com\\\/company\\\/upvcampusgandia\\\/\"]},{\"@type\":\"Person\",\"@id\":\"https:\\\/\\\/cienciagandia.webs.upv.es\\\/#\\\/schema\\\/person\\\/e5839c7b014a8c81160e23dd3edd3f1f\",\"name\":\"JP\",\"image\":{\"@type\":\"ImageObject\",\"inLanguage\":\"ca-CA\",\"@id\":\"https:\\\/\\\/secure.gravatar.com\\\/avatar\\\/f87e7247614a01397c805dc94eb077aa2c295664f8e3d9aec750ceabd3bac8ac?s=96&d=mm&r=g\",\"url\":\"https:\\\/\\\/secure.gravatar.com\\\/avatar\\\/f87e7247614a01397c805dc94eb077aa2c295664f8e3d9aec750ceabd3bac8ac?s=96&d=mm&r=g\",\"contentUrl\":\"https:\\\/\\\/secure.gravatar.com\\\/avatar\\\/f87e7247614a01397c805dc94eb077aa2c295664f8e3d9aec750ceabd3bac8ac?s=96&d=mm&r=g\",\"caption\":\"JP\"},\"url\":\"https:\\\/\\\/cienciagandia.webs.upv.es\\\/ca\\\/author\\\/jp\\\/\"}]}<\/script>\n<!-- \/ Yoast SEO plugin. -->","yoast_head_json":{"title":"Alberg\u00ednia Llistada de Gandia com a producte tur\u00edstic - Campus de Gandia Ciencia - UPV Universitat Polit\u00e8cnica de Val\u00e8ncia","description":"Estudia la identificaci\u00f3 i an\u00e0lisi de l'Alberg\u00ednia Llistada de Gandia com a recurs gastron\u00f2mic i cultural aut\u00f2cton del territori.","robots":{"index":"index","follow":"follow","max-snippet":"max-snippet:-1","max-image-preview":"max-image-preview:large","max-video-preview":"max-video-preview:-1"},"canonical":"https:\/\/cienciagandia.webs.upv.es\/ca\/2021\/06\/alberginia-llistada-de-gandia-com-a-producte-turistic\/","og_locale":"en_US","og_type":"article","og_title":"Alberg\u00ednia Llistada de Gandia com a producte tur\u00edstic - Campus de Gandia Ciencia - UPV Universitat Polit\u00e8cnica de Val\u00e8ncia","og_description":"Estudia la identificaci\u00f3 i an\u00e0lisi de l'Alberg\u00ednia Llistada de Gandia com a recurs gastron\u00f2mic i cultural aut\u00f2cton del territori.","og_url":"https:\/\/cienciagandia.webs.upv.es\/ca\/2021\/06\/alberginia-llistada-de-gandia-com-a-producte-turistic\/","og_site_name":"Campus de Gandia Ciencia - UPV Universitat Polit\u00e8cnica de Val\u00e8ncia","article_publisher":"https:\/\/www.facebook.com\/UPVCampusGandia","article_published_time":"2021-06-29T16:39:41+00:00","article_modified_time":"2021-07-05T11:45:54+00:00","og_image":[{"width":1400,"height":550,"url":"https:\/\/cienciagandia.webs.upv.es\/wp-content\/uploads\/2021\/06\/Berenjena-listada-Lola-Teruel-Gandia-UPV.jpg","type":"image\/jpeg"}],"author":"JP","twitter_card":"summary_large_image","twitter_creator":"@UPVCampusGandia","twitter_site":"@UPVCampusGandia","twitter_misc":{"Written by":"JP","Est. reading time":"4 minutes"},"schema":{"@context":"https:\/\/schema.org","@graph":[{"@type":"Article","@id":"https:\/\/cienciagandia.webs.upv.es\/ca\/2021\/06\/alberginia-llistada-de-gandia-com-a-producte-turistic\/#article","isPartOf":{"@id":"https:\/\/cienciagandia.webs.upv.es\/ca\/2021\/06\/alberginia-llistada-de-gandia-com-a-producte-turistic\/"},"author":{"name":"JP","@id":"https:\/\/cienciagandia.webs.upv.es\/#\/schema\/person\/e5839c7b014a8c81160e23dd3edd3f1f"},"headline":"Alberg\u00ednia Llistada de Gandia com a producte tur\u00edstic","datePublished":"2021-06-29T16:39:41+00:00","dateModified":"2021-07-05T11:45:54+00:00","mainEntityOfPage":{"@id":"https:\/\/cienciagandia.webs.upv.es\/ca\/2021\/06\/alberginia-llistada-de-gandia-com-a-producte-turistic\/"},"wordCount":761,"commentCount":0,"publisher":{"@id":"https:\/\/cienciagandia.webs.upv.es\/#organization"},"image":{"@id":"https:\/\/cienciagandia.webs.upv.es\/ca\/2021\/06\/alberginia-llistada-de-gandia-com-a-producte-turistic\/#primaryimage"},"thumbnailUrl":"https:\/\/cienciagandia.webs.upv.es\/wp-content\/uploads\/2021\/06\/berenjena-listada-lola-teruel-gandia-upv.jpg","articleSection":["Dones i ci\u00e8ncia","Turisme"],"inLanguage":"ca-CA","potentialAction":[{"@type":"CommentAction","name":"Comment","target":["https:\/\/cienciagandia.webs.upv.es\/ca\/2021\/06\/alberginia-llistada-de-gandia-com-a-producte-turistic\/#respond"]}]},{"@type":"WebPage","@id":"https:\/\/cienciagandia.webs.upv.es\/ca\/2021\/06\/alberginia-llistada-de-gandia-com-a-producte-turistic\/","url":"https:\/\/cienciagandia.webs.upv.es\/ca\/2021\/06\/alberginia-llistada-de-gandia-com-a-producte-turistic\/","name":"Alberg\u00ednia Llistada de Gandia com a producte tur\u00edstic - Campus de Gandia Ciencia - UPV Universitat Polit\u00e8cnica de Val\u00e8ncia","isPartOf":{"@id":"https:\/\/cienciagandia.webs.upv.es\/#website"},"primaryImageOfPage":{"@id":"https:\/\/cienciagandia.webs.upv.es\/ca\/2021\/06\/alberginia-llistada-de-gandia-com-a-producte-turistic\/#primaryimage"},"image":{"@id":"https:\/\/cienciagandia.webs.upv.es\/ca\/2021\/06\/alberginia-llistada-de-gandia-com-a-producte-turistic\/#primaryimage"},"thumbnailUrl":"https:\/\/cienciagandia.webs.upv.es\/wp-content\/uploads\/2021\/06\/berenjena-listada-lola-teruel-gandia-upv.jpg","datePublished":"2021-06-29T16:39:41+00:00","dateModified":"2021-07-05T11:45:54+00:00","description":"Estudia la identificaci\u00f3 i an\u00e0lisi de l'Alberg\u00ednia Llistada de Gandia com a recurs gastron\u00f2mic i cultural aut\u00f2cton del territori.","breadcrumb":{"@id":"https:\/\/cienciagandia.webs.upv.es\/ca\/2021\/06\/alberginia-llistada-de-gandia-com-a-producte-turistic\/#breadcrumb"},"inLanguage":"ca-CA","potentialAction":[{"@type":"ReadAction","target":["https:\/\/cienciagandia.webs.upv.es\/ca\/2021\/06\/alberginia-llistada-de-gandia-com-a-producte-turistic\/"]}]},{"@type":"ImageObject","inLanguage":"ca-CA","@id":"https:\/\/cienciagandia.webs.upv.es\/ca\/2021\/06\/alberginia-llistada-de-gandia-com-a-producte-turistic\/#primaryimage","url":"https:\/\/cienciagandia.webs.upv.es\/wp-content\/uploads\/2021\/06\/berenjena-listada-lola-teruel-gandia-upv.jpg","contentUrl":"https:\/\/cienciagandia.webs.upv.es\/wp-content\/uploads\/2021\/06\/berenjena-listada-lola-teruel-gandia-upv.jpg","width":1400,"height":550},{"@type":"BreadcrumbList","@id":"https:\/\/cienciagandia.webs.upv.es\/ca\/2021\/06\/alberginia-llistada-de-gandia-com-a-producte-turistic\/#breadcrumb","itemListElement":[{"@type":"ListItem","position":1,"name":"Portada","item":"https:\/\/cienciagandia.webs.upv.es\/ca\/"},{"@type":"ListItem","position":2,"name":"Alberg\u00ednia Llistada de Gandia com a producte tur\u00edstic"}]},{"@type":"WebSite","@id":"https:\/\/cienciagandia.webs.upv.es\/#website","url":"https:\/\/cienciagandia.webs.upv.es\/","name":"Blog de Ciencia del Campus de Gandia de la Universitat Polit\u00e8cnica de Val\u00e8ncia UPV","description":"Campus de Gandia Ciencia UPV","publisher":{"@id":"https:\/\/cienciagandia.webs.upv.es\/#organization"},"potentialAction":[{"@type":"SearchAction","target":{"@type":"EntryPoint","urlTemplate":"https:\/\/cienciagandia.webs.upv.es\/?s={search_term_string}"},"query-input":{"@type":"PropertyValueSpecification","valueRequired":true,"valueName":"search_term_string"}}],"inLanguage":"ca-CA"},{"@type":"Organization","@id":"https:\/\/cienciagandia.webs.upv.es\/#organization","name":"Campus de Gandia de la Universitat Polit\u00e8cnica de Val\u00e8ncia UPV","alternateName":"Campus de Gandia UPV","url":"https:\/\/cienciagandia.webs.upv.es\/","logo":{"@type":"ImageObject","inLanguage":"ca-CA","@id":"https:\/\/cienciagandia.webs.upv.es\/#\/schema\/logo\/image\/","url":"https:\/\/cienciagandia.webs.upv.es\/wp-content\/uploads\/2023\/10\/UPV-Gandia.jpg","contentUrl":"https:\/\/cienciagandia.webs.upv.es\/wp-content\/uploads\/2023\/10\/UPV-Gandia.jpg","width":770,"height":366,"caption":"Campus de Gandia de la Universitat Polit\u00e8cnica de Val\u00e8ncia UPV"},"image":{"@id":"https:\/\/cienciagandia.webs.upv.es\/#\/schema\/logo\/image\/"},"sameAs":["https:\/\/www.facebook.com\/UPVCampusGandia","https:\/\/x.com\/UPVCampusGandia","https:\/\/www.instagram.com\/upvcampusgandia\/","https:\/\/www.linkedin.com\/company\/upvcampusgandia\/"]},{"@type":"Person","@id":"https:\/\/cienciagandia.webs.upv.es\/#\/schema\/person\/e5839c7b014a8c81160e23dd3edd3f1f","name":"JP","image":{"@type":"ImageObject","inLanguage":"ca-CA","@id":"https:\/\/secure.gravatar.com\/avatar\/f87e7247614a01397c805dc94eb077aa2c295664f8e3d9aec750ceabd3bac8ac?s=96&d=mm&r=g","url":"https:\/\/secure.gravatar.com\/avatar\/f87e7247614a01397c805dc94eb077aa2c295664f8e3d9aec750ceabd3bac8ac?s=96&d=mm&r=g","contentUrl":"https:\/\/secure.gravatar.com\/avatar\/f87e7247614a01397c805dc94eb077aa2c295664f8e3d9aec750ceabd3bac8ac?s=96&d=mm&r=g","caption":"JP"},"url":"https:\/\/cienciagandia.webs.upv.es\/ca\/author\/jp\/"}]}},"_links":{"self":[{"href":"https:\/\/cienciagandia.webs.upv.es\/ca\/wp-json\/wp\/v2\/posts\/14391","targetHints":{"allow":["GET"]}}],"collection":[{"href":"https:\/\/cienciagandia.webs.upv.es\/ca\/wp-json\/wp\/v2\/posts"}],"about":[{"href":"https:\/\/cienciagandia.webs.upv.es\/ca\/wp-json\/wp\/v2\/types\/post"}],"author":[{"embeddable":true,"href":"https:\/\/cienciagandia.webs.upv.es\/ca\/wp-json\/wp\/v2\/users\/9"}],"replies":[{"embeddable":true,"href":"https:\/\/cienciagandia.webs.upv.es\/ca\/wp-json\/wp\/v2\/comments?post=14391"}],"version-history":[{"count":6,"href":"https:\/\/cienciagandia.webs.upv.es\/ca\/wp-json\/wp\/v2\/posts\/14391\/revisions"}],"predecessor-version":[{"id":14438,"href":"https:\/\/cienciagandia.webs.upv.es\/ca\/wp-json\/wp\/v2\/posts\/14391\/revisions\/14438"}],"wp:featuredmedia":[{"embeddable":true,"href":"https:\/\/cienciagandia.webs.upv.es\/ca\/wp-json\/wp\/v2\/media\/14369"}],"wp:attachment":[{"href":"https:\/\/cienciagandia.webs.upv.es\/ca\/wp-json\/wp\/v2\/media?parent=14391"}],"wp:term":[{"taxonomy":"category","embeddable":true,"href":"https:\/\/cienciagandia.webs.upv.es\/ca\/wp-json\/wp\/v2\/categories?post=14391"},{"taxonomy":"post_tag","embeddable":true,"href":"https:\/\/cienciagandia.webs.upv.es\/ca\/wp-json\/wp\/v2\/tags?post=14391"}],"curies":[{"name":"wp","href":"https:\/\/api.w.org\/{rel}","templated":true}]}}