{"id":12292,"date":"2020-06-09T19:03:05","date_gmt":"2020-06-09T17:03:05","guid":{"rendered":"http:\/\/cienciagandia.webs.upv.es\/?p=12292"},"modified":"2020-06-09T19:03:18","modified_gmt":"2020-06-09T17:03:18","slug":"ivan-herrero-defensa-la-seua-tesi-doctoral-en-linia-durant-el-periode-de-confinament","status":"publish","type":"post","link":"https:\/\/cienciagandia.webs.upv.es\/ca\/2020\/06\/ivan-herrero-defensa-la-seua-tesi-doctoral-en-linia-durant-el-periode-de-confinament\/","title":{"rendered":"Iv\u00e1n Herrero defensa la seua tesi doctoral en l\u00ednia durant el per\u00edode de confinament"},"content":{"rendered":"<p><strong><a href=\"https:\/\/www.linkedin.com\/in\/ivanherrerodura\/\"><img loading=\"lazy\" decoding=\"async\" class=\"wp-image-12284 alignleft\" src=\"https:\/\/cienciagandia.webs.upv.es\/wp-content\/uploads\/2020\/06\/iva\u0301n-herrero-foto-upv-gandia-375x500.jpg\" alt=\"\" width=\"211\" height=\"281\" srcset=\"https:\/\/cienciagandia.webs.upv.es\/wp-content\/uploads\/2020\/06\/iva\u0301n-herrero-foto-upv-gandia-375x500.jpg 375w, https:\/\/cienciagandia.webs.upv.es\/wp-content\/uploads\/2020\/06\/iva\u0301n-herrero-foto-upv-gandia-188x250.jpg 188w, https:\/\/cienciagandia.webs.upv.es\/wp-content\/uploads\/2020\/06\/iva\u0301n-herrero-foto-upv-gandia-113x150.jpg 113w, https:\/\/cienciagandia.webs.upv.es\/wp-content\/uploads\/2020\/06\/iva\u0301n-herrero-foto-upv-gandia.jpg 400w\" sizes=\"auto, (max-width: 211px) 100vw, 211px\" \/><\/a><\/strong> <a href=\"https:\/\/www.linkedin.com\/in\/ivanherrerodura\/\"><strong>Iv\u00e1n Herrero Dur\u00e1<\/strong><\/a>, Llicenciat en Ci\u00e8ncies Ambientals i <a href=\"http:\/\/www.upv.es\/titulaciones\/MUIA\/indexv.html\">M\u00e0ster en Enginyeria Ac\u00fastica<\/a> del <a href=\"http:\/\/www.upv.es\/contenidos\/CGANDIA\/index-va.html\">Campus de Gandia<\/a> de la <a href=\"http:\/\/www.upv.es\/index-va.html\">Universitat Polit\u00e8cnica de Val\u00e8ncia<\/a>, <strong>va defensar el passat 18 de maig la seua tesi doctoral titulada \u201cAcoustic Noise Reduction Methods for the Launch Pad\u201d per videoconfer\u00e8ncia, en col\u00b7laboraci\u00f3 amb <a href=\"http:\/\/www.esa.int\/Space_in_Member_States\/Spain\">l&#8217;Ag\u00e8ncia Espacial Europea (ESA)<\/a><\/strong>, entitat cofinan\u00e7adora de la tesi doctoral. Aquest treball va rebre la menci\u00f3 Cum laude i ha sigut nominat al Premi Extraordinari de Doctorat de la Universitat Polit\u00e8cnica de Val\u00e8ncia.<\/p>\n<p>La tesi, destacada anteriorment des d&#8217;aquest <a href=\"https:\/\/cienciagandia.webs.upv.es\/ca\/2017\/03\/investigadors-del-campus-de-gandia-treballen-per-a-reduir-el-soroll-dels-llancaments-de-coets\/\">blog<\/a>, ha sigut dirigida per <a href=\"http:\/\/www.upv.es\/pls\/oalu\/sic_person.Info?p_alias=rpico&amp;P_IDIOMA=v\"><strong>Rub\u00e9n Pic\u00f3 Vila<\/strong><\/a>, <a href=\"http:\/\/www.upv.es\/pls\/oalu\/sic_person.Info?p_alias=victorsm&amp;P_IDIOMA=v\"><strong>V\u00edctor S\u00e1nchez Morcillo<\/strong><\/a> i <a href=\"http:\/\/www.upv.es\/pls\/oalu\/sic_person.Info?p_alias=lmgarcia&amp;P_IDIOMA=v\"><strong>Llu\u00eds Garc\u00eda Raffi<\/strong><\/a>, de la Universitat Polit\u00e8cnica de Val\u00e8ncia, i \u00a0per <strong><a href=\"http:\/\/www.univ-lemans.fr\/en\/direct-access\/directory\/r\/o\/m\/annuaire-romero-garcia-vicente-fr.html?search-keywords=Vicente+Romero+Garc%C3%ADa\">Vicente Romero Garc\u00eda<\/a><\/strong>, del <a href=\"http:\/\/www.univ-lemans.fr\/en\/research\/laboratories\/laum.html\">Laboratoire d\u2019Acoustique de l\u2019Universit\u00e9 du Maine (a Fran\u00e7a)<\/a>.<\/p>\n<p><strong>Aquest treball se centra en la investigaci\u00f3 de m\u00e8todes que permeten reduir la c\u00e0rrega ac\u00fastica a la qual estan sotmesos els coets espacials durant les primeres fases del llan\u00e7ament (ignici\u00f3 de motors i enlairament).<\/strong> Com explica Iv\u00e1n: \u201cEn aquests esdeveniments els nivells de pressi\u00f3 ac\u00fastica experimentats pels vehicles espacials s\u00f3n extremadament elevats i poden afectar significativament estructures lleugeres transportades, com panells solars i antenes, la qual cosa fa necessari reduir la c\u00e0rrega ac\u00fastica\u201d.<\/p>\n<p>\u201cL&#8217;intens so generat per les fonts prim\u00e0ries, el motor i el raig, es veu refor\u00e7at per la reflexi\u00f3 en el fons del canal de la base de llan\u00e7ament, que actua com un espill des del punt de vista ac\u00fastic, i retorna l&#8217;energia alliberada al coet i a les estructures que hi transporta, amb les conseq\u00fc\u00e8ncies econ\u00f2miques i de seguretat que aix\u00f2 comporta\u201d indica Iv\u00e1n.<\/p>\n<p><strong><a href=\"https:\/\/www.linkedin.com\/in\/ivanherrerodura\/\"><img loading=\"lazy\" decoding=\"async\" class=\"wp-image-12278 aligncenter\" src=\"https:\/\/cienciagandia.webs.upv.es\/wp-content\/uploads\/2020\/06\/defensa-online-ivan-herrero-1.jpg\" alt=\"\" width=\"699\" height=\"352\" srcset=\"https:\/\/cienciagandia.webs.upv.es\/wp-content\/uploads\/2020\/06\/defensa-online-ivan-herrero-1.jpg 850w, https:\/\/cienciagandia.webs.upv.es\/wp-content\/uploads\/2020\/06\/defensa-online-ivan-herrero-1-496x250.jpg 496w, https:\/\/cienciagandia.webs.upv.es\/wp-content\/uploads\/2020\/06\/defensa-online-ivan-herrero-1-768x387.jpg 768w, https:\/\/cienciagandia.webs.upv.es\/wp-content\/uploads\/2020\/06\/defensa-online-ivan-herrero-1-150x76.jpg 150w\" sizes=\"auto, (max-width: 699px) 100vw, 699px\" \/><\/a><br \/>\n<\/strong><\/p>\n<p><strong>Malgrat la rellev\u00e0ncia d&#8217;aquest problema, el coneixement sobre les caracter\u00edstiques de les fonts, el comportament de les instal\u00b7lacions de s\u00f2l en refer\u00e8ncia a la dispersi\u00f3, difusi\u00f3 i absorci\u00f3 del so, i les possibles mesures per a mitigar l&#8217;impacte \u00e9s encara esc\u00e0s.<\/strong> En aquest context s&#8217;ha desenvolupat l&#8217;objectiu principal d&#8217;aquesta tesi, el prop\u00f2sit de la qual ha sigut el disseny i optimitzaci\u00f3 d&#8217;un prototip de sistema basat en un vector de ressonadors de Helmholtz per a maximitzar l&#8217;absorci\u00f3 i dispersi\u00f3 del so i, d&#8217;aquesta manera, mitigar els nivells de pressi\u00f3 sonora generats en aquests esdeveniments en el context aeroespacial.<\/p>\n<p><a href=\"https:\/\/www.linkedin.com\/in\/ivanherrerodura\/\"><img loading=\"lazy\" decoding=\"async\" class=\" wp-image-12281 alignleft\" src=\"https:\/\/cienciagandia.webs.upv.es\/wp-content\/uploads\/2020\/06\/iva\u0301n-herrero-foto-upv-gandia-2-479x500.jpg\" alt=\"\" width=\"359\" height=\"375\" srcset=\"https:\/\/cienciagandia.webs.upv.es\/wp-content\/uploads\/2020\/06\/iva\u0301n-herrero-foto-upv-gandia-2-479x500.jpg 479w, https:\/\/cienciagandia.webs.upv.es\/wp-content\/uploads\/2020\/06\/iva\u0301n-herrero-foto-upv-gandia-2-240x250.jpg 240w, https:\/\/cienciagandia.webs.upv.es\/wp-content\/uploads\/2020\/06\/iva\u0301n-herrero-foto-upv-gandia-2-144x150.jpg 144w, https:\/\/cienciagandia.webs.upv.es\/wp-content\/uploads\/2020\/06\/iva\u0301n-herrero-foto-upv-gandia-2.jpg 640w\" sizes=\"auto, (max-width: 359px) 100vw, 359px\" \/><\/a>PROGRAMA NPI<\/p>\n<p><strong>Iv\u00e1n ha desenvolupat part del seu treball de recerca en el centre t\u00e8cnic de l&#8217;Ag\u00e8ncia Espacial Europea (ESA) a Holanda,<\/strong> gr\u00e0cies a l&#8217;acord signat entre la UPV i ESA dins del programa <a href=\"http:\/\/www.esa.int\/Enabling_Support\/Space_Engineering_Technology\/From_NPI_to_research_co-funding_via_OSIP_ESA_s_Open_Space_Innovation_Platform\">Networking \/ Partnering Initiative (NPI)<\/a>, en el qual participen universitats i instituts d&#8217;investigaci\u00f3 en tecnologies avan\u00e7ades amb aplicacions potencials en l&#8217;espai.<\/p>\n<p>Durant la realitzaci\u00f3 de la tesi, Iv\u00e1n va realitzar dues estades d&#8217;investigaci\u00f3 en el <a href=\"http:\/\/www.esa.int\/About_Us\/ESTEC\/ESTEC_European_Space_Research_and_Technology_Centre\">Centre d\u2019Investigaci\u00f3 i Tecnologia Espacial (ESTEC)<\/a> de l&#8217;ESA i va realitzar una publicaci\u00f3 cient\u00edfica en la revista d&#8217;\u00e0mbit internacional <a href=\"https:\/\/www.mdpi.com\/journal\/applsci\"><em>Applied Sciences<\/em><\/a>, en la qual es detallen aspectes d&#8217;aquesta investigaci\u00f3. La publicaci\u00f3 completa pot consultar-se a trav\u00e9s del seg\u00fcent enlla\u00e7: <a href=\"https:\/\/www.mdpi.com\/2076-3417\/10\/5\/1690\">https:\/\/www.mdpi.com\/2076-3417\/10\/5\/1690<\/a>.<\/p>\n<p>&nbsp;<\/p>\n","protected":false},"excerpt":{"rendered":"<p>Iv\u00e1n Herrero Dur\u00e1, Llicenciat en Ci\u00e8ncies Ambientals i M\u00e0ster en Enginyeria Ac\u00fastica del Campus de Gandia de la Universitat Polit\u00e8cnica de Val\u00e8ncia, va defensar el &#8230; <a title=\"Iv\u00e1n Herrero defensa la seua tesi doctoral en l\u00ednia durant el per\u00edode de confinament\" class=\"read-more\" href=\"https:\/\/cienciagandia.webs.upv.es\/ca\/2020\/06\/ivan-herrero-defensa-la-seua-tesi-doctoral-en-linia-durant-el-periode-de-confinament\/\" aria-label=\"Read more about Iv\u00e1n Herrero defensa la seua tesi doctoral en l\u00ednia durant el per\u00edode de confinament\">Llegir m\u00e9s<\/a><\/p>\n","protected":false},"author":9,"featured_media":12270,"comment_status":"open","ping_status":"closed","sticky":false,"template":"","format":"standard","meta":{"footnotes":""},"categories":[252],"tags":[],"class_list":["post-12292","post","type-post","status-publish","format-standard","has-post-thumbnail","hentry","category-tecnologia","resize-featured-image"],"yoast_head":"<!-- This site is optimized with the Yoast SEO plugin v27.5 - https:\/\/yoast.com\/product\/yoast-seo-wordpress\/ -->\n<title>Iv\u00e1n Herrero defensa la seua tesi doctoral en l\u00ednia durant el per\u00edode de confinament - Campus de Gandia Ciencia - UPV Universitat Polit\u00e8cnica de Val\u00e8ncia<\/title>\n<meta name=\"description\" content=\"Va defensar la seua tesi doctoral titulada \u201cAcoustic Noise Reduction Methods for the Launch Pad\u201d en col\u00b7laboraci\u00f3 amb l&#039;Agencia Espacial Europea (ESA),\" \/>\n<meta name=\"robots\" content=\"index, follow, max-snippet:-1, max-image-preview:large, max-video-preview:-1\" \/>\n<link rel=\"canonical\" href=\"https:\/\/cienciagandia.webs.upv.es\/ca\/2020\/06\/ivan-herrero-defensa-la-seua-tesi-doctoral-en-linia-durant-el-periode-de-confinament\/\" \/>\n<meta property=\"og:locale\" content=\"en_US\" \/>\n<meta property=\"og:type\" content=\"article\" \/>\n<meta property=\"og:title\" content=\"Iv\u00e1n Herrero defensa la seua tesi doctoral en l\u00ednia durant el per\u00edode de confinament - Campus de Gandia Ciencia - UPV Universitat Polit\u00e8cnica de Val\u00e8ncia\" \/>\n<meta property=\"og:description\" content=\"Va defensar la seua tesi doctoral titulada \u201cAcoustic Noise Reduction Methods for the Launch Pad\u201d en col\u00b7laboraci\u00f3 amb l&#039;Agencia Espacial Europea (ESA),\" \/>\n<meta property=\"og:url\" content=\"https:\/\/cienciagandia.webs.upv.es\/ca\/2020\/06\/ivan-herrero-defensa-la-seua-tesi-doctoral-en-linia-durant-el-periode-de-confinament\/\" \/>\n<meta property=\"og:site_name\" content=\"Campus de Gandia Ciencia - UPV Universitat Polit\u00e8cnica de Val\u00e8ncia\" \/>\n<meta property=\"article:publisher\" content=\"https:\/\/www.facebook.com\/UPVCampusGandia\" \/>\n<meta property=\"article:published_time\" content=\"2020-06-09T17:03:05+00:00\" \/>\n<meta property=\"article:modified_time\" content=\"2020-06-09T17:03:18+00:00\" \/>\n<meta property=\"og:image\" content=\"https:\/\/cienciagandia.webs.upv.es\/wp-content\/uploads\/2020\/06\/IMG-IVANHERRERO.webp\" \/>\n\t<meta property=\"og:image:width\" content=\"1400\" \/>\n\t<meta property=\"og:image:height\" content=\"550\" \/>\n\t<meta property=\"og:image:type\" content=\"image\/jpeg\" \/>\n<meta name=\"author\" content=\"JP\" \/>\n<meta name=\"twitter:card\" content=\"summary_large_image\" \/>\n<meta name=\"twitter:creator\" content=\"@UPVCampusGandia\" \/>\n<meta name=\"twitter:site\" content=\"@UPVCampusGandia\" \/>\n<meta name=\"twitter:label1\" content=\"Written by\" \/>\n\t<meta name=\"twitter:data1\" content=\"JP\" \/>\n\t<meta name=\"twitter:label2\" content=\"Est. reading time\" \/>\n\t<meta name=\"twitter:data2\" content=\"3 minutes\" \/>\n<script type=\"application\/ld+json\" class=\"yoast-schema-graph\">{\"@context\":\"https:\\\/\\\/schema.org\",\"@graph\":[{\"@type\":\"Article\",\"@id\":\"https:\\\/\\\/cienciagandia.webs.upv.es\\\/ca\\\/2020\\\/06\\\/ivan-herrero-defensa-la-seua-tesi-doctoral-en-linia-durant-el-periode-de-confinament\\\/#article\",\"isPartOf\":{\"@id\":\"https:\\\/\\\/cienciagandia.webs.upv.es\\\/ca\\\/2020\\\/06\\\/ivan-herrero-defensa-la-seua-tesi-doctoral-en-linia-durant-el-periode-de-confinament\\\/\"},\"author\":{\"name\":\"JP\",\"@id\":\"https:\\\/\\\/cienciagandia.webs.upv.es\\\/#\\\/schema\\\/person\\\/e5839c7b014a8c81160e23dd3edd3f1f\"},\"headline\":\"Iv\u00e1n Herrero defensa la seua tesi doctoral en l\u00ednia durant el per\u00edode de confinament\",\"datePublished\":\"2020-06-09T17:03:05+00:00\",\"dateModified\":\"2020-06-09T17:03:18+00:00\",\"mainEntityOfPage\":{\"@id\":\"https:\\\/\\\/cienciagandia.webs.upv.es\\\/ca\\\/2020\\\/06\\\/ivan-herrero-defensa-la-seua-tesi-doctoral-en-linia-durant-el-periode-de-confinament\\\/\"},\"wordCount\":561,\"commentCount\":0,\"publisher\":{\"@id\":\"https:\\\/\\\/cienciagandia.webs.upv.es\\\/#organization\"},\"image\":{\"@id\":\"https:\\\/\\\/cienciagandia.webs.upv.es\\\/ca\\\/2020\\\/06\\\/ivan-herrero-defensa-la-seua-tesi-doctoral-en-linia-durant-el-periode-de-confinament\\\/#primaryimage\"},\"thumbnailUrl\":\"https:\\\/\\\/cienciagandia.webs.upv.es\\\/wp-content\\\/uploads\\\/2020\\\/06\\\/IMG-IVANHERRERO.webp\",\"articleSection\":[\"Tecnologia\"],\"inLanguage\":\"ca-CA\",\"potentialAction\":[{\"@type\":\"CommentAction\",\"name\":\"Comment\",\"target\":[\"https:\\\/\\\/cienciagandia.webs.upv.es\\\/ca\\\/2020\\\/06\\\/ivan-herrero-defensa-la-seua-tesi-doctoral-en-linia-durant-el-periode-de-confinament\\\/#respond\"]}]},{\"@type\":\"WebPage\",\"@id\":\"https:\\\/\\\/cienciagandia.webs.upv.es\\\/ca\\\/2020\\\/06\\\/ivan-herrero-defensa-la-seua-tesi-doctoral-en-linia-durant-el-periode-de-confinament\\\/\",\"url\":\"https:\\\/\\\/cienciagandia.webs.upv.es\\\/ca\\\/2020\\\/06\\\/ivan-herrero-defensa-la-seua-tesi-doctoral-en-linia-durant-el-periode-de-confinament\\\/\",\"name\":\"Iv\u00e1n Herrero defensa la seua tesi doctoral en l\u00ednia durant el per\u00edode de confinament - Campus de Gandia Ciencia - UPV Universitat Polit\u00e8cnica de Val\u00e8ncia\",\"isPartOf\":{\"@id\":\"https:\\\/\\\/cienciagandia.webs.upv.es\\\/#website\"},\"primaryImageOfPage\":{\"@id\":\"https:\\\/\\\/cienciagandia.webs.upv.es\\\/ca\\\/2020\\\/06\\\/ivan-herrero-defensa-la-seua-tesi-doctoral-en-linia-durant-el-periode-de-confinament\\\/#primaryimage\"},\"image\":{\"@id\":\"https:\\\/\\\/cienciagandia.webs.upv.es\\\/ca\\\/2020\\\/06\\\/ivan-herrero-defensa-la-seua-tesi-doctoral-en-linia-durant-el-periode-de-confinament\\\/#primaryimage\"},\"thumbnailUrl\":\"https:\\\/\\\/cienciagandia.webs.upv.es\\\/wp-content\\\/uploads\\\/2020\\\/06\\\/IMG-IVANHERRERO.webp\",\"datePublished\":\"2020-06-09T17:03:05+00:00\",\"dateModified\":\"2020-06-09T17:03:18+00:00\",\"description\":\"Va defensar la seua tesi doctoral titulada \u201cAcoustic Noise Reduction Methods for the Launch Pad\u201d en col\u00b7laboraci\u00f3 amb l'Agencia Espacial Europea (ESA),\",\"breadcrumb\":{\"@id\":\"https:\\\/\\\/cienciagandia.webs.upv.es\\\/ca\\\/2020\\\/06\\\/ivan-herrero-defensa-la-seua-tesi-doctoral-en-linia-durant-el-periode-de-confinament\\\/#breadcrumb\"},\"inLanguage\":\"ca-CA\",\"potentialAction\":[{\"@type\":\"ReadAction\",\"target\":[\"https:\\\/\\\/cienciagandia.webs.upv.es\\\/ca\\\/2020\\\/06\\\/ivan-herrero-defensa-la-seua-tesi-doctoral-en-linia-durant-el-periode-de-confinament\\\/\"]}]},{\"@type\":\"ImageObject\",\"inLanguage\":\"ca-CA\",\"@id\":\"https:\\\/\\\/cienciagandia.webs.upv.es\\\/ca\\\/2020\\\/06\\\/ivan-herrero-defensa-la-seua-tesi-doctoral-en-linia-durant-el-periode-de-confinament\\\/#primaryimage\",\"url\":\"https:\\\/\\\/cienciagandia.webs.upv.es\\\/wp-content\\\/uploads\\\/2020\\\/06\\\/IMG-IVANHERRERO.webp\",\"contentUrl\":\"https:\\\/\\\/cienciagandia.webs.upv.es\\\/wp-content\\\/uploads\\\/2020\\\/06\\\/IMG-IVANHERRERO.webp\",\"width\":1400,\"height\":550},{\"@type\":\"BreadcrumbList\",\"@id\":\"https:\\\/\\\/cienciagandia.webs.upv.es\\\/ca\\\/2020\\\/06\\\/ivan-herrero-defensa-la-seua-tesi-doctoral-en-linia-durant-el-periode-de-confinament\\\/#breadcrumb\",\"itemListElement\":[{\"@type\":\"ListItem\",\"position\":1,\"name\":\"Portada\",\"item\":\"https:\\\/\\\/cienciagandia.webs.upv.es\\\/ca\\\/\"},{\"@type\":\"ListItem\",\"position\":2,\"name\":\"Iv\u00e1n Herrero defensa la seua tesi doctoral en l\u00ednia durant el per\u00edode de confinament\"}]},{\"@type\":\"WebSite\",\"@id\":\"https:\\\/\\\/cienciagandia.webs.upv.es\\\/#website\",\"url\":\"https:\\\/\\\/cienciagandia.webs.upv.es\\\/\",\"name\":\"Blog de Ciencia del Campus de Gandia de la Universitat Polit\u00e8cnica de Val\u00e8ncia UPV\",\"description\":\"Campus de Gandia Ciencia UPV\",\"publisher\":{\"@id\":\"https:\\\/\\\/cienciagandia.webs.upv.es\\\/#organization\"},\"potentialAction\":[{\"@type\":\"SearchAction\",\"target\":{\"@type\":\"EntryPoint\",\"urlTemplate\":\"https:\\\/\\\/cienciagandia.webs.upv.es\\\/?s={search_term_string}\"},\"query-input\":{\"@type\":\"PropertyValueSpecification\",\"valueRequired\":true,\"valueName\":\"search_term_string\"}}],\"inLanguage\":\"ca-CA\"},{\"@type\":\"Organization\",\"@id\":\"https:\\\/\\\/cienciagandia.webs.upv.es\\\/#organization\",\"name\":\"Campus de Gandia de la Universitat Polit\u00e8cnica de Val\u00e8ncia UPV\",\"alternateName\":\"Campus de Gandia UPV\",\"url\":\"https:\\\/\\\/cienciagandia.webs.upv.es\\\/\",\"logo\":{\"@type\":\"ImageObject\",\"inLanguage\":\"ca-CA\",\"@id\":\"https:\\\/\\\/cienciagandia.webs.upv.es\\\/#\\\/schema\\\/logo\\\/image\\\/\",\"url\":\"https:\\\/\\\/cienciagandia.webs.upv.es\\\/wp-content\\\/uploads\\\/2023\\\/10\\\/UPV-Gandia.jpg\",\"contentUrl\":\"https:\\\/\\\/cienciagandia.webs.upv.es\\\/wp-content\\\/uploads\\\/2023\\\/10\\\/UPV-Gandia.jpg\",\"width\":770,\"height\":366,\"caption\":\"Campus de Gandia de la Universitat Polit\u00e8cnica de Val\u00e8ncia UPV\"},\"image\":{\"@id\":\"https:\\\/\\\/cienciagandia.webs.upv.es\\\/#\\\/schema\\\/logo\\\/image\\\/\"},\"sameAs\":[\"https:\\\/\\\/www.facebook.com\\\/UPVCampusGandia\",\"https:\\\/\\\/x.com\\\/UPVCampusGandia\",\"https:\\\/\\\/www.instagram.com\\\/upvcampusgandia\\\/\",\"https:\\\/\\\/www.linkedin.com\\\/company\\\/upvcampusgandia\\\/\"]},{\"@type\":\"Person\",\"@id\":\"https:\\\/\\\/cienciagandia.webs.upv.es\\\/#\\\/schema\\\/person\\\/e5839c7b014a8c81160e23dd3edd3f1f\",\"name\":\"JP\",\"image\":{\"@type\":\"ImageObject\",\"inLanguage\":\"ca-CA\",\"@id\":\"https:\\\/\\\/secure.gravatar.com\\\/avatar\\\/f87e7247614a01397c805dc94eb077aa2c295664f8e3d9aec750ceabd3bac8ac?s=96&d=mm&r=g\",\"url\":\"https:\\\/\\\/secure.gravatar.com\\\/avatar\\\/f87e7247614a01397c805dc94eb077aa2c295664f8e3d9aec750ceabd3bac8ac?s=96&d=mm&r=g\",\"contentUrl\":\"https:\\\/\\\/secure.gravatar.com\\\/avatar\\\/f87e7247614a01397c805dc94eb077aa2c295664f8e3d9aec750ceabd3bac8ac?s=96&d=mm&r=g\",\"caption\":\"JP\"},\"url\":\"https:\\\/\\\/cienciagandia.webs.upv.es\\\/ca\\\/author\\\/jp\\\/\"}]}<\/script>\n<!-- \/ Yoast SEO plugin. -->","yoast_head_json":{"title":"Iv\u00e1n Herrero defensa la seua tesi doctoral en l\u00ednia durant el per\u00edode de confinament - Campus de Gandia Ciencia - UPV Universitat Polit\u00e8cnica de Val\u00e8ncia","description":"Va defensar la seua tesi doctoral titulada \u201cAcoustic Noise Reduction Methods for the Launch Pad\u201d en col\u00b7laboraci\u00f3 amb l'Agencia Espacial Europea (ESA),","robots":{"index":"index","follow":"follow","max-snippet":"max-snippet:-1","max-image-preview":"max-image-preview:large","max-video-preview":"max-video-preview:-1"},"canonical":"https:\/\/cienciagandia.webs.upv.es\/ca\/2020\/06\/ivan-herrero-defensa-la-seua-tesi-doctoral-en-linia-durant-el-periode-de-confinament\/","og_locale":"en_US","og_type":"article","og_title":"Iv\u00e1n Herrero defensa la seua tesi doctoral en l\u00ednia durant el per\u00edode de confinament - Campus de Gandia Ciencia - UPV Universitat Polit\u00e8cnica de Val\u00e8ncia","og_description":"Va defensar la seua tesi doctoral titulada \u201cAcoustic Noise Reduction Methods for the Launch Pad\u201d en col\u00b7laboraci\u00f3 amb l'Agencia Espacial Europea (ESA),","og_url":"https:\/\/cienciagandia.webs.upv.es\/ca\/2020\/06\/ivan-herrero-defensa-la-seua-tesi-doctoral-en-linia-durant-el-periode-de-confinament\/","og_site_name":"Campus de Gandia Ciencia - UPV Universitat Polit\u00e8cnica de Val\u00e8ncia","article_publisher":"https:\/\/www.facebook.com\/UPVCampusGandia","article_published_time":"2020-06-09T17:03:05+00:00","article_modified_time":"2020-06-09T17:03:18+00:00","og_image":[{"width":1400,"height":550,"url":"https:\/\/cienciagandia.webs.upv.es\/wp-content\/uploads\/2020\/06\/IMG-IVANHERRERO.webp","type":"image\/jpeg"}],"author":"JP","twitter_card":"summary_large_image","twitter_creator":"@UPVCampusGandia","twitter_site":"@UPVCampusGandia","twitter_misc":{"Written by":"JP","Est. reading time":"3 minutes"},"schema":{"@context":"https:\/\/schema.org","@graph":[{"@type":"Article","@id":"https:\/\/cienciagandia.webs.upv.es\/ca\/2020\/06\/ivan-herrero-defensa-la-seua-tesi-doctoral-en-linia-durant-el-periode-de-confinament\/#article","isPartOf":{"@id":"https:\/\/cienciagandia.webs.upv.es\/ca\/2020\/06\/ivan-herrero-defensa-la-seua-tesi-doctoral-en-linia-durant-el-periode-de-confinament\/"},"author":{"name":"JP","@id":"https:\/\/cienciagandia.webs.upv.es\/#\/schema\/person\/e5839c7b014a8c81160e23dd3edd3f1f"},"headline":"Iv\u00e1n Herrero defensa la seua tesi doctoral en l\u00ednia durant el per\u00edode de confinament","datePublished":"2020-06-09T17:03:05+00:00","dateModified":"2020-06-09T17:03:18+00:00","mainEntityOfPage":{"@id":"https:\/\/cienciagandia.webs.upv.es\/ca\/2020\/06\/ivan-herrero-defensa-la-seua-tesi-doctoral-en-linia-durant-el-periode-de-confinament\/"},"wordCount":561,"commentCount":0,"publisher":{"@id":"https:\/\/cienciagandia.webs.upv.es\/#organization"},"image":{"@id":"https:\/\/cienciagandia.webs.upv.es\/ca\/2020\/06\/ivan-herrero-defensa-la-seua-tesi-doctoral-en-linia-durant-el-periode-de-confinament\/#primaryimage"},"thumbnailUrl":"https:\/\/cienciagandia.webs.upv.es\/wp-content\/uploads\/2020\/06\/IMG-IVANHERRERO.webp","articleSection":["Tecnologia"],"inLanguage":"ca-CA","potentialAction":[{"@type":"CommentAction","name":"Comment","target":["https:\/\/cienciagandia.webs.upv.es\/ca\/2020\/06\/ivan-herrero-defensa-la-seua-tesi-doctoral-en-linia-durant-el-periode-de-confinament\/#respond"]}]},{"@type":"WebPage","@id":"https:\/\/cienciagandia.webs.upv.es\/ca\/2020\/06\/ivan-herrero-defensa-la-seua-tesi-doctoral-en-linia-durant-el-periode-de-confinament\/","url":"https:\/\/cienciagandia.webs.upv.es\/ca\/2020\/06\/ivan-herrero-defensa-la-seua-tesi-doctoral-en-linia-durant-el-periode-de-confinament\/","name":"Iv\u00e1n Herrero defensa la seua tesi doctoral en l\u00ednia durant el per\u00edode de confinament - Campus de Gandia Ciencia - UPV Universitat Polit\u00e8cnica de Val\u00e8ncia","isPartOf":{"@id":"https:\/\/cienciagandia.webs.upv.es\/#website"},"primaryImageOfPage":{"@id":"https:\/\/cienciagandia.webs.upv.es\/ca\/2020\/06\/ivan-herrero-defensa-la-seua-tesi-doctoral-en-linia-durant-el-periode-de-confinament\/#primaryimage"},"image":{"@id":"https:\/\/cienciagandia.webs.upv.es\/ca\/2020\/06\/ivan-herrero-defensa-la-seua-tesi-doctoral-en-linia-durant-el-periode-de-confinament\/#primaryimage"},"thumbnailUrl":"https:\/\/cienciagandia.webs.upv.es\/wp-content\/uploads\/2020\/06\/IMG-IVANHERRERO.webp","datePublished":"2020-06-09T17:03:05+00:00","dateModified":"2020-06-09T17:03:18+00:00","description":"Va defensar la seua tesi doctoral titulada \u201cAcoustic Noise Reduction Methods for the Launch Pad\u201d en col\u00b7laboraci\u00f3 amb l'Agencia Espacial Europea (ESA),","breadcrumb":{"@id":"https:\/\/cienciagandia.webs.upv.es\/ca\/2020\/06\/ivan-herrero-defensa-la-seua-tesi-doctoral-en-linia-durant-el-periode-de-confinament\/#breadcrumb"},"inLanguage":"ca-CA","potentialAction":[{"@type":"ReadAction","target":["https:\/\/cienciagandia.webs.upv.es\/ca\/2020\/06\/ivan-herrero-defensa-la-seua-tesi-doctoral-en-linia-durant-el-periode-de-confinament\/"]}]},{"@type":"ImageObject","inLanguage":"ca-CA","@id":"https:\/\/cienciagandia.webs.upv.es\/ca\/2020\/06\/ivan-herrero-defensa-la-seua-tesi-doctoral-en-linia-durant-el-periode-de-confinament\/#primaryimage","url":"https:\/\/cienciagandia.webs.upv.es\/wp-content\/uploads\/2020\/06\/IMG-IVANHERRERO.webp","contentUrl":"https:\/\/cienciagandia.webs.upv.es\/wp-content\/uploads\/2020\/06\/IMG-IVANHERRERO.webp","width":1400,"height":550},{"@type":"BreadcrumbList","@id":"https:\/\/cienciagandia.webs.upv.es\/ca\/2020\/06\/ivan-herrero-defensa-la-seua-tesi-doctoral-en-linia-durant-el-periode-de-confinament\/#breadcrumb","itemListElement":[{"@type":"ListItem","position":1,"name":"Portada","item":"https:\/\/cienciagandia.webs.upv.es\/ca\/"},{"@type":"ListItem","position":2,"name":"Iv\u00e1n Herrero defensa la seua tesi doctoral en l\u00ednia durant el per\u00edode de confinament"}]},{"@type":"WebSite","@id":"https:\/\/cienciagandia.webs.upv.es\/#website","url":"https:\/\/cienciagandia.webs.upv.es\/","name":"Blog de Ciencia del Campus de Gandia de la Universitat Polit\u00e8cnica de Val\u00e8ncia UPV","description":"Campus de Gandia Ciencia UPV","publisher":{"@id":"https:\/\/cienciagandia.webs.upv.es\/#organization"},"potentialAction":[{"@type":"SearchAction","target":{"@type":"EntryPoint","urlTemplate":"https:\/\/cienciagandia.webs.upv.es\/?s={search_term_string}"},"query-input":{"@type":"PropertyValueSpecification","valueRequired":true,"valueName":"search_term_string"}}],"inLanguage":"ca-CA"},{"@type":"Organization","@id":"https:\/\/cienciagandia.webs.upv.es\/#organization","name":"Campus de Gandia de la Universitat Polit\u00e8cnica de Val\u00e8ncia UPV","alternateName":"Campus de Gandia UPV","url":"https:\/\/cienciagandia.webs.upv.es\/","logo":{"@type":"ImageObject","inLanguage":"ca-CA","@id":"https:\/\/cienciagandia.webs.upv.es\/#\/schema\/logo\/image\/","url":"https:\/\/cienciagandia.webs.upv.es\/wp-content\/uploads\/2023\/10\/UPV-Gandia.jpg","contentUrl":"https:\/\/cienciagandia.webs.upv.es\/wp-content\/uploads\/2023\/10\/UPV-Gandia.jpg","width":770,"height":366,"caption":"Campus de Gandia de la Universitat Polit\u00e8cnica de Val\u00e8ncia UPV"},"image":{"@id":"https:\/\/cienciagandia.webs.upv.es\/#\/schema\/logo\/image\/"},"sameAs":["https:\/\/www.facebook.com\/UPVCampusGandia","https:\/\/x.com\/UPVCampusGandia","https:\/\/www.instagram.com\/upvcampusgandia\/","https:\/\/www.linkedin.com\/company\/upvcampusgandia\/"]},{"@type":"Person","@id":"https:\/\/cienciagandia.webs.upv.es\/#\/schema\/person\/e5839c7b014a8c81160e23dd3edd3f1f","name":"JP","image":{"@type":"ImageObject","inLanguage":"ca-CA","@id":"https:\/\/secure.gravatar.com\/avatar\/f87e7247614a01397c805dc94eb077aa2c295664f8e3d9aec750ceabd3bac8ac?s=96&d=mm&r=g","url":"https:\/\/secure.gravatar.com\/avatar\/f87e7247614a01397c805dc94eb077aa2c295664f8e3d9aec750ceabd3bac8ac?s=96&d=mm&r=g","contentUrl":"https:\/\/secure.gravatar.com\/avatar\/f87e7247614a01397c805dc94eb077aa2c295664f8e3d9aec750ceabd3bac8ac?s=96&d=mm&r=g","caption":"JP"},"url":"https:\/\/cienciagandia.webs.upv.es\/ca\/author\/jp\/"}]}},"_links":{"self":[{"href":"https:\/\/cienciagandia.webs.upv.es\/ca\/wp-json\/wp\/v2\/posts\/12292","targetHints":{"allow":["GET"]}}],"collection":[{"href":"https:\/\/cienciagandia.webs.upv.es\/ca\/wp-json\/wp\/v2\/posts"}],"about":[{"href":"https:\/\/cienciagandia.webs.upv.es\/ca\/wp-json\/wp\/v2\/types\/post"}],"author":[{"embeddable":true,"href":"https:\/\/cienciagandia.webs.upv.es\/ca\/wp-json\/wp\/v2\/users\/9"}],"replies":[{"embeddable":true,"href":"https:\/\/cienciagandia.webs.upv.es\/ca\/wp-json\/wp\/v2\/comments?post=12292"}],"version-history":[{"count":2,"href":"https:\/\/cienciagandia.webs.upv.es\/ca\/wp-json\/wp\/v2\/posts\/12292\/revisions"}],"predecessor-version":[{"id":12295,"href":"https:\/\/cienciagandia.webs.upv.es\/ca\/wp-json\/wp\/v2\/posts\/12292\/revisions\/12295"}],"wp:featuredmedia":[{"embeddable":true,"href":"https:\/\/cienciagandia.webs.upv.es\/ca\/wp-json\/wp\/v2\/media\/12270"}],"wp:attachment":[{"href":"https:\/\/cienciagandia.webs.upv.es\/ca\/wp-json\/wp\/v2\/media?parent=12292"}],"wp:term":[{"taxonomy":"category","embeddable":true,"href":"https:\/\/cienciagandia.webs.upv.es\/ca\/wp-json\/wp\/v2\/categories?post=12292"},{"taxonomy":"post_tag","embeddable":true,"href":"https:\/\/cienciagandia.webs.upv.es\/ca\/wp-json\/wp\/v2\/tags?post=12292"}],"curies":[{"name":"wp","href":"https:\/\/api.w.org\/{rel}","templated":true}]}}